{"id":2995,"date":"2020-04-11T09:00:00","date_gmt":"2020-04-11T07:00:00","guid":{"rendered":"https:\/\/eglise-catholique-valdorge.fr\/?p=2995"},"modified":"2020-12-15T10:29:49","modified_gmt":"2020-12-15T09:29:49","slug":"liturgie-familiale-du-jour-de-paques","status":"publish","type":"post","link":"https:\/\/eglise-catholique-valdorge.fr\/?p=2995","title":{"rendered":"Liturgie familiale du jour de P\u00e2ques"},"content":{"rendered":"\n<p><em><span style=\"color: #000000\">Parce que nous ne pouvons pas nous r\u00e9unir en ces jours o\u00f9 nous sommes confin\u00e9s et ne pouvons pas nous rassembler pour c\u00e9l\u00e9brer la r\u00e9surrection de Notre Seigneur, voici une proposition pour c\u00e9l\u00e9brer \u00e0 la maison, seul ou en famille, n&rsquo;h\u00e9sitez pas \u00e0 l&rsquo;adapter.<br \/><\/span><\/em><em><span style=\"color: #000000\">Commen\u00e7ons par pr\u00e9parer l&rsquo;endroit o\u00f9 nous allons prier. En ce dimanche de la R\u00e9surrection, nous mettre devant une croix, et ou, devant une ic\u00f4ne de la r\u00e9surrection, avec la bible ou le nouveau Testament ouvert sur l\u2019\u00e9vangile du jour, avec une bougie, quelques fleurs&#8230;\u00a0<br \/><\/span><\/em><em><span style=\"color: #000000\">S&rsquo;il y a des chanteurs et des musiciens \u00e0 la maison, ils peuvent participer en pr\u00e9parant un chant ou deux.<\/span><\/em><\/p>\n<p><span style=\"color: #cc0000\">Les indications sur comment faire ou qui doit faire sont en rouge.<br \/><\/span><span style=\"color: #cc0000\">Si vous \u00eates plusieurs, vous d\u00e9signez celui ou celle qui va guider la pri\u00e8re (d\u00e9sign\u00e9 ensuite par G), par exemple, le p\u00e8re ou la m\u00e8re de famille ou le(la) plus ancien(ne)<\/span><\/p>\n<p><img loading=\"lazy\" decoding=\"async\" class=\"alignleft wp-image-3003\" src=\"https:\/\/eglise-catholique-valdorge.fr\/wp-content\/uploads\/2020\/04\/cloche-JMV-200x300.jpg\" alt=\"\" width=\"60\" height=\"90\" srcset=\"https:\/\/eglise-catholique-valdorge.fr\/wp-content\/uploads\/2020\/04\/cloche-JMV-200x300.jpg 200w, https:\/\/eglise-catholique-valdorge.fr\/wp-content\/uploads\/2020\/04\/cloche-JMV-683x1024.jpg 683w, https:\/\/eglise-catholique-valdorge.fr\/wp-content\/uploads\/2020\/04\/cloche-JMV-768x1152.jpg 768w, https:\/\/eglise-catholique-valdorge.fr\/wp-content\/uploads\/2020\/04\/cloche-JMV-1024x1536.jpg 1024w, https:\/\/eglise-catholique-valdorge.fr\/wp-content\/uploads\/2020\/04\/cloche-JMV-1365x2048.jpg 1365w, https:\/\/eglise-catholique-valdorge.fr\/wp-content\/uploads\/2020\/04\/cloche-JMV-scaled.jpg 1707w\" sizes=\"(max-width: 60px) 100vw, 60px\" \/>A P\u00e2ques la tradition populaire dit que les cloches reviennent de Rome. Si dans la maison il y a des cloches ou clochettes, les plus jeunes pourront les sonner juste avant le d\u00e9but de la pri\u00e8re. A d\u00e9faut, vous pouvez \u00e9couter ces cloches :<\/p>\n<!--[if lt IE 9]><script>document.createElement('audio');<\/script><![endif]-->\n<audio class=\"wp-audio-shortcode\" id=\"audio-2995-1\" preload=\"none\" style=\"width: 100%;\" controls=\"controls\"><source type=\"audio\/mpeg\" src=\"https:\/\/eglise-catholique-valdorge.fr\/wp-content\/uploads\/2020\/03\/paris-notre-dame-02.mp3?_=1\" \/><a href=\"https:\/\/eglise-catholique-valdorge.fr\/wp-content\/uploads\/2020\/03\/paris-notre-dame-02.mp3\">https:\/\/eglise-catholique-valdorge.fr\/wp-content\/uploads\/2020\/03\/paris-notre-dame-02.mp3<\/a><\/audio>\n<p>On peut prendre un chant connu, le chanter ou l\u2019\u00e9couter<\/p>\n<ul>\n<li><span style=\"color: #3366ff\">\u266a Il est ressuscit\u00e9<\/span> <a href=\"https:\/\/www.youtube.com\/watch?v=zaYiqdWrKWA\">https:\/\/www.youtube.com\/watch?v=zaYiqdWrKWA<\/a><\/li>\n<li><span style=\"color: #3366ff\">\u266a Quand il disait \u00e0 ses amis<\/span> <a href=\"https:\/\/www.youtube.com\/watch?v=EPYHoGnGgIg\">https:\/\/www.youtube.com\/watch?v=EPYHoGnGgIg<\/a><\/li>\n<li><span style=\"color: #3366ff\">\u266a Il est vraiment ressuscit\u00e9<\/span> <a href=\"https:\/\/www.youtube.com\/watch?v=u-q4KwE1VxY\">https:\/\/www.youtube.com\/watch?v=u-q4KwE1VxY<\/a><\/li>\n<li><span style=\"font-size: 14px\">ou tout autre chant de P\u00e2ques plus connu.<\/span><\/li>\n<\/ul>\n<h4 class=\"western\"><span style=\"background-color: #ccffff\"><a style=\"background-color: #ccffff\" href=\"https:\/\/www.aelf.org\/2020-04-12\/romain\/messe#messe2_lecture1\" target=\"_blank\" rel=\"noopener noreferrer\">LECTURES du jour\u00a0<\/a><\/span><\/h4>\n<p>En cliquant sur le lien ci-dessus (Lectures) vous acc\u00e9derez \u00e0 l&rsquo;int\u00e9gralit\u00e9 des textes du dimanche de la R\u00e9surrection\u00a0:<\/p>\n<ul>\n<li>Lecture du livre des Actes des Ap\u00f4tres (Ac 10, 34a.37-43)<\/li>\n<li>Psaume 117 (118), 1.2, 16-17, 22-23\u00a0: <span style=\"color: #3366ff\">\u266a Voici le jour que fit le Seigneur, qu\u2019il soit pour nous jour de f\u00eate et de joie !<\/span><\/li>\n<li>Lecture de la lettre de saint Paul ap\u00f4tre aux Colossiens (Col 3, 1-4) ou<\/li>\n<li>Lecture de la premi\u00e8re lettre de saint Paul ap\u00f4tre aux Corinthiens (1 Co 5, 6b-8)<\/li>\n<li>S\u00e9quence<\/li>\n<li>\u00c9vangile de J\u00e9sus Christ selon saint Jean (Jn 20, 1-9)<\/li>\n<\/ul>\n<h4 class=\"western\"><img loading=\"lazy\" decoding=\"async\" class=\"alignleft wp-image-3020\" src=\"https:\/\/eglise-catholique-valdorge.fr\/wp-content\/uploads\/2020\/04\/SRE-vitrail-220x300.jpg\" alt=\"\" width=\"300\" height=\"410\" srcset=\"https:\/\/eglise-catholique-valdorge.fr\/wp-content\/uploads\/2020\/04\/SRE-vitrail-220x300.jpg 220w, https:\/\/eglise-catholique-valdorge.fr\/wp-content\/uploads\/2020\/04\/SRE-vitrail-750x1024.jpg 750w, https:\/\/eglise-catholique-valdorge.fr\/wp-content\/uploads\/2020\/04\/SRE-vitrail-768x1049.jpg 768w, https:\/\/eglise-catholique-valdorge.fr\/wp-content\/uploads\/2020\/04\/SRE-vitrail-1124x1536.jpg 1124w, https:\/\/eglise-catholique-valdorge.fr\/wp-content\/uploads\/2020\/04\/SRE-vitrail-1499x2048.jpg 1499w, https:\/\/eglise-catholique-valdorge.fr\/wp-content\/uploads\/2020\/04\/SRE-vitrail-scaled.jpg 1874w\" sizes=\"(max-width: 300px) 100vw, 300px\" \/>LITURGIE FAMILIALE<\/h4>\n<p align=\"LEFT\"><span style=\"font-size: small\"><b>Ouverture de la liturgie<\/b><\/span><\/p>\n<p><span style=\"color: #c00000\">Nous pouvons nous saluer les uns les autres<br \/><\/span><span style=\"color: #c00000\">L\u2019un disant\u00a0: <\/span><span style=\"color: #000000\">Christ est Ressuscit\u00e9,<\/span><br \/><span style=\"color: #c00000\">L\u2019autre r\u00e9pondant\u00a0:<\/span> <strong>Il est vraiment Ressuscit\u00e9<\/strong><\/p>\n<p align=\"LEFT\"><span style=\"color: #c00000\">G : <\/span><span style=\"color: #000000\">En union avec notre \u00e9v\u00eaque et les chr\u00e9tiens de notre dioc\u00e8se d\u2019\u00c9vry<\/span><br \/><span style=\"color: #000000\">nous faisons sur nous le signe de la Croix\u00a0: <\/span><br \/><span style=\"color: #000000\">AU NOM DU P\u00c8RE ET DU FILS ET DU SAINT ESPRIT. <\/span><br \/><span style=\"color: #000000\"><b>\u2013 AMEN<\/b><\/span><\/p>\n<p><span style=\"color: #000000\">B\u00e9ni soit, Dieu, notre P\u00e8re, qui nous rassemble et nous accueille en son Fils J\u00e9sus-Christ ressuscit\u00e9. Be\u0301nissons-le ensemble d\u2019une m\u00eame voix et d\u2019un m\u00eame c\u0153ur.<\/span><br \/><span style=\"color: #c00000\">Tous<\/span> : <span style=\"color: #000000\"><b>B\u00e9ni sois-tu n<\/b><b>otre Dieu, maintenant et toujours. <\/b><\/span><\/p>\n<p><span style=\"color: #c00000\">G :<\/span> <span style=\"color: #000000\">En communion avec tous les chr\u00e9tiens qui ne peuvent pas encore c\u00e9l\u00e9brer l\u2019Eucharistie en ce dimanche de P\u00e2ques, ainsi qu\u2019avec ceux d\u2019ici ou d\u2019ailleurs qui n\u2019ont pas de messe dominicale pour une raison ou une autre, et anim\u00e9s par le d\u00e9sir de se retrouver ensemble a\u0300 nouveau pour c\u00e9l\u00e9brer l\u2019Eucharistie, \u00e9levons notre c\u0153ur vers le Seigneur.<\/span><\/p>\n<p><span style=\"color: #c00000\">Pri\u00e8re d\u2019ouverture du dimanche de P\u00e2ques\u00a0:<\/span><\/p>\n<p><span style=\"color: #c00000\">G : <\/span><span style=\"color: #000000\">Aujourd&rsquo;hui, Dieu notre P\u00e8re, tu nous ouvres la vie \u00e9ternelle par la victoire de ton Fils sur la mort, et nous f\u00eatons sa r\u00e9surrection. Que ton Esprit fasse de nous des hommes nouveaux pour que nous ressuscitions avec le Christ dans la lumi\u00e8re de la vie. Lui qui r\u00e8gne avec toi et le Saint-Esprit maintenant et pour les si\u00e8cles des si\u00e8cles.<\/span><br \/><span style=\"color: #000000\">\u2013 <b>Amen<\/b><\/span><\/p>\n<p align=\"LEFT\"><span style=\"font-size: small\"><b>Liturgie de la Parole<\/b><\/span><\/p>\n<p><span style=\"color: #c00000\">Une personne introduit la lecture de l\u2019\u00c9vangile : <\/span><span style=\"color: #000000\">Dans chaque passage d\u2019\u00e9vangile nous entendons un r\u00e9cit qui nous parle de J\u00e9sus le Christ, la Parole vivante de Dieu faite chair. Il est lui la Parole de Dieu, il est la Lumi\u00e8re sur notre vie et la Nourriture pour notre route.<\/span><br \/><span style=\"color: #000000\">Viens Esprit-Saint ouvre nos c\u0153urs et notre intelligence et aide a\u0300 accueillir cette Parole pour qu\u2019elle porte en nous du bon fruit.<\/span><\/p>\n<p><span style=\"color: #c00000\">Le car\u00eame est termin\u00e9, on peut ici maintenant chanter, \u00e9couter un bel All\u00e9luia.<br \/><\/span><span style=\"color: #0563c1\"><span lang=\"zxx\"><u><a href=\"https:\/\/www.youtube.com\/watch?v=az4jBmvd3mc\">https:\/\/www.youtube.com\/watch?v=az4jBmvd3mc<\/a><br \/><\/u><\/span><\/span><span style=\"color: #0066ff\">\u266a <b>All\u00e9luia All\u00e9luia.\u00a0<\/b><\/span><br \/><span style=\"color: #000000\">Notre P\u00e2ques immol\u00e9e, c\u2019est le Christ\u00a0! Rassasions-nous dans la joie au festin du Seigneur.<\/span><br \/>\u266a <span style=\"color: #0066ff\"><b>All\u00e9luia All\u00e9luia.\u00a0<\/b><\/span>(1 Cor 5, 7-8)<\/p>\n<p align=\"LEFT\"><span style=\"color: #c00000\">L\u2019un d\u2019entre vous lit l\u2019\u00c9vangile lentement<br \/><\/span><span style=\"background-color: #ccffff\"><a style=\"background-color: #ccffff\" href=\"https:\/\/www.aelf.org\/2020-04-12\/romain\/messe#messe2_lecture6\" target=\"_blank\" rel=\"noopener noreferrer\">\u00c9vangile de J\u00e9sus Christ selon saint Jean (Jn 20, 1-9)<\/a>\u00a0<\/span><\/p>\n<p align=\"LEFT\"><span style=\"font-size: small\"><b><img loading=\"lazy\" decoding=\"async\" class=\"wp-image-3018 size-medium alignright\" src=\"https:\/\/eglise-catholique-valdorge.fr\/wp-content\/uploads\/2020\/04\/SLA-r\u00e9surrection-258x300.jpg\" alt=\"\" width=\"258\" height=\"300\" srcset=\"https:\/\/eglise-catholique-valdorge.fr\/wp-content\/uploads\/2020\/04\/SLA-r\u00e9surrection-258x300.jpg 258w, https:\/\/eglise-catholique-valdorge.fr\/wp-content\/uploads\/2020\/04\/SLA-r\u00e9surrection-879x1024.jpg 879w, https:\/\/eglise-catholique-valdorge.fr\/wp-content\/uploads\/2020\/04\/SLA-r\u00e9surrection-768x895.jpg 768w, https:\/\/eglise-catholique-valdorge.fr\/wp-content\/uploads\/2020\/04\/SLA-r\u00e9surrection-1319x1536.jpg 1319w, https:\/\/eglise-catholique-valdorge.fr\/wp-content\/uploads\/2020\/04\/SLA-r\u00e9surrection-1758x2048.jpg 1758w, https:\/\/eglise-catholique-valdorge.fr\/wp-content\/uploads\/2020\/04\/SLA-r\u00e9surrection-scaled.jpg 2198w\" sizes=\"(max-width: 258px) 100vw, 258px\" \/>Partage et M\u00e9ditation<\/b><\/span><\/p>\n<ul>\n<li>\n<p align=\"LEFT\"><span style=\"color: #cc0000\">S\u2019approprier l\u2019\u00e9vangile (pas seulement pour\/avec des plus jeunes)\u00a0: <\/span><span style=\"color: #cc0000\"><br \/><\/span><span style=\"color: #cc0000\">Je note sur une feuille \u00e0 part le nom des personnages, les \u00e9l\u00e9ments de temps, les \u00e9l\u00e9ments de lieu, les mouvements, les objets. <br \/>Quels sont les changements que j\u2019observe chez Pierre\u00a0? Qu\u2019a-t-il compris\u00a0? <\/span><\/p>\n<\/li>\n<\/ul>\n<ul>\n<li>\n<p align=\"LEFT\"><span style=\"color: #cc0000\">Une petite m\u00e9ditation<\/span><br \/><span style=\"color: #000000\">En ce matin de P\u00e2ques, l\u2019\u00e9vang\u00e9liste Jean vient de nous conduire au seuil du tombeau. Imaginons que nous sommes-l\u00e0 avec Marie-Madeleine, Pierre et Jean. \u00ab\u00a0Alors Pierre, que vois-tu \u00e0 l\u2019int\u00e9rieur du tombeau\u00a0? Il est l\u00e0\u00a0? Le Ma\u00eetre est-il l\u00e0\u00a0?\u00a0\u00bb Que peut-il bien voir, alors que le tombeau est si sombre\u00a0? Que se passe-t-il dans la t\u00eate de l\u2019ap\u00f4tre\u00a0? Il vit et il crut. Pierre constate que le tombeau est vide. Et comme en un \u00e9clair tout ce qu\u2019il a v\u00e9cu ces semaines pass\u00e9es devient limpide pour lui\u00a0: J\u00e9sus est vraiment le fils de Dieu. S\u2019il a vaincu l\u2019abominable crucifixion, s\u2019il a vaincu la mort alors il est Dieu\u00a0! C\u2019est cela le myst\u00e8re pascal\u00a0: la vie est plus forte que la mort.<\/span><\/p>\n<\/li>\n<\/ul>\n<p align=\"LEFT\"><span style=\"font-size: small\"><b>Prions<\/b><\/span><\/p>\n<p><span style=\"color: #cc0000\">Apr\u00e8s un temps de silence nous partageons des intentions de pri\u00e8re. (celles qui suivent ou d\u2019autres)\u00a0:<\/span><\/p>\n<p><span style=\"color: #c00000\">G : <\/span><span style=\"color: #000000\">\u00ab\u00a0Ils couraient tous les deux ensemble\u00a0\u00bb<\/span><br \/><span style=\"color: #000000\">En cette p\u00e9riode de pand\u00e9mie et en ce grand dimanche de P\u00e2ques nous ne pouvons toujours pas \u00eatre ensemble dans nos \u00e9glises et pour le repas familial. Cependant, nous gardons toujours le contact par les moyens modernes de communication ; <\/span><br \/><span style=\"color: #000000\">Nous te prions Seigneur pour tous les catholiques qui te c\u00e9l\u00e8brent aujourd&rsquo;hui, mais aussi pour tous ceux qui ne te connaissent pas encore et qui doutent de toi. Nous te prions Seigneur \u00e9claire nos t\u00e9n\u00e8bres d\u2019une lueur d\u2019esp\u00e9rance.<\/span><br \/><span style=\"color: #0066ff\">\u266a <\/span><span style=\"color: #0066ff\">Seigneur entends la pri\u00e8re qui monte de nos c\u0153urs.<\/span><\/p>\n<p><span style=\"color: #cc0000\">Chacun pourra ensuite poursuivre avec des intentions personnelles de pri\u00e8re.<br \/><\/span><span style=\"color: #0066ff\">\u266a\u00a0Seigneur entends la pri\u00e8re qui monte de nos c\u0153urs.<\/span><\/p>\n<p><span style=\"color: #c00000\"><b>G :<\/b><\/span> <span style=\"color: #000000\">Tu entends, Seigneur, les pri\u00e8res de ton peuple qui ne peut se rassembler aujourd&rsquo;hui, mais qui est uni par l&rsquo;esprit et le c\u0153ur ; exauces-les,<\/span><br \/><span style=\"color: #000000\">Pour qu&rsquo;au-del\u00e0 de nos peurs et de nos souffrances, nous trouvions dans la foi, les forces de courage, de s\u00e9r\u00e9nit\u00e9 et de fraternit\u00e9 pour les temps qui viennent,<\/span><br \/><span style=\"color: #000000\">Toi notre Dieu d&rsquo;amour et de paix, pr\u00e9sent en chacun de nous et dans nos fr\u00e8res en difficult\u00e9 de vie, maintenant et toujours.<\/span><br \/><span style=\"color: #000000\">\u2013 <b>Amen<\/b><\/span><\/p>\n<p><span style=\"color: #c00000\">G :<\/span><span style=\"color: #000000\"> Dieu nous communique son Esprit d\u2019unit\u00e9 et de communion. Nous pouvons lui parler comme J\u00e9sus nous l\u2019a enseigne\u0301 :<\/span><\/p>\n<p align=\"CENTER\"><span style=\"color: #000000\"><b><span style=\"color: #000000\">N<\/span>otre P\u00e8re, qui es aux cieux,<br \/>que ton nom soit sanctifie\u0301,<br \/>que ton r\u00e8gne vienne,<br \/>que ta volont\u00e9 soit faite sur la terre comme au ciel.<br \/><\/b><\/span><b style=\"color: #000000\">Donne-nous aujourd&rsquo;hui notre pain de ce jour. Pardonne-nous nos offenses,<br \/><\/b><b><\/b><span style=\"color: #000000\"><b>comme nous pardonnons aussi a\u0300 ceux qui nous ont offens\u00e9s.<br \/><\/b><\/span><b style=\"color: #000000\">Et ne nous laisse pas entrer en tentation<br \/><\/b><span style=\"color: #000000\"><b>mais de\u0301livre-nous du Mal.<br \/>Amen <\/b><\/span><\/p>\n<p><span style=\"color: #c00000\">L\u2019un d\u2019entre vous peut faire cette pri\u00e8re\u00a0: <\/span><span style=\"color: #000000\">D\u00e9livre-nous de tout mal Seigneur et donne la paix \u00e0 notre temps. Par ta mis\u00e9ricorde lib\u00e8re-nous du p\u00e9ch\u00e9, rassure-nous devant les \u00e9preuves en cette vie o\u00f9 nous esp\u00e9rons le bonheur que tu promets dans la venue de J\u00e9sus-Christ notre sauveur.<\/span><\/p>\n<p><span style=\"color: #c00000\">G invite ceux qui sont rassembl\u00e9s \u00e0 la maison \u00e0 s\u2019unir \u00e0 la pri\u00e8re de communion spirituelle :<br \/><\/span><span style=\"color: #000080\">Seigneur J\u00e9sus, je crois \u00e0 ta v\u00e9ritable pr\u00e9sence dans le pain et dans le vin consacr\u00e9.\u00a0<br \/>Je t&rsquo;aime toi le Seigneur de ma vie. <br \/>Je d\u00e9sire profond\u00e9ment r\u00e9pondre \u00e0 ton invitation, communier, te recevoir au plus intime de ma vie.<br \/>Je ne peux maintenant te recevoir sacramentellement. <br \/>Viens, Seigneur habiter spirituellement ma vie.<br \/>J&rsquo;ai faim de ton amour, j&rsquo;ai faim de ta vie donn\u00e9e pour nourrir toute ma vie. <br \/>Au jour le jour, que j&rsquo;apprenne de toi \u00e0 donner ma vie, \u00e0 aimer.<br \/>Oui, que je demeure fid\u00e8le \u00e0 ton commandement et que jamais je ne sois s\u00e9par\u00e9 de toi.<br \/><b>\u2013 Amen<\/b><\/span><\/p>\n<p><span style=\"color: #c00000\">Suit un bon moment de silence, de communion spirituelle. Pendant ce temps de silence, notre regard peut se poser davantage sur la croix, l\u2019ic\u00f4ne, la Parole de Dieu\u2026 <\/span><\/p>\n<p><span style=\"color: #c00000\">Puis si possible prendre un chant.<\/span><\/p>\n<ul>\n<li><span style=\"color: #3366ff\">\u266a All\u00e9luia, Christ est vivant :<\/span> <span style=\"color: #0563c1\"><span lang=\"zxx\"><u><a href=\"https:\/\/www.youtube.com\/watch?v=JyK2KXvYuGo\">https:\/\/www.youtube.com\/watch?v=JyK2KXvYuGo<\/a><\/u><\/span><\/span><\/li>\n<li><span style=\"color: #3366ff\">\u266a Criez de joie, Christ est ressuscit\u00e9\u00a0:<\/span> <span style=\"color: #0563c1\"><span lang=\"zxx\"><u><a href=\"https:\/\/www.youtube.com\/watch?v=dmBzcQb6RTM&amp;list=RDJyK2KXvYuGo&amp;index=14\">https:\/\/www.youtube.com\/watch?v=dmBzcQb6RTM&amp;list=RDJyK2KXvYuGo&amp;index=14<\/a><\/u><\/span><\/span><\/li>\n<li><span style=\"color: #3366ff\">\u266a Le Christ est vivant\u00a0! All\u00e9luia\u00a0:<\/span> <span style=\"color: #0563c1\"><span lang=\"zxx\"><u><a href=\"https:\/\/www.youtube.com\/watch?v=atdBY-doBkc\">https:\/\/www.youtube.com\/watch?v=atdBY-doBkc<\/a><\/u><\/span><\/span><\/li>\n<\/ul>\n<p><span style=\"color: #c00000\">Puis le ou la plus ancien(ne) b\u00e9nit l\u2019assembl\u00e9e : <\/span><\/p>\n<p align=\"CENTER\"><span style=\"color: #000000\">Que le Seigneur nous b\u00e9nisse et nous garde ! <br \/>Que le Seigneur tourne vers nous son visage, et qu\u2019il nous apporte la paix et la gu\u00e9rison. <\/span><\/p>\n<p align=\"CENTER\"><span style=\"color: #000000\">Marie aussi est t\u00e9moin de la r\u00e9surrection <br \/>nous pouvons la prier et lui demander de prier pour nous.<br \/>Le \u00ab\u00a0Regina Caeli\u00a0\u00bb, le \u00ab\u00a0Je vous salue Marie\u2026\u00a0\u00bb<\/span><\/p>\n<p align=\"CENTER\"><span style=\"color: #000000\"><b>Notre-Dame de Bonne Garde de Longpont\u00a0: <br \/>Priez pour nous, Veillez sur nous, Prot\u00e9gez-nous. Amen\u00a0! <\/b><\/span><\/p>\n<p><span style=\"color: #c00000\">On peut \u00e0 nouveau sonnez les clochettes<img loading=\"lazy\" decoding=\"async\" class=\"alignright wp-image-3004\" src=\"https:\/\/eglise-catholique-valdorge.fr\/wp-content\/uploads\/2020\/04\/cloche-SJA-scaled.jpg\" alt=\"\" width=\"60\" height=\"90\" srcset=\"https:\/\/eglise-catholique-valdorge.fr\/wp-content\/uploads\/2020\/04\/cloche-SJA-scaled.jpg 1707w, https:\/\/eglise-catholique-valdorge.fr\/wp-content\/uploads\/2020\/04\/cloche-SJA-200x300.jpg 200w, https:\/\/eglise-catholique-valdorge.fr\/wp-content\/uploads\/2020\/04\/cloche-SJA-683x1024.jpg 683w, https:\/\/eglise-catholique-valdorge.fr\/wp-content\/uploads\/2020\/04\/cloche-SJA-768x1152.jpg 768w, https:\/\/eglise-catholique-valdorge.fr\/wp-content\/uploads\/2020\/04\/cloche-SJA-1024x1536.jpg 1024w, https:\/\/eglise-catholique-valdorge.fr\/wp-content\/uploads\/2020\/04\/cloche-SJA-1365x2048.jpg 1365w\" sizes=\"(max-width: 60px) 100vw, 60px\" \/><\/span><\/p>\n<audio class=\"wp-audio-shortcode\" id=\"audio-2995-2\" preload=\"none\" style=\"width: 100%;\" controls=\"controls\"><source type=\"audio\/mpeg\" src=\"https:\/\/eglise-catholique-valdorge.fr\/wp-content\/uploads\/2020\/03\/paris-notre-dame-02.mp3?_=2\" \/><a href=\"https:\/\/eglise-catholique-valdorge.fr\/wp-content\/uploads\/2020\/03\/paris-notre-dame-02.mp3\">https:\/\/eglise-catholique-valdorge.fr\/wp-content\/uploads\/2020\/03\/paris-notre-dame-02.mp3<\/a><\/audio>\n<p><span style=\"color: #c00000\">Et se saluer comme au d\u00e9but de la c\u00e9l\u00e9bration<\/span><\/p>\n<p align=\"CENTER\"><span style=\"color: #000000\">Christ est ressuscit\u00e9 !<br \/><\/span><span style=\"color: #000000\"><b>Il est vraiment Ressuscit\u00e9 !<\/b><\/span><\/p>\n","protected":false},"excerpt":{"rendered":"","protected":false},"author":2,"featured_media":3015,"comment_status":"closed","ping_status":"open","sticky":false,"template":"","format":"standard","meta":{"kt_blocks_editor_width":"","footnotes":""},"categories":[25,7,30],"tags":[4,23,29],"_links":{"self":[{"href":"https:\/\/eglise-catholique-valdorge.fr\/index.php?rest_route=\/wp\/v2\/posts\/2995"}],"collection":[{"href":"https:\/\/eglise-catholique-valdorge.fr\/index.php?rest_route=\/wp\/v2\/posts"}],"about":[{"href":"https:\/\/eglise-catholique-valdorge.fr\/index.php?rest_route=\/wp\/v2\/types\/post"}],"author":[{"embeddable":true,"href":"https:\/\/eglise-catholique-valdorge.fr\/index.php?rest_route=\/wp\/v2\/users\/2"}],"replies":[{"embeddable":true,"href":"https:\/\/eglise-catholique-valdorge.fr\/index.php?rest_route=%2Fwp%2Fv2%2Fcomments&post=2995"}],"version-history":[{"count":9,"href":"https:\/\/eglise-catholique-valdorge.fr\/index.php?rest_route=\/wp\/v2\/posts\/2995\/revisions"}],"predecessor-version":[{"id":4143,"href":"https:\/\/eglise-catholique-valdorge.fr\/index.php?rest_route=\/wp\/v2\/posts\/2995\/revisions\/4143"}],"wp:featuredmedia":[{"embeddable":true,"href":"https:\/\/eglise-catholique-valdorge.fr\/index.php?rest_route=\/wp\/v2\/media\/3015"}],"wp:attachment":[{"href":"https:\/\/eglise-catholique-valdorge.fr\/index.php?rest_route=%2Fwp%2Fv2%2Fmedia&parent=2995"}],"wp:term":[{"taxonomy":"category","embeddable":true,"href":"https:\/\/eglise-catholique-valdorge.fr\/index.php?rest_route=%2Fwp%2Fv2%2Fcategories&post=2995"},{"taxonomy":"post_tag","embeddable":true,"href":"https:\/\/eglise-catholique-valdorge.fr\/index.php?rest_route=%2Fwp%2Fv2%2Ftags&post=2995"}],"curies":[{"name":"wp","href":"https:\/\/api.w.org\/{rel}","templated":true}]}}