{"id":3540,"date":"2020-05-19T16:28:05","date_gmt":"2020-05-19T14:28:05","guid":{"rendered":"https:\/\/eglise-catholique-valdorge.fr\/?p=3540"},"modified":"2020-12-15T10:29:15","modified_gmt":"2020-12-15T09:29:15","slug":"meditation-ascension-21-mai-2020","status":"publish","type":"post","link":"https:\/\/eglise-catholique-valdorge.fr\/?p=3540","title":{"rendered":"M\u00e9ditation \u2013 Ascension \u2013 21 mai 2020"},"content":{"rendered":"\n<div class=\"wp-block-file\"><a href=\"https:\/\/eglise-catholique-valdorge.fr\/wp-content\/uploads\/2020\/05\/M\u00e9ditation-Ascension-Olivier-MORAND.pdf\"><mark class=\"kt-highlight\">M\u00e9ditation du jeudi de l&rsquo;Ascension- P. Olivier MORAND<\/mark><\/a><a href=\"https:\/\/eglise-catholique-valdorge.fr\/wp-content\/uploads\/2020\/05\/M\u00e9ditation-Ascension-Olivier-MORAND.pdf\" class=\"wp-block-file__button\" download>T\u00e9l\u00e9charger<\/a><\/div>\n\n\n\n<p style=\"text-align: right\"><span style=\"font-family: Times New Roman, serif;font-size: 20px\">M\u00e9ditation \u2013 Ascension \u2013 21 mai 2020<\/span><\/p>\n<p style=\"text-align: justify\"><strong><span style=\"color: #000080;font-family: Times New Roman, serif;font-size: 20px\">\u00ab\u00a0<i>Et moi, je suis avec vous tous les jours jusqu&rsquo;\u00e0 la fin des temps<\/i><\/span><\/strong><span style=\"font-family: Times New Roman, serif;font-size: 20px\"> (Mat 28, 20). Voil\u00e0 les derni\u00e8res paroles de J\u00e9sus dans l&rsquo;Evangile de Mathieu. Celles que nous lisons ce Jeudi, le jour de la f\u00eate de l\u2019Ascension. <\/span><\/p>\n<p style=\"text-align: justify\"><strong><span style=\"color: #000080\"><span style=\"font-family: Times New Roman, serif;font-size: 20px\">\u00ab\u00a0<\/span><span style=\"font-family: Times New Roman, serif;font-size: 20px\"><i>Tous les jours\u00a0\u00bb <\/i><\/span><\/span><\/strong><span style=\"font-family: Times New Roman, serif;font-size: 20px\">\u2026 Par moment, nous pouvons avoir le sentiment qu\u2019Il nous a abandonn\u00e9s. Rien ne va comme il faut. Nous sommes inquiets, seuls, dans les difficult\u00e9s, ou sans r\u00e9sultats, marqu\u00e9s par la souffrance. Et il n\u2019y a pas de miracle. Pas ceux que nous attendons en tout cas. Les choses ne se r\u00e9solvent pas toutes seules. Alors, est-il vraiment avec nous\u00a0?<\/span><\/p>\n<p style=\"text-align: justify\"><span style=\"font-family: Times New Roman, serif;font-size: 20px\">Mais en fait \u00e7a veut dire quoi <strong><span style=\"color: #000080\">\u00ab\u00a0<\/span><\/strong><\/span><span style=\"font-family: Times New Roman, serif;font-size: 20px\"><i><strong><span style=\"color: #000080\">Avec vous, tous les jours\u00a0\u00bb\u00a0<\/span><\/strong>?<\/i><\/span><span style=\"font-family: Times New Roman, serif;font-size: 20px\"> Comment sont des parents en proximit\u00e9 de leurs enfants\u00a0: avec eux ou \u00e0 leur place\u00a0? Comment sont des amis en relation entre eux\u00a0: avec eux ou \u00e0 leur place\u00a0? Comment sont des professionnels ou des b\u00e9n\u00e9voles aupr\u00e8s de ceux vis-\u00e0-vis qui ils sont engag\u00e9s\u00a0: avec eux ou \u00e0 leur place\u00a0? Nous ne devons pas attendre de J\u00e9sus qu\u2019il soit \u00e0 notre place, qu\u2019il pilote la vie et le monde en notre nom. Mais en revanche, il ne faut jamais oublier ce qu\u2019il nous promet, \u00e0 son dernier moment :<strong> <span style=\"color: #000080\">\u00ab\u00a0<\/span><\/strong><\/span><strong><span style=\"color: #000080\"><span style=\"font-family: Times New Roman, serif;font-size: 20px\"><i>Je suis<\/i><\/span> <span style=\"font-family: Times New Roman, serif;font-size: 20px\"><i>avec vous tous les jours<\/i><\/span><\/span><\/strong><span style=\"font-family: Times New Roman, serif;font-size: 20px\"><strong><span style=\"color: #000080\">\u00a0\u00bb<\/span><\/strong>. Quoi qu\u2019il arrive dans nos vies. Et nous avons besoin les uns des autres pour en faire l\u2019exp\u00e9rience. Et J\u00e9sus ne parle pas au futur, mais au pr\u00e9sent. Dans toutes les situations de nos vies, les bonnes et les plus difficiles, nous pouvons nous appuyer sur Lui, parce qu\u2019Il est avec nous tous les jours. A nous de l\u2019accueillir\u2026<\/span><\/p>\n<p style=\"text-align: justify\"><span style=\"font-family: Times New Roman, serif;font-size: 20px\">Mais aussi, \u00e0 nous de suivre son chemin, Lui qui est <strong><span style=\"color: #000080\">\u00ab\u00a0<\/span><\/strong><\/span><strong><span style=\"font-family: 'Times New Roman', serif;color: #000080;font-size: 20px\"><i>le chemin, la v\u00e9rit\u00e9 et la vie.<\/i><\/span><\/strong><span style=\"font-family: Times New Roman, serif;font-size: 20px\"><strong><span style=\"color: #000080\">\u00a0\u00bb<\/span><\/strong> (Jean 14, 6). A nous d\u2019habiter dans ce monde. Au pr\u00e9sent. <\/span><\/p>\n<p style=\"text-align: justify\"><span style=\"font-family: Times New Roman, serif;font-size: 20px\">Son P\u00e8re <strong><span style=\"color: #000080\">\u00ab\u00a0<\/span><\/strong><\/span><strong><span style=\"font-family: 'Times New Roman', serif;color: #000080;font-size: 20px\"><i>a tout mis sous ses pieds et, le pla\u00e7ant plus haut que tout, il a fait de lui la t\u00eate de l\u2019Eglise, qui est son corps, et l\u2019Eglise, c\u2019est l\u2019accomplissement total du Christ, lui que Dieu comble totalement de sa pl\u00e9nitud<\/i><\/span><\/strong><span style=\"font-family: Times New Roman, serif;font-size: 20px\"><strong><span style=\"color: #000080\">e\u00a0\u00bb<\/span> <\/strong>(Eph 1, 17-23). Donc J\u00e9sus n\u2019est pas en position de domination, mais de dynamisation, comme la t\u00eate pour le corps. Echo \u00e0 sa promesse :\u00a0<\/span><span style=\"color: #000080\"><strong><span style=\"font-family: Times New Roman, serif;font-size: 20px\">\u00ab\u00a0<\/span><span style=\"font-family: Times New Roman, serif;font-size: 20px\"><i>Je suis avec vous tous les jours\u00a0<\/i><\/span><span style=\"font-family: Times New Roman, serif;font-size: 20px\">\u00bb<\/span><\/strong><\/span><strong><span style=\"font-family: 'Times New Roman', serif;color: #000080;font-size: 20px\"><i>.<\/i><\/span><\/strong><\/p>\n<p style=\"text-align: justify\"><span style=\"font-family: Times New Roman, serif;font-size: 20px\">C\u2019est notre service, depuis le jour de l\u2019Ascension, de donner corps aujourd&rsquo;hui, ici, au pr\u00e9sent, \u00e0 <span style=\"color: #000080\"><strong>\u00ab <\/strong><\/span><\/span><span style=\"color: #000080\"><strong><span style=\"font-family: Times New Roman, serif;font-size: 20px\"><i>l\u2019accomplissement<\/i><\/span><span style=\"font-family: Times New Roman, serif;font-size: 20px\">\u00a0<\/span><span style=\"font-family: Times New Roman, serif;font-size: 20px\"><i>total <\/i><\/span><\/strong><\/span><span style=\"font-family: Times New Roman, serif;font-size: 20px\"><span style=\"color: #000080\"><strong>\u00bb<\/strong><\/span> de cette proximit\u00e9. Pas pour \u00eatre \u00e0 la place, mais pour \u00eatre avec. Toujours, partout, avec tout le monde. Sans exception\u00a0! Comme J\u00e9sus. C\u2019est \u00e7a vivre notre bapt\u00eame. C\u2019est \u00e7a vivre habit\u00e9 par l\u2019Esprit Saint, l\u2019Esprit du Christ donn\u00e9 par son P\u00e8re.<\/span><\/p>\n<p style=\"text-align: justify\"><span style=\"font-family: Times New Roman, serif;font-size: 20px\">C\u2019est d\u00e9j\u00e0 cela que Pierre raconte, au tout d\u00e9but du livres des actes des Ap\u00f4tres. A J\u00e9rusalem, dans les jours qui suivent la passion, d\u00e9j\u00e0 cette promesse que J\u00e9sus leur fait\u00a0:<strong><span style=\"color: #000080\">\u00a0\u00ab\u00a0<\/span><\/strong><\/span><strong><span style=\"font-family: 'Times New Roman', serif;color: #000080;font-size: 20px\"><i>Vous, c\u2019est dans l\u2019Esprit Saint que vous serez baptis\u00e9s d\u2019ici peu de jours\u2026 Vous allez recevoir une force quand l\u2019Esprit Saint viendra sur vous\u00a0; vous serez alors mes t\u00e9moins \u00e0 J\u00e9rusalem, dans toute la Jud\u00e9e et la Samarie, et jusqu\u2019aux extr\u00e9mit\u00e9s de la terre\u00a0\u00bb<\/i><\/span><\/strong><span style=\"font-family: Times New Roman, serif;font-size: 20px\"> (Actes 1, 1-11).<\/span><\/p>\n<p style=\"text-align: justify\"><span style=\"font-family: Times New Roman, serif;font-size: 20px\">En Essonne, dans le Val d\u2019Orge, et ailleurs donc \u2026<strong> <span style=\"color: #000080\">\u00ab\u00a0<\/span><\/strong><\/span><strong><span style=\"font-family: 'Times New Roman', serif;color: #000080;font-size: 20px\"><i>Tous les jours<\/i><\/span><\/strong><span style=\"font-family: Times New Roman, serif;font-size: 20px\"><strong><span style=\"color: #000080\">\u00a0\u00bb<\/span><\/strong>. Nous sommes, \u00e0 notre tour, l\u00e0 o\u00f9 nous vivons, invit\u00e9s \u00e0 \u00eatre avec ceux au milieu de qui nous vivons, comme J\u00e9sus. \u00catre avec eux. Pas \u00e0 leur place. \u00catre leurs appuis, pas leurs commandants ou leurs magiciens. \u00catre leurs amis, \u00e0 cause de J\u00e9sus, <strong><span style=\"color: #000080\">\u00ab\u00a0<\/span><\/strong><\/span><strong><span style=\"font-family: 'Times New Roman', serif;color: #000080;font-size: 20px\"><i>tous les jours\u00a0\u00bb<\/i><\/span><\/strong><span style=\"font-family: Times New Roman, serif;font-size: 20px\">, et quoi qu\u2019il arrive.<\/span><\/p>\n<p style=\"text-align: justify\"><span style=\"font-family: Times New Roman, serif;font-size: 20px\">C\u2019est clair, il y a, tous les jours, du chemin \u00e0 faire, pour chacun\u2026<\/span><\/p>\n<p style=\"text-align: justify\"><span style=\"font-family: Times New Roman, serif;font-size: 20px\">Mais il nous faut aussi ne pas oublier de remercier le Seigneur pour ceux et celles qui sont pour nous aujourd&rsquo;hui cette pr\u00e9sence, cet appui, ce pardon, cette confiance. Qui nous permettent d\u2019en faire concr\u00e8tement l\u2019exp\u00e9rience. Qui donnent pour nous un visage \u00e0 ce que c\u2019est qu\u2019aimer, et donc \u00e0 J\u00e9sus. Et qui, peut-\u00eatre, nous rendent capables d\u2019en faire ce cadeau, \u00e0 cause de J\u00e9sus, \u00e0 d\u2019autres. Et plus encore dans ces temps troubl\u00e9s.<\/span><\/p>\n<p style=\"text-align: right;font-size: 20px\">Olivier Morand<\/p>\n","protected":false},"excerpt":{"rendered":"","protected":false},"author":2,"featured_media":0,"comment_status":"closed","ping_status":"closed","sticky":false,"template":"","format":"standard","meta":{"kt_blocks_editor_width":"","footnotes":""},"categories":[25,7],"tags":[4,23,34],"_links":{"self":[{"href":"https:\/\/eglise-catholique-valdorge.fr\/index.php?rest_route=\/wp\/v2\/posts\/3540"}],"collection":[{"href":"https:\/\/eglise-catholique-valdorge.fr\/index.php?rest_route=\/wp\/v2\/posts"}],"about":[{"href":"https:\/\/eglise-catholique-valdorge.fr\/index.php?rest_route=\/wp\/v2\/types\/post"}],"author":[{"embeddable":true,"href":"https:\/\/eglise-catholique-valdorge.fr\/index.php?rest_route=\/wp\/v2\/users\/2"}],"replies":[{"embeddable":true,"href":"https:\/\/eglise-catholique-valdorge.fr\/index.php?rest_route=%2Fwp%2Fv2%2Fcomments&post=3540"}],"version-history":[{"count":9,"href":"https:\/\/eglise-catholique-valdorge.fr\/index.php?rest_route=\/wp\/v2\/posts\/3540\/revisions"}],"predecessor-version":[{"id":4138,"href":"https:\/\/eglise-catholique-valdorge.fr\/index.php?rest_route=\/wp\/v2\/posts\/3540\/revisions\/4138"}],"wp:attachment":[{"href":"https:\/\/eglise-catholique-valdorge.fr\/index.php?rest_route=%2Fwp%2Fv2%2Fmedia&parent=3540"}],"wp:term":[{"taxonomy":"category","embeddable":true,"href":"https:\/\/eglise-catholique-valdorge.fr\/index.php?rest_route=%2Fwp%2Fv2%2Fcategories&post=3540"},{"taxonomy":"post_tag","embeddable":true,"href":"https:\/\/eglise-catholique-valdorge.fr\/index.php?rest_route=%2Fwp%2Fv2%2Ftags&post=3540"}],"curies":[{"name":"wp","href":"https:\/\/api.w.org\/{rel}","templated":true}]}}