{"id":3671,"date":"2020-06-13T08:00:28","date_gmt":"2020-06-13T06:00:28","guid":{"rendered":"https:\/\/eglise-catholique-valdorge.fr\/?p=3671"},"modified":"2020-12-15T10:28:36","modified_gmt":"2020-12-15T09:28:36","slug":"liturgie-familiale-de-la-fete-du-corps-et-du-sang-du-christ-14-juin-2020-secteur-du-val-dor","status":"publish","type":"post","link":"https:\/\/eglise-catholique-valdorge.fr\/?p=3671","title":{"rendered":"Liturgie familiale de la F\u00caTE du CORPS et du SANG du CHRIST &#8211; 14 juin 2020 &#8211; Secteur du Val d&rsquo;Or"},"content":{"rendered":"\n<h4 class=\"western\">Pr\u00e9paration<\/h4>\n<p>Parce que nous ne pouvons pas encore nous r\u00e9unir en ces jours pour partager le repas du Seigneur, voici une proposition pour c\u00e9l\u00e9brer \u00e0 la maison, seul ou en famille, n&rsquo;h\u00e9sitez pas \u00e0 l&rsquo;adapter.<br \/><i>Commen\u00e7ons par pr\u00e9parer l&rsquo;endroit o\u00f9 nous allons prier : la Bible ou le Nouveau Testament ouvert sur l&rsquo;\u00c9vangile du jour, quelques fleurs, un lumignon, &#8230; <br \/>S&rsquo;il y a des chanteurs et des musiciens \u00e0 la maison, ils peuvent participer en pr\u00e9parant un chant ou deux.<br \/><\/i>Si vous \u00eates plusieurs, vous d\u00e9signez celui ou celle qui va guider la pri\u00e8re (d\u00e9sign\u00e9 ensuite par G),par exemple, le p\u00e8re ou la m\u00e8re de famille ou le(la) plus ancien(ne).\u00a0<span style=\"color: #cc0000\"><span style=\"font-family: Times New Roman, serif\"><span style=\"font-size: small\">Les indications sur comment faire ou qui doit faire sont en rouge.\u00a0<\/span><\/span><\/span><b>En gras<\/b> figurent les textes \u00e0 dire par tout le monde. Les liens apparaissent en surlign\u00e9s.<span style=\"color: #0084d1\"> Les chants sont indiqu\u00e9s par une petite note de musique\u00a0: \u266a<\/span><\/p>\n<h4 class=\"western\">Chants propos\u00e9s<\/h4>\n<ul>\n<li><span style=\"color: #0084d1\">\u266a C&rsquo;est toi, Seigneur, qui nous as choisis &#8211; A 128<\/span><\/li>\n<li><span style=\"color: #0084d1\">\u266a Chantez, priez, c\u00e9l\u00e9brez le Seigneur &#8211; EDIT400 \/A40-73<\/span><\/li>\n<li><span style=\"color: #0084d1\">\u266a Dieu nous a tous appel\u00e9s (Nous sommes le corps du Christ) &#8211; KD14-56-1\/A14-56-1<\/span><\/li>\n<li><span style=\"color: #0084d1\">\u266a Pain pour l&rsquo;homme (Je suis le pain vivant) -D15-31<\/span><\/li>\n<li><span style=\"color: #0084d1\">\u266a <span style=\"background-color: #ccffff\"><a style=\"background-color: #ccffff\" href=\"https:\/\/youtu.be\/s-_45hjQ0P8\" target=\"_blank\" rel=\"noopener noreferrer\">Je vous ai choisis<\/a><\/span> \u00a0DEV44-63\/IEV 14-16<\/span><\/li>\n<li><span style=\"color: #0084d1\">\u266a <span style=\"background-color: #ccffff\"><a style=\"background-color: #ccffff\" href=\"https:\/\/youtu.be\/xX2m2WK5OuM\" target=\"_blank\" rel=\"noopener noreferrer\">Nous recevons le m\u00eame pain<\/a><\/span> \u2013 D59-14\u00a0<\/span><\/li>\n<li><span style=\"color: #0084d1\">\u266a <span style=\"background-color: #ccffff\"><a style=\"background-color: #ccffff\" href=\"https:\/\/youtu.be\/s1J2HZENbho\" target=\"_blank\" rel=\"noopener noreferrer\">Demeurez en mon amour<\/a>\u00a0<\/span><\/span><\/li>\n<\/ul>\n<h4 class=\"western\">Liturgie familiale<\/h4>\n<h5 class=\"western\">Ouverture de la liturgie<\/h5>\n<p><span style=\"color: #cc0000\"><span style=\"font-family: Times New Roman, serif\"><span style=\"font-size: small\">G\u00a0: <\/span><\/span><\/span><span style=\"color: #000000\">\u00ab\u00a0Le pain que nous rompons est communion au Corps du Christ\u00a0\u00bb nous dit l&rsquo;ap\u00f4tre Paul dans sa lettre aux Corinthiens. Nous sommes en communion avec ceux qui partagent ce pain , nous pouvons continuer \u00e0 ressentir la faim de cette communion. R\u00e9unis autour de J\u00e9sus Fils de Dieu, nous sommes appel\u00e9s \u00e0 ne faire qu&rsquo;un seul c\u0153ur, ouvert \u00e0 l&rsquo;amour de tous, gr\u00e2ce \u00e0 la vie que nous donne le Seigneur.<\/span><\/p>\n<p align=\"CENTER\"><span style=\"color: #cc0000\"><span style=\"font-family: Times New Roman, serif\"><span style=\"font-size: small\">Au moment de faire sur nous le signe de croix, prenons le temps de \u00ab\u00a0bien\u00a0\u00bb le faire :<br \/><\/span><\/span><\/span><span style=\"font-size: small;font-family: 'Times New Roman', serif;color: #cc0000\">ce signe tout entier, nous enveloppe, nous marque du signe de la r\u00e9demption,<br \/><\/span><span style=\"color: #cc0000\"><span style=\"font-family: Times New Roman, serif\"><span style=\"font-size: small\">est signe de l&rsquo;amour et de la mis\u00e9ricorde.<br \/><\/span><\/span><\/span><span style=\"color: #cc0000\"><span style=\"font-family: Times New Roman, serif\"><span style=\"font-size: small\">Il marque la pr\u00e9sence de Dieu parmi nous et nous rappelle que, par le Christ, nous sommes tous fr\u00e8res.<\/span><\/span><\/span><\/p>\n<p><span style=\"color: #cc0000\"><span style=\"font-family: Times New Roman, serif\"><span style=\"font-size: small\">G\u00a0: <\/span><\/span><\/span><span style=\"color: #000000\">En union avec notre \u00e9v\u00eaque et les chr\u00e9tiens de notre secteur, de notre dioc\u00e8se et du monde entier, tra\u00e7ons sur nous le signe de la Croix\u00a0:<\/span><\/p>\n<p align=\"CENTER\"><span style=\"color: #000000\">AU NOM DU P\u00c8RE ET DU FILS ET DU SAINT ESPRIT. <b>AMEN<\/b><\/span><\/p>\n<p><span style=\"color: #cc0000\"><span style=\"font-family: Times New Roman, serif\"><span style=\"font-size: small\">G\u00a0:<\/span><\/span><\/span> <span style=\"color: #000000\">Que Dieu notre P\u00e8re, qui a donn\u00e9 la manne \u00e0 nos p\u00e8res au d\u00e9sert et que J\u00e9sus Christ, notre Seigneur, vrai Pain de Vie, nous donnent la gr\u00e2ce et la paix.<br \/><\/span><span style=\"color: #cc0000\"><span style=\"font-family: Times New Roman, serif\"><span style=\"font-size: small\">Tous\u00a0: <\/span><\/span><\/span><span style=\"color: #000000\"><b>B\u00e9ni sois-tu notre Dieu, maintenant et toujours.<\/b><\/span><\/p>\n<p><span style=\"color: #cc0000\"><span style=\"font-family: Times New Roman, serif\"><span style=\"font-size: small\">G\u00a0: <\/span><\/span><\/span><span style=\"color: #000000\">Tournons nous vers le Seigneur, recueillons-nous un instant et confions-nous \u00e0 sa mis\u00e9ricorde.<\/span><\/p>\n<ul>\n<li>\n<p><span style=\"color: #000000\">Seigneur J\u00e9sus, Parole envoy\u00e9e par le P\u00e8re pour nourrir notre vie&#8230; Fais grandir en nous la faim de ta v\u00e9rit\u00e9 ! Prends piti\u00e9 de nous<\/span><\/p>\n<\/li>\n<li>\n<p><span style=\"color: #000000\">Seigneur J\u00e9sus, Pain rompu pour la multitude, nous avons trop peur des exigences du partage&#8230; R\u00e9veille aujourd&rsquo;hui notre amour ! Prends piti\u00e9 de nous<\/span><\/p>\n<\/li>\n<li>\n<p><span style=\"color: #000000\">Seigneur J\u00e9sus, vraie nourriture des croyants, tu connais notre peu de foi&#8230; Fais grandir en ton Corps qu&rsquo;est l&rsquo;Eglise, la soif de communion et d&rsquo;unit\u00e9. Prends piti\u00e9 de nous<\/span><\/p>\n<\/li>\n<\/ul>\n<p><span style=\"color: #cc0000\"><span style=\"font-family: Times New Roman, serif\"><span style=\"font-size: small\">Nous pouvons chanter<\/span><\/span><\/span> <span style=\"color: #0084d1\">\u266a<\/span> <span style=\"color: #0084d1\">Gloire \u00e0 Dieu<\/span><\/p>\n<p><span style=\"color: #cc0000\"><span style=\"font-family: Times New Roman, serif\"><span style=\"font-size: small\">G\u00a0: <\/span><\/span><\/span> <span style=\"color: #000000\">Dieu notre P\u00e8re, nous voici rassembl\u00e9s autour de ton Fils pour \u00e9couter sa parole donn\u00e9e.<\/span><br \/><span style=\"color: #000000\">Que son \u00c9vangile soit la force lumineuse qui nous accompagne et son pain de vie, quand nous pouvons y avoir part, la nourriture qui nous restaure, qui nous refait.<\/span><br \/><span style=\"color: #000000\">B\u00e9ni sois-tu pour la largesse de tes dons pour les si\u00e8cles des si\u00e8cles.<\/span><br \/><span style=\"color: #000000\"><b>Amen<\/b><\/span><\/p>\n<h5 class=\"western\">Liturgie de la Parole\u00a0<\/h5>\n<ul>\n<li>\n<p><span style=\"color: #333333\"><span style=\"background-color: #ffff99\"><a style=\"background-color: #ffff99;color: #333333\" href=\"https:\/\/www.aelf.org\/2020-06-14\/romain\/messe#messe1_lecture1\" target=\"_blank\" rel=\"noopener noreferrer\">Lecture du livre du Deut\u00e9ronome<\/a><\/span> (Dt 8, 2-3.14b-16a)<\/span><br \/><span style=\"color: #333333\"><i>\u00ab Dieu t\u2019a donn\u00e9 cette nourriture que ni toi ni tes p\u00e8res n\u2019aviez connue \u00bb<\/i><\/span><\/p>\n<\/li>\n<\/ul>\n<ul>\n<li>\n<p><span style=\"color: #333333\"><span style=\"background-color: #ffff99\"><a style=\"background-color: #ffff99;color: #333333\" href=\"https:\/\/www.aelf.org\/2020-06-14\/romain\/messe#messe1_lecture2\" target=\"_blank\" rel=\"noopener noreferrer\">Psaume 147<\/a><\/span> (147 B), 12-13, 14-15, 19-20)<\/span><br \/><span style=\"color: #0084d1\">\u266a Glorifie le Seigneur, J\u00e9rusalem ! <\/span><\/p>\n<\/li>\n<\/ul>\n<ul>\n<li>\n<p><span style=\"color: #333333\"><span style=\"background-color: #ffff99\"><a style=\"background-color: #ffff99;color: #333333\" href=\"https:\/\/www.aelf.org\/2020-06-14\/romain\/messe#messe1_lecture3\" target=\"_blank\" rel=\"noopener noreferrer\">Lecture de la premi\u00e8re lettre de saint Paul Ap\u00f4tre aux Corinthiens<\/a><\/span> (1 Co 10, 16-17)<\/span><br \/><span style=\"color: #333333\"><i>\u00ab Puisqu\u2019il y a un seul pain, la multitude que nous sommes est un seul corps \u00bb<\/i><\/span><span style=\"color: #333333\"><span lang=\"zxx\"><u><br \/><\/u><\/span><\/span><\/p>\n<\/li>\n<\/ul>\n<ul>\n<li>\n<p><span style=\"background-color: #ffff99;color: #333333\"><a style=\"background-color: #ffff99;color: #333333\" href=\"https:\/\/www.aelf.org\/2020-06-14\/romain\/messe#messe1_lecture4\" target=\"_blank\" rel=\"noopener noreferrer\">S\u00e9quence<\/a> <\/span><br \/><span style=\"color: #333333\"><i>\u00ab Le voici, le pain des anges \u00bb<\/i><\/span><span style=\"color: #000080\"><span lang=\"zxx\"><u><br \/><\/u><\/span><\/span><\/p>\n<\/li>\n<\/ul>\n<p><span style=\"color: #cc0000\"><span style=\"font-family: Times New Roman, serif\"><span style=\"font-size: small\">Acclamons l&rsquo;\u00e9vangile : <\/span><\/span><\/span><span style=\"color: #0084d1\">\u266a All\u00e9luia<br \/><\/span><span style=\"color: #cc0000\"><span style=\"font-family: Times New Roman, serif\"><span style=\"font-size: small\">G : <\/span><\/span><\/span>\u00a0<span style=\"color: #000000\">Moi, je suis le pain vivant, qui est descendu du ciel, dit le Seigneur ; si quelqu&rsquo;un mange de ce pain, il vivra \u00e9ternellement.<\/span><\/p>\n<p><span style=\"color: #cc0000\"><span style=\"font-family: Times New Roman, serif\"><span style=\"font-size: small\">L&rsquo;un d&rsquo;entre vous lit l&rsquo;\u00c9vangile lentement : <\/span><\/span><\/span><\/p>\n<ul>\n<li>\n<p><span style=\"color: #333333\"><span style=\"background-color: #ffff99\"><a style=\"background-color: #ffff99;color: #333333\" href=\"https:\/\/www.aelf.org\/2020-06-14\/romain\/messe#messe1_lecture5\" target=\"_blank\" rel=\"noopener noreferrer\">\u00c9vangile de J\u00e9sus Christ selon saint Jean<\/a><\/span> (Jn 6, 51-58)<\/span><br \/><span style=\"color: #333333\"><i>\u00ab Ma chair est la vraie nourriture, et mon sang est la vraie boisson \u00bb<\/i><\/span><\/p>\n<\/li>\n<\/ul>\n<p><span style=\"color: #cc0000\"><span style=\"font-family: Times New Roman, serif\"><span style=\"font-size: small\">Apr\u00e8s un temps de silence nous proclamons ensemble la foi de notre bapt\u00eame : <\/span><\/span><\/span><span style=\"color: #000000\">Proclamons notre foi en Celui qui nous a fait traverser le d\u00e9sert ; celui qui, pour nous, a fait jaillir l&rsquo;eau de la roche la plus dure et nous a donn\u00e9 la manne :<\/span><\/p>\n<p align=\"CENTER\"><span style=\"color: #000000\"><b>Je crois en Dieu, le P\u00e8re tout-puissant,<br \/><\/b><\/span><span style=\"color: #000000\"><b>Cr\u00e9ateur du ciel et de la terre.<br \/><\/b><\/span><span style=\"color: #000000\"><b>Et en J\u00e9sus Christ, son Fils unique, notre Seigneur ;<br \/><\/b><\/span><span style=\"color: #000000\"><b>qui a \u00e9t\u00e9 con\u00e7u du Saint Esprit, est n\u00e9 de la Vierge Marie,<br \/><\/b><\/span><span style=\"color: #000000\"><b>a souffert sous Ponce Pilate, a \u00e9t\u00e9 crucifi\u00e9,<br \/><\/b><\/span><span style=\"color: #000000\"><b>est mort et a \u00e9t\u00e9 enseveli, est descendu aux enfers ;<br \/><\/b><\/span><span style=\"color: #000000\"><b>le troisi\u00e8me jour est ressuscit\u00e9 des morts,<br \/><\/b><\/span><span style=\"color: #000000\"><b>est mont\u00e9 aux cieux, est assis \u00e0 la droite de Dieu le P\u00e8re tout-puissant,<br \/><\/b><\/span><span style=\"color: #000000\"><b>d\u2019o\u00f9 il viendra juger les vivants et les morts.<br \/><\/b><\/span><span style=\"color: #000000\"><b>Je crois en l\u2019Esprit Saint, \u00e0 la sainte \u00c9glise catholique, \u00e0 la communion des saints,<br \/><\/b><\/span><span style=\"color: #000000\"><b>\u00e0 la r\u00e9mission des p\u00e9ch\u00e9s, \u00e0 la r\u00e9surrection de la chair, \u00e0 la vie \u00e9ternelle.<\/b><\/span><\/p>\n<h5 class=\"western\">Prions\u00a0<\/h5>\n<h6 class=\"western\">Pri\u00e8re universelle<\/h6>\n<p><span style=\"color: #cc0000\"><span style=\"font-family: Times New Roman, serif\"><span style=\"font-size: small\">Apr\u00e8s un temps de silence nous partageons des intentions de pri\u00e8re. Vous pouvez les partager \u00e0 plusieurs voix. Un refrain peut \u00eatre repris entre chaque intentions. <\/span><\/span><\/span><\/p>\n<p><span style=\"color: #cc0000\"><span style=\"font-family: Times New Roman, serif\"><span style=\"font-size: small\">Introduction\u00a0: <\/span><\/span><\/span><span style=\"color: #000000\">Aujourd&rsquo;hui encore, Le Christ veut nourrir les foules et apporter \u00e0 tout homme la force de son amour. Confions-lui nos fr\u00e8res affam\u00e9s de bonheur.<\/span><\/p>\n<ul>\n<li>\n<p><span style=\"color: #000000\"><span style=\"font-family: Comic Sans MS, cursive\"><span style=\"font-size: small\">\u00ab <\/span><\/span><span style=\"font-family: Comic Sans MS, cursive\"><span style=\"font-size: small\"><i>Il t\u2019a fait sentir la faim, et il t\u2019a donn\u00e9 \u00e0 manger la manne<\/i><\/span><\/span><span style=\"font-family: Comic Sans MS, cursive\"><span style=\"font-size: small\">\u00a0\u00bb<br \/><\/span><\/span>Pendant la p\u00e9riode de confinement, nous avons ressenti la faim de ton Corps et de ton Sang.<\/span><br \/><span style=\"color: #0000ff\">Merci, Seigneur, de nous avoir fait red\u00e9couvrir la richesse de ce sacrement que nous recevions peut-\u00eatre parfois par habitude.<\/span><br \/><span style=\"color: #000000\">Donne-nous de t\u00e9moigner de notre fraternit\u00e9 avec celles et ceux qui sont souvent priv\u00e9s du Pain eucharistique.<\/span><\/p>\n<\/li>\n<\/ul>\n<ul>\n<li>\n<p><span style=\"color: #000000\"><span style=\"font-family: 'Comic Sans MS', cursive\"><span style=\"font-size: small\">\u00ab\u00a0<\/span><\/span><span style=\"font-family: Comic Sans MS, cursive\"><span style=\"font-size: small\"><i>Le pain que nous rompons n\u2019est-il pas communion au corps du Christ ? \u00bb<br \/><\/i><\/span><\/span><span style=\"color: #0000ff\">Merci, Seigneur, pour la gr\u00e2ce que tu nous fais d&rsquo;\u00eatre les membres de ton Corps. <\/span><\/span><br \/><span style=\"color: #000000\">Nous te prions pour ceux qui, dans notre paroisse, dans notre secteur du Val d\u2019Orge et partout ailleurs, portent la communion aux personnes \u00e2g\u00e9es et aux malades, chez eux, \u00e0 l\u2019h\u00f4pital ou dans les maisons de retraite. Que ce pain partag\u00e9 leur apporte ta Joie.<\/span><\/p>\n<\/li>\n<\/ul>\n<ul>\n<li>\n<p><span style=\"color: #000000\"><span style=\"font-family: Comic Sans MS, cursive\"><span style=\"font-size: small\">Apr\u00e8s avoir nourri la foule avec cinq pains et deux poissons, J\u00e9sus disait<\/span><\/span><span style=\"font-family: Comic Sans MS, cursive\"><span style=\"font-size: small\"><i> \u00ab Moi je suis le pain vivant qui est descendu du ciel. Si quelqu&rsquo;un mange de ce pain, il vivra \u00e9ternellement<\/i><\/span><\/span><span style=\"font-family: Comic Sans MS, cursive\"><span style=\"font-size: small\">. \u00bb<br \/><\/span><\/span><span style=\"color: #0000ff\">Merci, Seigneur, pour ce signe du pain multipli\u00e9 et partag\u00e9 afin que chacun soit rassasi\u00e9.<\/span><\/span><br \/><span style=\"color: #000000\">Que nous ayons, nous aussi, le sens du partage fraternel, dans notre secteur et au sein d&rsquo;associations solidaires, nous t&rsquo;en prions.<\/span><\/p>\n<\/li>\n<\/ul>\n<ul>\n<li>\n<p align=\"LEFT\"><span style=\"color: #000000\"><span style=\"font-family: Comic Sans MS, cursive\"><span style=\"font-size: small\"><i>\u00ab De m\u00eame que le P\u00e8re qui est vivant m\u2019a envoy\u00e9 et que je vis par le P\u00e8re, de m\u00eame aussi celui qui me mangera vivra par moi. \u00bb<br \/><\/i><\/span><\/span><span style=\"color: #0000ff\">Merci, Seigneur pour ta Parole qui nous ouvre ton Royaume.<\/span><\/span><br \/><span style=\"color: #000000\">Donne \u00e0 ton \u00c9glise de retrouver l&rsquo;unit\u00e9 autour de la table eucharistique, afin que son t\u00e9moignage soit en accord avec ton \u00c9vangile.<\/span><\/p>\n<\/li>\n<\/ul>\n<p><span style=\"color: #cc0000\"><span style=\"font-family: Times New Roman, serif\"><span style=\"font-size: small\">Chacun pourra ensuite poursuivre avec des intentions personnelles de pri\u00e8re.<\/span><\/span><\/span><\/p>\n<p><span style=\"color: #cc0000\"><span style=\"font-family: Times New Roman, serif\"><span style=\"font-size: small\">G\u00a0: <\/span><\/span><\/span><span style=\"color: #000000\">Tu es, Seigneur, le Pain qui nous unit. Rassemble tous les hommes \u00e0 la Table du partage, nous t&rsquo;en prions, toi qui nous aime pour les si\u00e8cles des si\u00e8cles. <\/span><br \/><span style=\"color: #000000\"><b>Amen<\/b>.<\/span><\/p>\n<h6 class=\"western\">Notre P\u00e8re<\/h6>\n<p><span style=\"color: #cc0000\"><span style=\"font-family: Times New Roman, serif\"><span style=\"font-size: small\">G : <\/span><\/span><\/span><span style=\"color: #000000\">Dieu nous communique son Esprit d\u2019unit\u00e9 et de communion. Nous pouvons lui parler comme J\u00e9sus nous l\u2019a enseigne\u0301\u00a0:<\/span><\/p>\n<p align=\"CENTER\"><span style=\"color: #000000\"><b>Notre P\u00e8re, qui es aux cieux,<br \/><\/b><\/span><span style=\"color: #000000\"><b>que ton nom soit sanctifi\u00e9,<br \/><\/b><\/span><span style=\"color: #000000\"><b>que ton r\u00e8gne vienne,<br \/><\/b><\/span><span style=\"color: #000000\"><b>que ta volont\u00e9 soit faite sur la terre comme au ciel.<br \/><\/b><\/span><span style=\"color: #000000\"><b>Donne-nous aujourd&rsquo;hui notre pain de ce jour.<br \/><\/b><\/span><span style=\"color: #000000\"><b>Pardonne-nous nos offenses,<br \/><\/b><\/span><span style=\"color: #000000\"><b>comme nous pardonnons aussi \u00e0 ceux qui nous ont offens\u00e9s.<br \/><\/b><\/span><span style=\"color: #000000\"><b>Et ne nous laisse pas entrer en tentation<br \/><\/b><\/span><span style=\"color: #000000\"><b>mais d\u00e9livre-nous du Mal.<br \/><\/b><\/span><span style=\"color: #000000\"><b>Amen<\/b><\/span><\/p>\n<p><span style=\"color: #cc0000\"><span style=\"font-family: Times New Roman, serif\"><span style=\"font-size: small\">Nous pouvons poursuivre : <\/span><\/span><\/span><span style=\"color: #000000\">D\u00e9livre-nous de tout mal Seigneur et donne la paix \u00e0 notre temps. Par ta mis\u00e9ricorde lib\u00e8re-nous du p\u00e9ch\u00e9, rassure-nous devant les \u00e9preuves en cette vie o\u00f9 nous esp\u00e9rons le bonheur que tu promets dans la venue de J\u00e9sus-Christ notre Sauveur.<br \/><\/span><strong><span style=\"color: #000000\">Car c&rsquo;est \u00e0 Toi qu&rsquo;appartiennent le R\u00e8gne, la Puissance et la Gloire pour les si\u00e8cles des si\u00e8cles.<\/span><\/strong><\/p>\n<h6 class=\"western\">Pri\u00e8re de communion spirituelle<\/h6>\n<p><span style=\"color: #cc0000\"><span style=\"font-family: Times New Roman, serif\"><span style=\"font-size: small\">G invite ceux qui sont rassembl\u00e9s \u00e0 la maison \u00e0 s&rsquo;unir \u00e0 la pri\u00e8re de communion spirituelle :<\/span><\/span><\/span><\/p>\n<p align=\"CENTER\"><span style=\"color: #0000ff\">Seigneur J\u00e9sus, je crois \u00e0 ta v\u00e9ritable pr\u00e9sence<br \/><\/span><span style=\"color: #0000ff\">dans le pain et dans le vin consacr\u00e9s.<br \/><\/span><span style=\"color: #0000ff\">Je t&rsquo;aime toi le Seigneur de ma vie.<br \/><\/span><span style=\"color: #0000ff\">Je d\u00e9sire profond\u00e9ment r\u00e9pondre \u00e0 ton invitation,<br \/><\/span><span style=\"color: #0000ff\">communier, te recevoir au plus intime de ma vie.<br \/><\/span><span style=\"color: #0000ff\">Je ne peux maintenant te recevoir sacramentellement.<br \/><\/span><span style=\"color: #0000ff\">Viens Seigneur habiter spirituellement ma vie.<br \/><\/span><span style=\"color: #0000ff\">J&rsquo;ai faim de ton amour,j&rsquo;ai faim de ta vie donn\u00e9e pour nourrir toute ma vie.<br \/><\/span><span style=\"color: #0000ff\">Au jour le jour que j&rsquo;apprenne de toi \u00e0 donner ma vie,\u00e0 aimer.<br \/><\/span><span style=\"color: #0000ff\">Oui, Seigneur J\u00e9sus que je demeure fid\u00e8le \u00e0 ton commandement<br \/><\/span><span style=\"color: #0000ff\">et que jamais je ne sois s\u00e9par\u00e9 de toi. <br \/><\/span><span style=\"color: #0000ff\"><b>Amen<\/b><\/span><\/p>\n<p><span style=\"color: #cc0000\"><span style=\"font-family: Times New Roman, serif\"><span style=\"font-size: small\">Cette pri\u00e8re est suivie d&rsquo;un bon moment de silence, de communion spirituelle.<\/span><\/span><\/span><\/p>\n<h4 class=\"western\">Nous sommes envoy\u00e9s<\/h4>\n<p><span style=\"color: #cc0000\"><span style=\"font-family: Times New Roman, serif\"><span style=\"font-size: small\">Pri\u00e8re de conclusion<br \/>G :<\/span><\/span><\/span> <span style=\"color: #000000\">Gloire et louange \u00e0 toi, Seigneur J\u00e9sus, pour le don que tu nous as fait de ton corps et de ton sang. Par l&rsquo;eucharistie que l\u2019Eglise c\u00e9l\u00e8bre tu viens demeurer en nous. Fais-nous aussi demeurer en toi, et pers\u00e9v\u00e9rer dans la pri\u00e8re. Que ton Esprit nous donne d&rsquo;avoir part \u00e0 ton amour pour tous nos fr\u00e8res.<\/span><br \/><span style=\"color: #000000\">Alors nous serons vraiment tes disciples, et nous vivrons en enfants de Dieu aujourd&rsquo;hui pour l&rsquo;\u00eatre dans les si\u00e8cles<\/span> des si\u00e8cles. <br \/><b>Amen<\/b><\/p>\n<p><span style=\"color: #cc0000\"><span style=\"font-family: Times New Roman, serif\"><span style=\"font-size: small\">Puis le ou la plus ancien(ne) b\u00e9nit l&rsquo;assembl\u00e9e :<\/span><\/span><\/span><\/p>\n<p><span style=\"color: #000000\">M\u00eame si nous ne pouvons pas avoir l&rsquo;Eucharistie aussi souvent que nous le voudrions, nous pouvons toujours compter sur la pr\u00e9sence de Dieu \u00e0 nos c\u00f4t\u00e9s.<\/span><b><br \/><\/b><span style=\"color: #cc0000\"><span style=\"font-family: Times New Roman, serif\"><span style=\"font-size: small\">Tous\u00a0: <\/span><\/span><\/span><b>Amen<\/b> <br \/><span style=\"color: #000000\">Que Dieu tout-puissant nous b\u00e9nisse : le P\u00e8re, le Fils, et le Saint Esprit.<span style=\"font-family: Arial, sans-serif\"><span style=\"font-size: small\"><b> <br \/><\/b><\/span><\/span><\/span><span style=\"color: #cc0000\"><span style=\"font-family: Times New Roman, serif\"><span style=\"font-size: small\">Tous\u00a0:<\/span><\/span><\/span><strong> Amen ! <\/strong><br \/><span style=\"color: #000000\">Allons dans la paix et la joie du Christ !<\/span><br \/><span style=\"color: #cc0000\"><span style=\"font-family: Times New Roman, serif\"><span style=\"font-size: small\">Tous\u00a0: <\/span><\/span><\/span><b>Nous rendons gr\u00e2ce \u00e0 Dieu.<\/b><\/p>\n<p><span style=\"color: #cc0000\"><span style=\"font-family: Times New Roman, serif\"><span style=\"font-size: small\">Puis si possible prendre un chant.<\/span><\/span><\/span><\/p>\n<p><span style=\"color: #cc0000\"><span style=\"font-family: Times New Roman, serif\"><span style=\"font-size: small\">Bon dimanche\u00a0!<\/span><\/span><\/span><\/p>\n","protected":false},"excerpt":{"rendered":"","protected":false},"author":2,"featured_media":3674,"comment_status":"closed","ping_status":"closed","sticky":false,"template":"","format":"standard","meta":{"kt_blocks_editor_width":"","footnotes":""},"categories":[25,7],"tags":[4,23,6],"_links":{"self":[{"href":"https:\/\/eglise-catholique-valdorge.fr\/index.php?rest_route=\/wp\/v2\/posts\/3671"}],"collection":[{"href":"https:\/\/eglise-catholique-valdorge.fr\/index.php?rest_route=\/wp\/v2\/posts"}],"about":[{"href":"https:\/\/eglise-catholique-valdorge.fr\/index.php?rest_route=\/wp\/v2\/types\/post"}],"author":[{"embeddable":true,"href":"https:\/\/eglise-catholique-valdorge.fr\/index.php?rest_route=\/wp\/v2\/users\/2"}],"replies":[{"embeddable":true,"href":"https:\/\/eglise-catholique-valdorge.fr\/index.php?rest_route=%2Fwp%2Fv2%2Fcomments&post=3671"}],"version-history":[{"count":3,"href":"https:\/\/eglise-catholique-valdorge.fr\/index.php?rest_route=\/wp\/v2\/posts\/3671\/revisions"}],"predecessor-version":[{"id":3675,"href":"https:\/\/eglise-catholique-valdorge.fr\/index.php?rest_route=\/wp\/v2\/posts\/3671\/revisions\/3675"}],"wp:featuredmedia":[{"embeddable":true,"href":"https:\/\/eglise-catholique-valdorge.fr\/index.php?rest_route=\/wp\/v2\/media\/3674"}],"wp:attachment":[{"href":"https:\/\/eglise-catholique-valdorge.fr\/index.php?rest_route=%2Fwp%2Fv2%2Fmedia&parent=3671"}],"wp:term":[{"taxonomy":"category","embeddable":true,"href":"https:\/\/eglise-catholique-valdorge.fr\/index.php?rest_route=%2Fwp%2Fv2%2Fcategories&post=3671"},{"taxonomy":"post_tag","embeddable":true,"href":"https:\/\/eglise-catholique-valdorge.fr\/index.php?rest_route=%2Fwp%2Fv2%2Ftags&post=3671"}],"curies":[{"name":"wp","href":"https:\/\/api.w.org\/{rel}","templated":true}]}}