{"id":3683,"date":"2020-06-20T09:00:17","date_gmt":"2020-06-20T07:00:17","guid":{"rendered":"https:\/\/eglise-catholique-valdorge.fr\/?p=3683"},"modified":"2020-12-15T10:28:41","modified_gmt":"2020-12-15T09:28:41","slug":"liturgie-familiale-du-12eme-dimanche-du-temps-ordinaire-21-juin-2020-secteur-du-val-dorge","status":"publish","type":"post","link":"https:\/\/eglise-catholique-valdorge.fr\/?p=3683","title":{"rendered":"Liturgie familiale du 12\u00e8me dimanche du temps ordinaire &#8211; 21 juin 2020 -Secteur du Val d&rsquo;Orge"},"content":{"rendered":"\n<h4 class=\"western\">Pr\u00e9paration<\/h4>\n<p>Parce que nous ne pouvons pas encore nous r\u00e9unir en ces jours pour partager le repas du Seigneur, voici une proposition pour c\u00e9l\u00e9brer \u00e0 la maison, seul ou en famille, n&rsquo;h\u00e9sitez pas \u00e0 l&rsquo;adapter.<br \/><i>Commen\u00e7ons par pr\u00e9parer l&rsquo;endroit o\u00f9 nous allons prier : la Bible ou le Nouveau Testament ouvert sur l&rsquo;\u00c9vangile du jour, quelques fleurs, un lumignon, &#8230; <br \/>S&rsquo;il y a des chanteurs et des musiciens \u00e0 la maison, ils peuvent participer en pr\u00e9parant un chant ou deux.<br \/><\/i>Si vous \u00eates plusieurs, vous d\u00e9signez celui ou celle qui va guider la pri\u00e8re (d\u00e9sign\u00e9 ensuite par G), par exemple, le p\u00e8re ou la m\u00e8re de famille ou le(la) plus ancien(ne).<br \/><span style=\"color: #cc0000\"><span style=\"font-family: Times New Roman, serif\"><span style=\"font-size: small\">Les indications sur comment faire ou qui doit faire sont en rouge.<br \/><\/span><\/span><\/span><b>En gras<\/b> figurent les textes \u00e0 dire par tout le monde. Les liens apparaissent en surlign\u00e9s.<span style=\"color: #0084d1\"> Les chants sont indiqu\u00e9s par une petite note de musique\u00a0: \u266a<\/span><\/p>\n<h4 class=\"western\">Chants propos\u00e9s<\/h4>\n<ul>\n<li><span style=\"color: #0084d1\">\u266a Ne crains pas, n&rsquo;aie pas peur \u2013 EDIT17-35<\/span><\/li>\n<li><span style=\"color: #0084d1\">\u266a Heureux celui qui \u00e9coute la parole \u2013 EDIT629 <\/span><\/li>\n<li><span style=\"color: #0084d1\">\u266a \u00c9coute la voix du Seigneur &#8211; X548<\/span><\/li>\n<li><span style=\"color: #0084d1\">\u266a Ne craignez pas &#8211; R559<\/span><\/li>\n<li><span style=\"color: #0084d1\">\u266a <span style=\"background-color: #ccffff\"><a style=\"background-color: #ccffff\" href=\"https:\/\/youtu.be\/LTfq4FJnzGU\" target=\"_blank\" rel=\"noopener noreferrer\">Tournez les yeux vers le Seigneur<\/a><\/span> \u2013 IEV03-71\u00a0<\/span><\/li>\n<li><span style=\"color: #0084d1\">\u266a N&rsquo;ayons pas peur de vivre au monde &#8211; T72<\/span><\/li>\n<li><span style=\"color: #0084d1\">\u266a N&rsquo;aie pas peur puisque Dieu t&rsquo;aime \u2013 EDIT22-35<\/span><\/li>\n<li><span style=\"color: #0084d1\">\u266a <span style=\"background-color: #ccffff\"><a style=\"background-color: #ccffff\" href=\"https:\/\/youtu.be\/L9gmrWXjHeE\" target=\"_blank\" rel=\"noopener noreferrer\">Je veux chanter ton amour, Seigneur<\/a>\u00a0<\/span><\/span><\/li>\n<\/ul>\n<h4 class=\"western\">Liturgie familiale<\/h4>\n<h5 class=\"western\">Ouverture de la liturgie<\/h5>\n<p><span style=\"color: #cc0000\"><span style=\"font-family: Times New Roman, serif\"><span style=\"font-size: small\">G\u00a0: <\/span><\/span><\/span><span style=\"color: #000000\">En cette veille d\u2019\u00e9t\u00e9 et de \u00ab\u00a0d\u00e9confinement\u00a0\u00bb, que d\u2019espoirs, et, peut-\u00eatre, que d\u2019incertitudes\u00a0!<\/span><br \/><span style=\"color: #000000\">Mais nous voici de nouveau rassembl\u00e9s pour prier, et nous allons entendre proclamer une grande nouvelle, la Bonne Nouvelle de J\u00e9sus Christ.<\/span><br \/><span style=\"color: #000000\">Le Seigneur nous d\u00e9livre de nos inqui\u00e9tudes et nous apprend ce qu\u2019il faut vraiment craindre\u00a0; le mal, le mensonge. Apprenons de lui \u00e0 vivre sans peur.<\/span><\/p>\n<p align=\"CENTER\"><span style=\"color: #cc0000\"><span style=\"font-family: Times New Roman, serif\"><span style=\"font-size: small\">Au moment de faire sur nous le signe de croix, prenons le temps de \u00ab bien \u00bb le faire :<br \/><\/span><\/span><\/span><span style=\"font-size: small;font-family: 'Times New Roman', serif;color: #cc0000\">ce signe tout entier, nous enveloppe, nous marque du signe de la r\u00e9demption,<br \/><\/span><span style=\"color: #cc0000\"><span style=\"font-family: Times New Roman, serif\"><span style=\"font-size: small\">est signe de l&rsquo;amour et de la mis\u00e9ricorde.<br \/><\/span><\/span><\/span><span style=\"color: #cc0000\"><span style=\"font-family: Times New Roman, serif\"><span style=\"font-size: small\">Il marque la pr\u00e9sence de Dieu parmi nous et nous rappelle que, par le Christ, nous sommes tous fr\u00e8res.<\/span><\/span><\/span><\/p>\n<p><span style=\"color: #cc0000\"><span style=\"font-family: Times New Roman, serif\"><span style=\"font-size: small\">G\u00a0: <\/span><\/span><\/span><span style=\"color: #000000\">En union avec notre \u00e9v\u00eaque et les chr\u00e9tiens de notre secteur, de notre dioc\u00e8se et du monde entier, tra\u00e7ons sur nous le signe de la Croix\u00a0:<\/span><\/p>\n<p align=\"CENTER\"><span style=\"color: #000000\">AU NOM DU P\u00c8RE ET DU FILS ET DU SAINT ESPRIT. <b>AMEN<\/b><\/span><\/p>\n<p><span style=\"color: #cc0000\"><span style=\"font-family: Times New Roman, serif\"><span style=\"font-size: small\">G\u00a0:<\/span><\/span><\/span> Q<span style=\"color: #000000\">ue Dieu notre P\u00e8re, et J\u00e9sus-Christ notre Seigneur par qui la Vie est entr\u00e9e dans le monde nous donnent la gr\u00e2ce et la paix.<\/span><br \/><span style=\"color: #cc0000\"><span style=\"font-family: Times New Roman, serif\"><span style=\"font-size: small\">Tous\u00a0: <\/span><\/span><\/span><span style=\"color: #000000\"><b>B\u00e9ni sois-tu notre Dieu, maintenant et toujours.<\/b><\/span><\/p>\n<p><span style=\"color: #cc0000\"><span style=\"font-family: Times New Roman, serif\"><span style=\"font-size: small\">G\u00a0: <\/span><\/span><\/span><span style=\"color: #000000\">Tournons nous vers le Seigneur, recueillons-nous un instant et confions-nous \u00e0 sa mis\u00e9ricorde.<\/span><\/p>\n<ul>\n<li><span style=\"color: #000000\">Seigneur J\u00e9sus, Toi le Dieu avec nous, l\u2019Emmanuel, tu nous aimes sans compter. En ta mis\u00e9ricorde, Prends piti\u00e9 de nous<\/span><\/li>\n<li><span style=\"color: #000000\">\u00d4 Christ toi le serviteur qui as donn\u00e9 sa vie pour les p\u00e9cheurs, tu affermis notre foi. En ton amour, Prends piti\u00e9 de nous<\/span><\/li>\n<li><span style=\"color: #000000\">Seigneur, toi qui nous fais vivre de ton Esprit, tu nous r\u00e9v\u00e8les ta lumi\u00e8re. En ta tendresse, Prends piti\u00e9 de nous<\/span><\/li>\n<\/ul>\n<p><span style=\"color: #cc0000\"><span style=\"font-family: Times New Roman, serif\"><span style=\"font-size: small\">Nous pouvons chanter<\/span><\/span><\/span> <span style=\"color: #0084d1\">\u266a<\/span> <span style=\"color: #0084d1\">Gloire \u00e0 Dieu<\/span><\/p>\n<p><span style=\"color: #cc0000\"><span style=\"font-family: Times New Roman, serif\"><span style=\"font-size: small\">G\u00a0: <\/span><\/span><\/span><span style=\"color: #000000\"> Fais-nous vivre \u00e0 tout moment, Seigneur, dans l&rsquo;amour et le respect de ton saint nom. Tu ne cesses jamais de guider sur les pas de ton Fils ceux que tu enracines solidement dans ton amour.<\/span><br \/><span style=\"color: #000000\">Sois b\u00e9ni pour lui, ton Fils, notre Seigneur et notre Dieu qui r\u00e8gne avec toi et le Saint Esprit pour les si\u00e8cles des si\u00e8cles.<\/span><br \/><b>Amen<\/b><\/p>\n<h5 class=\"western\">Liturgie de la Parole\u00a0<\/h5>\n<p><span style=\"color: #cc0000\"><span style=\"font-family: Times New Roman, serif\"><span style=\"font-size: small\">Introduction \u00e0 la premi\u00e8re lecture\u00a0: <\/span><\/span><\/span><span style=\"color: #000000\">Envoy\u00e9 pour admonester les gens de son peuple, le proph\u00e8te J\u00e9r\u00e9mie a subi bien des pers\u00e9cutions. Dans les difficult\u00e9s, il criait vers Dieu et l\u2019appelait \u00e0 l\u2019aide, sans perdre confiance.<\/span><\/p>\n<ul>\n<li>\n<p><span style=\"background-color: #ffff99\"><a style=\"background-color: #ffff99\" href=\"https:\/\/www.aelf.org\/2020-06-21\/romain\/messe#messe1_lecture1\" target=\"_blank\" rel=\"noopener noreferrer\">Lecture du livre du proph\u00e8te J\u00e9r\u00e9mie (Jr 20, 10-13)<\/a><\/span><br \/><i>\u00ab Il a d\u00e9livr\u00e9 le malheureux de la main des m\u00e9chants \u00bb<\/i><\/p>\n<\/li>\n<\/ul>\n<ul>\n<li>\n<p><span style=\"background-color: #ffff99\"><a style=\"background-color: #ffff99\" href=\"https:\/\/www.aelf.org\/2020-06-21\/romain\/messe#messe1_lecture2\" target=\"_blank\" rel=\"noopener noreferrer\">Ps 68 (69), 8-10, 14.17, 33-35)<\/a><\/span><br \/><span style=\"color: #0084d1\">\u266a Dans ton grand amour, Dieu, r\u00e9ponds-moi. <\/span><\/p>\n<\/li>\n<\/ul>\n<p><span style=\"color: #cc0000\"><span style=\"font-family: Times New Roman, serif\"><span style=\"font-size: small\">Introduction \u00e0 la deuxi\u00e8me lecture\u00a0: <\/span><\/span><\/span><span style=\"color: #000000\">Notre foi chr\u00e9tienne repose sur une longue histoire et saint Paul nous invite \u00e0 y d\u00e9couvrir la main de Dieu, qui nous a ouvert un chemin de vie, alors que l\u2019humanit\u00e9 s\u2019\u00e9tait engag\u00e9e sur la voie de la mort.<\/span><\/p>\n<ul>\n<li>\n<p><span style=\"background-color: #ffff99\"><a style=\"background-color: #ffff99\" href=\"https:\/\/www.aelf.org\/2020-06-21\/romain\/messe#messe1_lecture3\" target=\"_blank\" rel=\"noopener noreferrer\">Lecture de la lettre de saint Paul Ap\u00f4tre aux Romains (Rm 5, 12-15)<\/a><\/span><br \/><i>\u00ab Le don gratuit de Dieu et la faute n\u2019ont pas la m\u00eame mesure \u00bb<\/i><\/p>\n<\/li>\n<\/ul>\n<p><span style=\"color: #cc0000\"><span style=\"font-family: Times New Roman, serif\"><span style=\"font-size: small\">Acclamons l&rsquo;\u00e9vangile : <\/span><\/span><\/span><span style=\"color: #0084d1\">\u266a All\u00e9luia<br \/><\/span><span style=\"color: #cc0000\"><span style=\"font-family: Times New Roman, serif\"><span style=\"font-size: small\">G : <\/span><\/span><\/span>\u00a0<span style=\"color: #000000\">L\u2019Esprit de v\u00e9rit\u00e9 rendra t\u00e9moignage en ma faveur, dit le Seigneur. Et vous aussi, vous allez rendre t\u00e9moignage.<\/span><\/p>\n<p><span style=\"color: #cc0000\"><span style=\"font-family: Times New Roman, serif\"><span style=\"font-size: small\">L&rsquo;un d&rsquo;entre vous lit l&rsquo;\u00c9vangile lentement : <\/span><\/span><\/span><\/p>\n<ul>\n<li>\n<p><span style=\"background-color: #ffff99\"><a style=\"background-color: #ffff99\" href=\"https:\/\/www.aelf.org\/2020-06-21\/romain\/messe#messe1_lecture4\" target=\"_blank\" rel=\"noopener noreferrer\">\u00c9vangile de J\u00e9sus Christ selon saint Matthieu (Mt 10, 26-33)<\/a><\/span><br \/><i>\u00ab Ne craignez pas ceux qui tuent le corps \u00bb<\/i><\/p>\n<\/li>\n<\/ul>\n<p><span style=\"color: #cc0000\"><span style=\"font-family: Times New Roman, serif\"><span style=\"font-size: small\">Apr\u00e8s un temps de silence nous proclamons ensemble la foi de notre bapt\u00eame :<\/span><\/span><\/span><span style=\"color: #000000\">Proclamons la foi de toute l&rsquo;Eglise :<\/span><\/p>\n<p align=\"CENTER\"><span style=\"color: #000000\"><b>Je crois en Dieu, le P\u00e8re tout-puissant,<br \/><\/b><b>Cr\u00e9ateur du ciel et de la terre.<br \/><\/b><b>Et en J\u00e9sus Christ, son Fils unique, notre Seigneur ;<br \/><\/b><b>qui a \u00e9t\u00e9 con\u00e7u du Saint Esprit, est n\u00e9 de la Vierge Marie,<br \/><\/b><b>a souffert sous Ponce Pilate, a \u00e9t\u00e9 crucifi\u00e9,<br \/><\/b><b>est mort et a \u00e9t\u00e9 enseveli, est descendu aux enfers ;<br \/><\/b><b>le troisi\u00e8me jour est ressuscit\u00e9 des morts,<br \/><\/b><b>est mont\u00e9 aux cieux, est assis \u00e0 la droite de Dieu le P\u00e8re tout-puissant,<br \/><\/b><b>d\u2019o\u00f9 il viendra juger les vivants et les morts.<br \/><\/b><b>Je crois en l\u2019Esprit Saint, \u00e0 la sainte \u00c9glise catholique, \u00e0 la communion des saints,<br \/><\/b><b>\u00e0 la r\u00e9mission des p\u00e9ch\u00e9s, \u00e0 la r\u00e9surrection de la chair, \u00e0 la vie \u00e9ternelle.<\/b><\/span><\/p>\n<h5 class=\"western\">Prions\u00a0<\/h5>\n<h6 class=\"western\">Pri\u00e8re universelle<\/h6>\n<p><span style=\"color: #cc0000\"><span style=\"font-family: Times New Roman, serif\"><span style=\"font-size: small\">Apr\u00e8s un temps de silence nous partageons des intentions de pri\u00e8re. Vous pouvez les partager \u00e0 plusieurs voix. Un refrain peut \u00eatre repris entre chaque intentions. <\/span><\/span><\/span><\/p>\n<p><span style=\"color: #cc0000\"><span style=\"font-family: Times New Roman, serif\"><span style=\"font-size: small\">Introduction\u00a0: <\/span><\/span><\/span> <span style=\"color: #000000\">Prions le P\u00e8re qui nous appelle \u00e0 l&rsquo;audace de l&rsquo;esp\u00e9rance&#8230;<\/span><\/p>\n<ul>\n<li><span style=\"color: #000000\">L\u2019Eglise connait l\u2019inqui\u00e9tude face aux questions d&rsquo;aujourd&rsquo;hui et \u00e0 la baisse de la pratique religieuse. Mais, comme J\u00e9r\u00e9mie nous le rappelle, \u00ab\u00a0Le Seigneur est avec nous\u00a0\u00bb. Seigneur, Tu donnes \u00e0 tes fid\u00e8les la gr\u00e2ce de ton Esprit, nous te disons Merci. <br \/>Donne-nous d&rsquo;\u00eatre des t\u00e9moins confiants de ta pr\u00e9sence, nous t&rsquo;en prions<\/span><\/li>\n<li><span style=\"color: #000000\">Nos soci\u00e9t\u00e9s connaissent l\u2019ins\u00e9curit\u00e9 et la peur. Mais \u00ab\u00a0nous valons bien plus qu&rsquo;une multitude de moineaux\u00a0\u00bb. Merci, Seigneur, de nous rappeler le prix que nous avons \u00e0 tes yeux. <br \/>Pour que les responsables publics osent des initiatives d\u2019ouverture et de partage ouvrant des chemins de paix, nous te prions<\/span><\/li>\n<li><span style=\"color: #000000\">Pour beaucoup, Dieu est lointain, absent, silencieux, sourd \u00e0 nos souffrances. Seigneur Toi qui nous r\u00e9v\u00e8les que chacun est pr\u00e9cieux pour Dieu, aide-nous \u00e0 redire ta tendresse \u00e0 ceux qui se sentent seuls, nous t\u2019en prions<\/span><\/li>\n<li><span style=\"color: #000000\">\u00ab\u00a0Quiconque se d\u00e9clarera pour moi devant les hommes, moi aussi je me d\u00e9clarerai pour lui devant mon P\u00e8re qui est aux cieux.\u00a0\u00bb <\/span><br \/><span style=\"color: #000000\">L\u2019\u00c9vangile appelle au t\u00e9moignage et ne dispense jamais du risque de la foi. Pour nous tous qui entendons la Parole, ravive en nos c\u0153urs, Seigneur l\u2019appel de notre bapt\u00eame, nous t\u2019en prions.<\/span><\/li>\n<\/ul>\n<p><span style=\"color: #cc0000\"><span style=\"font-family: Times New Roman, serif\"><span style=\"font-size: small\">Chacun pourra ensuite poursuivre avec des intentions personnelles de pri\u00e8re.<\/span><\/span><\/span><\/p>\n<p><span style=\"color: #cc0000\"><span style=\"font-family: Times New Roman, serif\"><span style=\"font-size: small\">G\u00a0: <\/span><\/span><\/span><span style=\"color: #000000\">Seigneur, tu es proche de ceux et celles qui t&rsquo;invoquent. Donne \u00e0 chacun de nous la joie de savoir te servir. Par J\u00e9sus, ton Fils, notre Seigneur. <\/span><br \/><span style=\"color: #000000\"><b>Amen<\/b>.<\/span><\/p>\n<h6 class=\"western\">Notre P\u00e8re<\/h6>\n<p><span style=\"color: #cc0000\"><span style=\"font-family: Times New Roman, serif\"><span style=\"font-size: small\">G :<\/span><\/span><\/span> <span style=\"color: #000000\">En communion avec tous ses disciples que J\u00e9sus rassemble en ce Dimanche pour les envoyer dans le monde, nous te disons avec confiance la pri\u00e8re que lui-m\u00eame nous a apprise :<\/span><\/p>\n<p align=\"CENTER\"><span style=\"color: #000000\"><b>Notre P\u00e8re, qui es aux cieux,<br \/>que ton nom soit sanctifi\u00e9,<br \/>que ton r\u00e8gne vienne,<br \/>que ta volont\u00e9 soit faite sur la terre comme au ciel.<br \/>Donne-nous aujourd&rsquo;hui notre pain de ce jour.<br \/><\/b><b> <\/b><b>Pardonne-nous nos offenses,<br \/>comme nous pardonnons aussi \u00e0 ceux qui nous ont offens\u00e9s.<br \/>Et ne nous laisse pas entrer en tentation<br \/>mais d\u00e9livre-nous du Mal.<br \/>Amen<\/b><\/span><\/p>\n<p><span style=\"color: #cc0000\"><span style=\"font-family: Times New Roman, serif\"><span style=\"font-size: small\">Nous pouvons poursuivre : <\/span><\/span><\/span><span style=\"color: #000000\">D\u00e9livre-nous de tout mal Seigneur et donne la paix \u00e0 notre temps. Par ta mis\u00e9ricorde lib\u00e8re-nous du p\u00e9ch\u00e9, rassure-nous devant les \u00e9preuves en cette vie o\u00f9 nous esp\u00e9rons le bonheur que tu promets dans la venue de J\u00e9sus-Christ notre Sauveur.<\/span><br \/><span style=\"color: #000000\">Car c&rsquo;est \u00e0 Toi qu&rsquo;appartiennent le R\u00e8gne, la Puissance et la Gloire pour les si\u00e8cles des si\u00e8cles.<\/span><\/p>\n<h6 class=\"western\">Pri\u00e8re de communion spirituelle<\/h6>\n<p><span style=\"color: #cc0000\"><span style=\"font-family: Times New Roman, serif\"><span style=\"font-size: small\">G invite ceux qui sont rassembl\u00e9s \u00e0 la maison \u00e0 s&rsquo;unir \u00e0 la pri\u00e8re de communion spirituelle :<\/span><\/span><\/span><\/p>\n<p align=\"CENTER\"><span style=\"color: #0000ff\">Seigneur J\u00e9sus, je crois \u00e0 ta v\u00e9ritable pr\u00e9sence<br \/>dans le pain et dans le vin consacr\u00e9s.<br \/>Je t&rsquo;aime toi le Seigneur de ma vie.<br \/>Je d\u00e9sire profond\u00e9ment r\u00e9pondre \u00e0 ton invitation,<br \/><\/span> <span style=\"color: #0000ff\">communier, te recevoir au plus intime de ma vie.<br \/>Je ne peux maintenant te recevoir sacramentellement.<br \/>Viens Seigneur habiter spirituellement ma vie.<br \/>J&rsquo;ai faim de ton amour,j&rsquo;ai faim de ta vie donn\u00e9e pour nourrir toute ma vie.<br \/>Au jour le jour que j&rsquo;apprenne de toi \u00e0 donner ma vie,\u00e0 aimer.<br \/>Oui, Seigneur J\u00e9sus que je demeure fid\u00e8le \u00e0 ton commandement<br \/><\/span> <span style=\"color: #0000ff\">et que jamais je ne sois s\u00e9par\u00e9 de toi. <br \/><\/span><span style=\"color: #0000ff\"><b>Amen<\/b><\/span><\/p>\n<p><span style=\"color: #cc0000\"><span style=\"font-family: Times New Roman, serif\"><span style=\"font-size: small\">Cette pri\u00e8re est suivie d&rsquo;un bon moment de silence, de communion spirituelle.<\/span><\/span><\/span><\/p>\n<h5 class=\"western\">Nous sommes envoy\u00e9s<\/h5>\n<p><span style=\"color: #cc0000\"><span style=\"font-family: Times New Roman, serif\"><span style=\"font-size: small\">Pri\u00e8re de conclusion<br \/>G :<\/span><\/span><\/span> <span style=\"color: #000000\">Seigneur, dans notre vie il y a encore des endroits o\u00f9 r\u00e8gne l&rsquo;ombre. Fais-les passer au grand jour. Enl\u00e8ve de nous la peur de la lumi\u00e8re, Seigneur. Apprends-nous \u00e0 aimer ta lumi\u00e8re.<\/span><br \/><span style=\"color: #000000\">Ta lumi\u00e8re si douce qui regarde sans juger, la lumi\u00e8re de ta v\u00e9rit\u00e9, qui lib\u00e8re et nous rend semblable \u00e0 toi. Ta lumi\u00e8re est contagieuse, Seigneur. Si je viens \u00e0 ta lumi\u00e8re, j&rsquo;en serai heureux, et d&rsquo;autres suivront. Nos vies illumin\u00e9es deviendront un grand chant d&rsquo;amour, \u00e0 toi qui fais l&#8217;emporter la vie, d\u00e8s maintenant, pour les si\u00e8cles des si\u00e8cles. <\/span><br \/><span style=\"color: #000000\"><b>Amen<\/b><\/span><\/p>\n<p><span style=\"color: #cc0000\"><span style=\"font-family: Times New Roman, serif\"><span style=\"font-size: small\">Puis le ou la plus ancien(ne) b\u00e9nit l&rsquo;assembl\u00e9e :<br \/><\/span><\/span><\/span><span style=\"color: #000000\">Que Dieu tout-puissant nous b\u00e9nisse : le P\u00e8re, le Fils, et le Saint Esprit.<\/span> <br \/><span style=\"color: #cc0000\"><span style=\"font-family: Times New Roman, serif\"><span style=\"font-size: small\">Tous\u00a0: <\/span><\/span><\/span><span style=\"color: #000000\"><b>Amen<br \/><\/b>Confiants qu&rsquo;avec lui nous sommes dans la v\u00e9rit\u00e9, allons dans la paix du Christ !<\/span><br \/><span style=\"color: #cc0000\"><span style=\"font-family: Times New Roman, serif\"><span style=\"font-size: small\">Tous\u00a0: <\/span><\/span><\/span><span style=\"color: #000000\"><b>Nous rendons gr\u00e2ce \u00e0 Dieu.<\/b><\/span><\/p>\n<p><span style=\"color: #cc0000\"><span style=\"font-family: Times New Roman, serif\"><span style=\"font-size: small\">Puis si possible prendre un chant.<\/span><\/span><\/span><\/p>\n<p><span style=\"color: #cc0000\"><span style=\"font-family: Times New Roman, serif\"><span style=\"font-size: small\">Bon dimanche\u00a0!<\/span><\/span><\/span><\/p>\n","protected":false},"excerpt":{"rendered":"","protected":false},"author":2,"featured_media":3684,"comment_status":"closed","ping_status":"closed","sticky":false,"template":"","format":"standard","meta":{"kt_blocks_editor_width":"","footnotes":""},"categories":[25,7],"tags":[4,23,6],"_links":{"self":[{"href":"https:\/\/eglise-catholique-valdorge.fr\/index.php?rest_route=\/wp\/v2\/posts\/3683"}],"collection":[{"href":"https:\/\/eglise-catholique-valdorge.fr\/index.php?rest_route=\/wp\/v2\/posts"}],"about":[{"href":"https:\/\/eglise-catholique-valdorge.fr\/index.php?rest_route=\/wp\/v2\/types\/post"}],"author":[{"embeddable":true,"href":"https:\/\/eglise-catholique-valdorge.fr\/index.php?rest_route=\/wp\/v2\/users\/2"}],"replies":[{"embeddable":true,"href":"https:\/\/eglise-catholique-valdorge.fr\/index.php?rest_route=%2Fwp%2Fv2%2Fcomments&post=3683"}],"version-history":[{"count":3,"href":"https:\/\/eglise-catholique-valdorge.fr\/index.php?rest_route=\/wp\/v2\/posts\/3683\/revisions"}],"predecessor-version":[{"id":3829,"href":"https:\/\/eglise-catholique-valdorge.fr\/index.php?rest_route=\/wp\/v2\/posts\/3683\/revisions\/3829"}],"wp:featuredmedia":[{"embeddable":true,"href":"https:\/\/eglise-catholique-valdorge.fr\/index.php?rest_route=\/wp\/v2\/media\/3684"}],"wp:attachment":[{"href":"https:\/\/eglise-catholique-valdorge.fr\/index.php?rest_route=%2Fwp%2Fv2%2Fmedia&parent=3683"}],"wp:term":[{"taxonomy":"category","embeddable":true,"href":"https:\/\/eglise-catholique-valdorge.fr\/index.php?rest_route=%2Fwp%2Fv2%2Fcategories&post=3683"},{"taxonomy":"post_tag","embeddable":true,"href":"https:\/\/eglise-catholique-valdorge.fr\/index.php?rest_route=%2Fwp%2Fv2%2Ftags&post=3683"}],"curies":[{"name":"wp","href":"https:\/\/api.w.org\/{rel}","templated":true}]}}