{"id":3831,"date":"2020-11-07T09:00:09","date_gmt":"2020-11-07T08:00:09","guid":{"rendered":"https:\/\/eglise-catholique-valdorge.fr\/?p=3831"},"modified":"2021-01-13T11:13:16","modified_gmt":"2021-01-13T10:13:16","slug":"lecture-des-textes-du-8-novembre-2020-au-milieu-de-la-nuit","status":"publish","type":"post","link":"https:\/\/eglise-catholique-valdorge.fr\/?p=3831","title":{"rendered":"Lecture des textes du 8 novembre 2020 \u2013 Au milieu de la nuit."},"content":{"rendered":"\n<p><span style=\"background-color: #99ccff\"><a style=\"background-color: #99ccff\" href=\"https:\/\/www.aelf.org\/2020-11-08\/romain\/messe\" target=\"_blank\" rel=\"noopener noreferrer\">Lecture des textes du 8 novembre 2020<\/a><\/span> \u2013 Au milieu de la nuit.<\/p>\n<p align=\"JUSTIFY\">Passage \u00e0 l\u2019heure d\u2019hiver, Samuel Paty, la basilique de Nice, les vacances de Toussaint, le nouveau confinement, la f\u00eate de Tous les Saints, la rentr\u00e9e scolaire, nouvelle suspension des c\u00e9l\u00e9brations, et donc nouveau report du bapt\u00eame des adultes cat\u00e9chum\u00e8nes,\u00a0le t\u00e9l\u00e9travail, la fragilit\u00e9 de beaucoup d\u2019entreprises\u2026 Nous voil\u00e0 de nouveau plong\u00e9s dans une actualit\u00e9 tr\u00e8s diverse, mais difficile \u00e0 vivre, plong\u00e9s au milieu de notre nuit du moment. Beaucoup s\u2019inqui\u00e8tent. Beaucoup se d\u00e9couragent. Mais aussi beaucoup se mobilisent. Garder le lien par t\u00e9l\u00e9phone, par mail, par les sites, par You Tube, par la Feuille-Info, par la pri\u00e8re, par les visites indispensables, par les engagements au service des plus fragiles, par l\u2019accueil des familles en deuil, par le travail des enseignants et de beaucoup d\u2019autres, \u2026<\/p>\n<p align=\"JUSTIFY\">Quand nous accueillons le passage du livre de la Sagesse, il nous rappelle que celui qui la cherche, \u00ab\u00a0<i>il la trouvera assise \u00e0 sa porte<\/i>\u00a0\u00bb \u2026 Pas si loin donc. \u00ab\u00a0<i>Au d\u00e9tour des sentiers, elle leur appara\u00eet avec un visage souriant. Dans chacune de leur pens\u00e9e, elle vient \u00e0 leur rencontre.\u00a0\u00bb <\/i><span style=\"font-size: small\"><i>(Sag 6,12-16) <\/i><\/span>La Sagesse n\u2019est donc pas si loin de nous. Et pas r\u00e9serv\u00e9e \u00e0 quelques \u00ab\u00a0sages\u00a0\u00bb, mais bien \u00e0 tous, au seuil de notre porte. Encore faut-il la \u00ab\u00a0<i>chercher d\u00e8s l\u2019aurore<\/i>\u00a0\u00bb \u2026<\/p>\n<p align=\"JUSTIFY\">Et tous ceux qui l\u2019ont v\u00e9cu, \u00e0 un moment ou \u00e0 un autre dans leur vie, se trouvent engag\u00e9s dans la relation avec Dieu, m\u00eame s\u2019ils ne le savent pas. St Paul nous le rappelle, parole \u00e0 entendre dans ces moments douloureux pour beaucoup\u00a0: \u00ab\u00a0<i>J\u00e9sus, nous le croyons, est ressuscit\u00e9\u00a0; de m\u00eame, nous le croyons aussi, ceux qui se sont endormis, Dieu, par J\u00e9sus, les emm\u00e8nera avec lui\u00a0<\/i>\u00bb <span style=\"font-size: small\">(Thessaloniciens 4, 13-18) <\/span><\/p>\n<p align=\"JUSTIFY\">C\u2019est pourquoi, chaque jour, il faut nous r\u00e9veiller de nos nuits. Et nous pr\u00e9parer \u00e0 ce r\u00e9veil qui nous ouvre \u00e0 de l\u2019inattendu, \u00e0 l\u2019accueil de la sagesse. C\u2019est ce que J\u00e9sus \u00e9voque dans cette histoire qu\u2019il raconte\u00a0:<\/p>\n<p align=\"JUSTIFY\">\u00ab\u00a0<i>Comme l\u2019\u00e9poux tardait, elles s\u2019assoupirent toutes et s\u2019endormirent. Au milieu de la nuit il y eut un cri\u00a0: \u00ab\u00a0Voici l\u2019\u00e9poux\u00a0! Sortez \u00e0 sa rencontre\u00a0\u00bb. Alors, toutes ces jeunes filles se r\u00e9veill\u00e8rent et se mirent \u00e0 pr\u00e9parer leur lampe. Les insouciantes demand\u00e8rent aux pr\u00e9voyantes\u00a0: \u00ab\u00a0donnez-nous de votre huile\u00a0\u00bb \u2026\u00a0\u00bb<\/i> <span style=\"font-size: small\">(Mat 25, 1-13). <\/span>Finalement, tout le monde se r\u00e9veille au milieu de la nuit en entendant les cris\u2026 Avec la sagesse assise \u00e0 nos portes. Mais de quel c\u00f4t\u00e9 sommes-nous\u00a0: les pr\u00e9voyants qui pr\u00e9parent ce dont ils ont besoin pour \u00eatre l\u00e0\u00a0au bon moment ? Ou les insouciants qui laissent aller les choses, et sont incapables d\u2019\u00eatre l\u00e0 au moment o\u00f9 il faut\u00a0? En tout cas, dans l\u2019une ou l\u2019autre attitude, nous ne sommes jamais seuls\u2026 J\u00e9sus est conscient de tout ce qu\u2019est l\u2019humain, et que rien n\u2019est jamais pr\u00e9visible. Mais aussi qu\u2019il nous invite \u00e0 sortir \u00e0 la rencontre, surtout au milieu de la nuit, comme lui. Alors, il nous donne donc un conseil\u00a0: \u00ab\u00a0<i>Veillez donc, car vous ne savez ni le jour ni l\u2019heure<\/i>\u00a0\u00bb.<\/p>\n<p align=\"JUSTIFY\">Olivier Morand<\/p>\n","protected":false},"excerpt":{"rendered":"","protected":false},"author":2,"featured_media":2690,"comment_status":"closed","ping_status":"open","sticky":false,"template":"","format":"standard","meta":{"kt_blocks_editor_width":"","footnotes":""},"categories":[25,7],"tags":[4,23,6],"_links":{"self":[{"href":"https:\/\/eglise-catholique-valdorge.fr\/index.php?rest_route=\/wp\/v2\/posts\/3831"}],"collection":[{"href":"https:\/\/eglise-catholique-valdorge.fr\/index.php?rest_route=\/wp\/v2\/posts"}],"about":[{"href":"https:\/\/eglise-catholique-valdorge.fr\/index.php?rest_route=\/wp\/v2\/types\/post"}],"author":[{"embeddable":true,"href":"https:\/\/eglise-catholique-valdorge.fr\/index.php?rest_route=\/wp\/v2\/users\/2"}],"replies":[{"embeddable":true,"href":"https:\/\/eglise-catholique-valdorge.fr\/index.php?rest_route=%2Fwp%2Fv2%2Fcomments&post=3831"}],"version-history":[{"count":2,"href":"https:\/\/eglise-catholique-valdorge.fr\/index.php?rest_route=\/wp\/v2\/posts\/3831\/revisions"}],"predecessor-version":[{"id":3835,"href":"https:\/\/eglise-catholique-valdorge.fr\/index.php?rest_route=\/wp\/v2\/posts\/3831\/revisions\/3835"}],"wp:featuredmedia":[{"embeddable":true,"href":"https:\/\/eglise-catholique-valdorge.fr\/index.php?rest_route=\/wp\/v2\/media\/2690"}],"wp:attachment":[{"href":"https:\/\/eglise-catholique-valdorge.fr\/index.php?rest_route=%2Fwp%2Fv2%2Fmedia&parent=3831"}],"wp:term":[{"taxonomy":"category","embeddable":true,"href":"https:\/\/eglise-catholique-valdorge.fr\/index.php?rest_route=%2Fwp%2Fv2%2Fcategories&post=3831"},{"taxonomy":"post_tag","embeddable":true,"href":"https:\/\/eglise-catholique-valdorge.fr\/index.php?rest_route=%2Fwp%2Fv2%2Ftags&post=3831"}],"curies":[{"name":"wp","href":"https:\/\/api.w.org\/{rel}","templated":true}]}}