{"id":3858,"date":"2020-11-14T09:00:00","date_gmt":"2020-11-14T08:00:00","guid":{"rendered":"https:\/\/eglise-catholique-valdorge.fr\/?p=3858"},"modified":"2021-01-29T14:35:17","modified_gmt":"2021-01-29T13:35:17","slug":"temoignages-du-secours-catholique","status":"publish","type":"post","link":"https:\/\/eglise-catholique-valdorge.fr\/?p=3858","title":{"rendered":"T\u00e9moignages du Secours Catholique"},"content":{"rendered":"\n<p><span style=\"color: #000099\"><b>Extrait de la lettre aux pr\u00eatres de Jordi Postius.<\/b><\/span><\/p>\n<p align=\"RIGHT\"><span style=\"color: #000099\">12 novembre 2020<\/span><\/p>\n<p align=\"JUSTIFY\"><span style=\"color: #000099\">Vous savez que tous les ans, le troisi\u00e8me dimanche de novembre, les samedi 14 et dimanche 15 novembre 2020, il nous est propos\u00e9 de vivre une journ\u00e9e nationale du Secours Catholique en m\u00eame temps que la journ\u00e9e mondiale des pauvres. A cette occasion, le Secours Catholique \u2013 Caritas France, interpelle plus sp\u00e9cialement tous les chr\u00e9tiens. <\/span><\/p>\n<p align=\"JUSTIFY\"><span style=\"color: #000099\">Cette journ\u00e9e, au-del\u00e0 de l&rsquo;aspect financier ind\u00e9niable (par sa qu\u00eate imp\u00e9r\u00e9e), nous permet d&rsquo;un peu mieux faire conna\u00eetre le Secours Catholique, particuli\u00e8rement dans ses actions en Essonne. <\/span><\/p>\n<p align=\"CENTER\"><span style=\"color: #000099\">*<\/span><\/p>\n<p align=\"JUSTIFY\"><span style=\"color: #000099\">Je vous l\u2019ai d\u00e9j\u00e0 dit les ann\u00e9es pr\u00e9c\u00e9dentes, mais il est toujours utile de le rappeler, en Essonne le Secours Catholique c&rsquo;est presque 800 b\u00e9n\u00e9voles r\u00e9partis en 36 \u00e9quipes locales et 10 services dioc\u00e9sains. <\/span><\/p>\n<p align=\"JUSTIFY\"><span style=\"color: #000099\">Cet \u00e9t\u00e9, malgr\u00e9 le Covid19, le Secours Catholique de l\u2019Essonne a offert des vacances \u00e0 une centaine d\u2019enfants, accueillis par des familles de vacances ou dans des camps de jeunes. <\/span><\/p>\n<p align=\"JUSTIFY\"><span style=\"color: #000099\">Cette ann\u00e9e, \u00e0 cause du confinement, nous avons \u00e9t\u00e9 submerg\u00e9s d\u2019appels de d\u00e9tresse par une foule de personnes isol\u00e9es ou de familles incapables de s\u2019en sortir toutes seules. Les \u00e9quipes du Secours Catholique \u2013 Caritas France ont r\u00e9pondu au mieux de leurs possibilit\u00e9s alors qu\u2019elles \u00e9taient elles-m\u00eames fragilis\u00e9es par les mesures de protection ou par la maladie. <\/span><\/p>\n<p align=\"JUSTIFY\"><span style=\"color: #000099\">Oui les aides d\u2019urgence se sont multipli\u00e9es, nous avons distribu\u00e9 pr\u00e8s de 125.000 \u20ac pour subvenir aux besoins&#8230; mais aussi nous avons continu\u00e9 \u00e0 accueillir et \u00e0 soutenir tant et tant de nos concitoyens ou d\u2019immigr\u00e9s qui n\u2019avaient que les membres b\u00e9n\u00e9voles des \u00e9quipes locales comme \u00ab bou\u00e9e de sauvetage \u00bb qui leur permettait de ne pas trop se d\u00e9courager ! <\/span><\/p>\n<p align=\"JUSTIFY\"><span style=\"color: #000099\">Savez-vous que le Secours Catholique de l\u2019Essonne g\u00e8re cinq centres de domiciliation pour les personnes sans-abri, les gens du voyage ou les \u00e9trangers sans domicile fixe ? <\/span><\/p>\n<p align=\"JUSTIFY\"><span style=\"color: #000099\">Savez-vous que le service prison du Secours Catholique de l\u2019Essonne est le plus important de France ? Entre autres, \u00e0 No\u00ebl il distribue pr\u00e8s de 900 colis de No\u00ebl aux d\u00e9tenus les plus d\u00e9munis. <\/span><\/p>\n<p align=\"JUSTIFY\"><span style=\"color: #000099\">Voici quelques exemples du dynamisme du Secours Catholique de l\u2019Essonne qui, malgr\u00e9 la crise sanitaire, \u0153uvre, jour apr\u00e8s jour aux c\u00f4t\u00e9s des plus d\u00e9munis. <\/span><\/p>\n<p align=\"JUSTIFY\"><span style=\"color: #000099\">Dans la grande cha\u00eene de la solidarit\u00e9 et la lutte contre la pauvret\u00e9, chacun \u00e0 son niveau, a un r\u00f4le \u00e0 jouer : <\/span><\/p>\n<ul>\n<li><span style=\"color: #000099\">les donateurs qui par leurs dons, permettent d&rsquo;avoir les moyens pour les actions concr\u00e8tes des b\u00e9n\u00e9voles ; <\/span><\/li>\n<li><span style=\"color: #000099\">les b\u00e9n\u00e9voles, qui donnent beaucoup de leur temps ; <\/span><\/li>\n<li><span style=\"color: #000099\">les accueillis, qui reprennent confiance en eux gr\u00e2ce \u00e0 ce soutien et \u00e9laborent des projets afin de retrouver leur place dans la soci\u00e9t\u00e9\u2026 <\/span><\/li>\n<\/ul>\n<p align=\"JUSTIFY\"><span style=\"color: #000099\">Voil\u00e0, en peu de mots, l&rsquo;essentiel de ce que fait le Secours Catholique au quotidien.<\/span><\/p>\n<p align=\"RIGHT\"><span style=\"color: #000099\">Jordi POSTIUS, aum\u00f4nier dioc\u00e9sain du Secours Catholique<\/span><\/p>\n<p><span style=\"color: #000099\">Notre appel \u00e0 don en invitant \u00e0 faire un don en ligne sur notre site\u00a0: <u>don.secours-catholique.org<\/u><\/span><\/p>\n\n\n<table style=\"width: 100%;border-collapse: collapse\" cellspacing=\"5\">\n<tbody>\n<tr>\n<td style=\"width: 44.2666%\">\n<p><strong style=\"color: #4682b4\">Comme une lumi\u00e8re<\/strong><\/p>\n<p style=\"text-align: center\"><span style=\"color: #4682b4\"><span class=\"tadv-color\">Marcher dans la cit\u00e9<br \/>Sans savoir o\u00f9 aller,<br \/>Puis voir de la lumi\u00e8re,<br \/>Et enfin s&rsquo;arr\u00eater<br \/>Regarder \u00e0 droite<br \/>Puis \u00e0 gauche<br \/>Et ne faire que passer<br \/>Ou bien pousser la porte<br \/>D\u00e9cider de rentrer!<br \/>S&rsquo;assoir pr\u00e8s de la table<br \/>Et puis enfin rester !<br \/>Boire un petit caf\u00e9 <br \/>Ou bien une tasse de th\u00e9<br \/>Avec des petits sabl\u00e9s.<br \/>Se taire ou bien parler<br \/>Sourire&#8230;et quelquefois chanter !<br \/>Se regarder et puis parler.<br \/>Parler avec le c\u0153ur,<br \/>Parler avec des mots,<br \/>Parler avec les yeux,<br \/>Et puis partir <br \/>Ou bien rester!<br \/>Rester un peu <br \/>Ou bien longtemps <br \/>choisir des v\u00eatements<br \/>L&rsquo;apr\u00e8s midi durant !<br \/>Venir pour rien,<br \/>Pour \u00eatre bien <br \/>Tout simplement<br \/>Quelques instants,<br \/>Avec quelqu&rsquo;un qui nous \u00e9coute !<br \/>Avec quelqu&rsquo;un qui nous parle !<br \/>Etre un lieu o\u00f9 l&rsquo;on aime se rencontrer,<br \/>O\u00f9 l&rsquo;on peut partager<br \/>Ce que l&rsquo;on a \u00e0 donner,<br \/>Une parole, un conseil,<br \/>Un g\u00e2teau, un caf\u00e9, un sourire !<br \/>Le secours catholique <br \/>C&rsquo;est peut-\u00eatre un peu \u00e7\u00e0<br \/>Une lumi\u00e8re dans un quartier,<br \/>O\u00f9 l&rsquo;on se sent accueilli<br \/>Tel qu&rsquo;on est,<br \/>Un endroit pour se poser,<br \/>Une porte ouverte <br \/>Qu&rsquo;on a envie de passer<br \/>Pour se sentir r\u00e9confort\u00e9,<br \/>Et se sentir exister !<\/span><\/span><\/p>\n<p style=\"text-align: right\"><span style=\"color: #4682b4\"><span class=\"tadv-color\"><em>Marie-Jos\u00e9<\/em><\/span><\/span><\/p>\n<\/td>\n<td style=\"width: 3.06669%\">\u00a0<\/td>\n<td style=\"width: 52.6667%;vertical-align: top\">\n<p><strong><span style=\"color: #dc143c\">Antenne de Saint-Michel-sur-Orge<\/span><\/strong><\/p>\n<p><span style=\"color: #dc143c\">\u00a0 \u00a0Le Secours Catholique est soumis, comme toutes les associations de la cit\u00e9, \u00e0 un confinement strict qui ne lui permet pas, provisoirement, d\u2019assurer l\u2019ouverture de son local pour accueillir les personnes dans le besoin, ni d\u2019assurer les cours d\u2019apprentissage du fran\u00e7ais, ni de permettre les r\u00e9unions habituelles de l\u2019\u00e9quipe pour prendre les d\u00e9cisions n\u00e9cessaires \u00e0 sa mission d\u2019accompagnement.<\/span><\/p>\n<p><span style=\"color: #dc143c\">\u00a0 \u00a0Nous n\u2019en oublions pas pour autant nos accueillis habituels et occasionnels. Si vous \u00e9prouvez, vous ou quelqu\u2019un de votre connaissance, le besoin de rencontrer une personne de l\u2019\u00e9quipe, pour un accompagnement dans une d\u00e9marche administrative ou r\u00e9pondre \u00e0 un besoin particulier, vous pouvez toujours nous joindre :\u00a0<\/span><\/p>\n<ul>\n<li><span style=\"color: #dc143c\">Par t\u00e9l\u00e9phone au 01 60 15 16 59 (un r\u00e9pondeur prendra votre appel si vous laissez votre n\u00b0 de t\u00e9l\u00e9phone ;<\/span><\/li>\n<li><span style=\"color: #dc143c\">Par mail au\u00a0<a href=\"mailto:sc91.stmichelsurorge@gmail.com\">sc91.stmichelsurorge@gmail.com<\/a>.<\/span><\/li>\n<\/ul>\n<p><span style=\"color: #dc143c\">\u00a0 \u00a0Les messages laiss\u00e9s sont fr\u00e9quemment lus et vous serez recontact\u00e9 en cons\u00e9quence.<\/span><\/p>\n<p><span style=\"color: #dc143c\">\u00a0 \u00a0Nous attendons, comme vous, de pouvoir nous rencontrer \u00e0 nouveau, rien ne pouvant remplacer un contact direct.<\/span><\/p>\n<p><span style=\"color: #dc143c\">\u00a0 \u00a0Restez attentif aux directives en cours. Nous restons \u00e0 votre \u00e9coute. A bient\u00f4t,<\/span><\/p>\n<p style=\"text-align: right\"><span style=\"color: #dc143c\"><em>L\u2019\u00e9quipe locale<\/em><\/span><\/p>\n<\/td>\n<\/tr>\n<\/tbody>\n<\/table>\n\n\n<div class=\"wp-block-group\"><div class=\"wp-block-group__inner-container is-layout-flow wp-block-group-is-layout-flow\"><\/div><\/div>\n\n\n","protected":false},"excerpt":{"rendered":"<p>Comme une lumi\u00e8re Marcher dans la cit\u00e9Sans savoir o\u00f9 aller,Puis voir de la lumi\u00e8re,Et enfin s&rsquo;arr\u00eaterRegarder \u00e0 droitePuis \u00e0 gaucheEt ne faire que passerOu bien pousser la porteD\u00e9cider de rentrer!S&rsquo;assoir pr\u00e8s de la tableEt puis enfin rester !Boire un petit &hellip; <a href=\"https:\/\/eglise-catholique-valdorge.fr\/?p=3858\">Lire la suite\u00ad\u00ad<\/a><\/p>\n","protected":false},"author":2,"featured_media":1518,"comment_status":"closed","ping_status":"closed","sticky":false,"template":"","format":"standard","meta":{"kt_blocks_editor_width":"","footnotes":""},"categories":[25],"tags":[9],"_links":{"self":[{"href":"https:\/\/eglise-catholique-valdorge.fr\/index.php?rest_route=\/wp\/v2\/posts\/3858"}],"collection":[{"href":"https:\/\/eglise-catholique-valdorge.fr\/index.php?rest_route=\/wp\/v2\/posts"}],"about":[{"href":"https:\/\/eglise-catholique-valdorge.fr\/index.php?rest_route=\/wp\/v2\/types\/post"}],"author":[{"embeddable":true,"href":"https:\/\/eglise-catholique-valdorge.fr\/index.php?rest_route=\/wp\/v2\/users\/2"}],"replies":[{"embeddable":true,"href":"https:\/\/eglise-catholique-valdorge.fr\/index.php?rest_route=%2Fwp%2Fv2%2Fcomments&post=3858"}],"version-history":[{"count":20,"href":"https:\/\/eglise-catholique-valdorge.fr\/index.php?rest_route=\/wp\/v2\/posts\/3858\/revisions"}],"predecessor-version":[{"id":3895,"href":"https:\/\/eglise-catholique-valdorge.fr\/index.php?rest_route=\/wp\/v2\/posts\/3858\/revisions\/3895"}],"wp:featuredmedia":[{"embeddable":true,"href":"https:\/\/eglise-catholique-valdorge.fr\/index.php?rest_route=\/wp\/v2\/media\/1518"}],"wp:attachment":[{"href":"https:\/\/eglise-catholique-valdorge.fr\/index.php?rest_route=%2Fwp%2Fv2%2Fmedia&parent=3858"}],"wp:term":[{"taxonomy":"category","embeddable":true,"href":"https:\/\/eglise-catholique-valdorge.fr\/index.php?rest_route=%2Fwp%2Fv2%2Fcategories&post=3858"},{"taxonomy":"post_tag","embeddable":true,"href":"https:\/\/eglise-catholique-valdorge.fr\/index.php?rest_route=%2Fwp%2Fv2%2Ftags&post=3858"}],"curies":[{"name":"wp","href":"https:\/\/api.w.org\/{rel}","templated":true}]}}