{"id":3896,"date":"2020-11-21T09:00:00","date_gmt":"2020-11-21T08:00:00","guid":{"rendered":"https:\/\/eglise-catholique-valdorge.fr\/?p=3896"},"modified":"2020-12-15T10:27:04","modified_gmt":"2020-12-15T09:27:04","slug":"liturgie-familiale-de-la-fete-du-christ-roi-de-lunivers-secteur-du-val-dorge-22-novembre-2020","status":"publish","type":"post","link":"https:\/\/eglise-catholique-valdorge.fr\/?p=3896","title":{"rendered":"Liturgie familiale de la f\u00eate du Christ Roi de l&rsquo;Univers. Secteur du Val d&rsquo;Orge \u2013 22 novembre 2020"},"content":{"rendered":"\n<p align=\"CENTER\"><span style=\"color: #ff6600\"><span style=\"font-size: xx-large\"><b>Liturgie familiale de la f\u00eate du Christ Roi de l&rsquo;Univers<br \/><\/b><\/span><span style=\"font-size: xx-large\">Secteur du Val d&rsquo;Orge \u2013 22 novembre 2020<\/span><\/span><\/p>\n<h4 class=\"western\"><span style=\"color: #ff6600\">Pr\u00e9paration<\/span><\/h4>\n<p>Parce que nous ne pouvons plus nous r\u00e9unir pour partager le repas du Seigneur, voici une proposition pour c\u00e9l\u00e9brer \u00e0 la maison, seul ou en famille, n&rsquo;h\u00e9sitez pas \u00e0 l&rsquo;adapter.<\/p>\n<p><i>Commen\u00e7ons par pr\u00e9parer l&rsquo;endroit o\u00f9 nous allons prier : la Bible ou le Nouveau Testament ouvert sur l&rsquo;\u00c9vangile du jour, une lampe ou un lumignon, &#8230; <br \/>S&rsquo;il y a des chanteurs et des musiciens \u00e0 la maison, ils peuvent participer en pr\u00e9parant un chant ou deux.<\/i><\/p>\n<p>Si vous \u00eates plusieurs, vous d\u00e9signez celui ou celle qui va guider la pri\u00e8re (d\u00e9sign\u00e9 ensuite par G), par exemple, le p\u00e8re ou la m\u00e8re de famille ou le(la) plus ancien(ne).<br \/><span style=\"color: #cc0000\"><span style=\"font-family: Times New Roman, serif\"><span style=\"font-size: small\">Les indications sur comment faire ou qui doit faire sont en rouge.\u00a0 <\/span><\/span><\/span><b>En gras<\/b> figurent les textes \u00e0 dire par tout le monde. Les liens apparaissent en surlign\u00e9s.<span style=\"color: #0084d1\"> Les chants sont indiqu\u00e9s par une petite note de musique\u00a0: \u266a<\/span><\/p>\n<h4 class=\"western\"><span style=\"color: #ff6600\">Chants propos\u00e9s<\/span><\/h4>\n<p><span style=\"color: #0084d1\">\u266a<\/span><span style=\"color: #0084d1\"> Christ Roi du monde (M35)<br \/><\/span><span style=\"color: #0084d1\">\u266a Roi du monde, J\u00e9sus vivant (M39-71 &#8211; AX39-71)<br \/><\/span><span style=\"color: #0084d1\">\u266a <span style=\"background-color: #ccffff\"><a style=\"background-color: #ccffff\" href=\"https:\/\/youtu.be\/3CJ9rlTKPL8\" target=\"_blank\" rel=\"noopener noreferrer\">Acclamons le Roi du ciel<\/a><\/span> (IEV 19-01) <\/span><span style=\"color: #000080\"><u><br \/><\/u><\/span><span style=\"color: #0084d1\">\u266a <span style=\"background-color: #ccffff\"><a style=\"background-color: #ccffff\" href=\"https:\/\/youtu.be\/cMWS7HMfJDM\" target=\"_blank\" rel=\"noopener noreferrer\">B\u00e9nissez le Roi des si\u00e8cles<\/a><\/span><\/span><span style=\"color: #000080\"><u><br \/><\/u><\/span><span style=\"color: #0084d1\">\u266a <span style=\"background-color: #ccffff\"><a style=\"background-color: #ccffff\" href=\"https:\/\/youtu.be\/ZXzDOcRJuFM\" target=\"_blank\" rel=\"noopener noreferrer\">\u00d4 J\u00e9sus, digne es tu<\/a><\/span><\/span><span style=\"color: #000080\"><u><br \/><\/u><\/span><span style=\"color: #0084d1\">\u266a <span style=\"background-color: #ccffff\"><a style=\"background-color: #ccffff\" href=\"https:\/\/youtu.be\/clpEYDjy3DQ\" target=\"_blank\" rel=\"noopener noreferrer\">Mon berger (All\u00e9luia)<\/a><\/span> \u2013 Glorious <\/span><span style=\"color: #000080\"><u><br \/><\/u><\/span><span style=\"color: #0084d1\">\u266a <span style=\"background-color: #ccffff\"><a style=\"background-color: #ccffff\" href=\"https:\/\/youtu.be\/MwIk8RfCCvY\" target=\"_blank\" rel=\"noopener noreferrer\">Psaume 22 Le Seigneur est mon berger<\/a><\/span> (GMLA) <\/span><span style=\"color: #000080\"><u><br \/><\/u><\/span><span style=\"color: #0084d1\">\u266a <span style=\"background-color: #ccffff\"><a style=\"background-color: #ccffff\" href=\"https:\/\/youtu.be\/onPVN4Mu6bg\" target=\"_blank\" rel=\"noopener noreferrer\">Que ma bouche chante ta louange<\/a><\/span> (EDIT18-38 \u2013 IEV 18-27) <\/span><span style=\"color: #000080\"><u><br \/><\/u><\/span><span style=\"color: #0084d1\">\u266a <span style=\"background-color: #ccffff\"><a style=\"background-color: #ccffff\" href=\"https:\/\/youtu.be\/6-X9TErfK_c\" target=\"_blank\" rel=\"noopener noreferrer\">Louange \u00e0 toi, notre Dieu<\/a><\/span> (L504 Y569 IEV 10-30) <\/span><span style=\"color: #000080\"><u><br \/><\/u><\/span><span style=\"color: #0084d1\">\u266a Venez chantons notre Dieu (A509 Y565 IEV 09-53)<br \/><\/span><span style=\"color: #0084d1\">\u266a <span style=\"background-color: #ccffff\"><a style=\"background-color: #ccffff\" href=\"https:\/\/youtu.be\/-SuIZNhQffs\" target=\"_blank\" rel=\"noopener noreferrer\">Que vienne ton r\u00e8gne<\/a><\/span> (EDIT16-03 IEV 17-48)\u00a0<\/span><u><\/u><\/p>\n<h4 class=\"western\"><span style=\"color: #ff6600\">Liturgie familiale<\/span><\/h4>\n<h5 class=\"western\"><span style=\"color: #ffae00\">Ouverture de la liturgie<\/span><\/h5>\n<p><span style=\"color: #cc0000\"><span style=\"font-family: Times New Roman, serif\"><span style=\"font-size: small\">G\u00a0:<\/span><\/span><\/span> Le Christ-Roi, que nous f\u00eatons aujourd&rsquo;hui, est un Roi serviteur, un Messie crucifi\u00e9 : dans son Royaume, les pauvres sont premiers et ceux qui souffrent sont les pr\u00e9f\u00e9r\u00e9s de Dieu. Il est aussi le Berger de son peuple, attentif \u00e0 la brebis bless\u00e9e ou \u00e9gar\u00e9e.<br \/>Ce Royaume qui renverse les hi\u00e9rarchies du pouvoir et de la richesse, nous sommes invit\u00e9s \u00e0 y prendre place d\u00e8s aujourd&rsquo;hui&#8230;<br \/>Acclamer le Christ-Roi, c&rsquo;est nous engager \u00e0 reconna\u00eetre son visage jusque dans le plus petit de nos fr\u00e8res. Ouvrons nos c\u0153urs \u00e0 sa Parole et demandons lui que son r\u00e8gne d&rsquo;amour et de paix vienne dans notre monde.<\/p>\n<p align=\"CENTER\"><span style=\"color: #cc0000\"><span style=\"font-family: Times New Roman, serif\"><span style=\"font-size: small\">Au moment de faire sur nous le signe de croix, prenons le temps de \u00ab\u00a0bien\u00a0\u00bb le faire : <br \/>ce signe tout entier, nous enveloppe, nous marque du signe de la r\u00e9demption,<br \/>est signe de l&rsquo;amour et de la mis\u00e9ricorde.<br \/>Il marque la pr\u00e9sence de Dieu parmi nous et nous rappelle que, par le Christ, nous sommes tous fr\u00e8res.<\/span><\/span><\/span><\/p>\n<p><span style=\"color: #cc0000\"><span style=\"font-family: Times New Roman, serif\"><span style=\"font-size: small\">G\u00a0: <\/span><\/span><\/span>En union avec notre \u00e9v\u00eaque et les chr\u00e9tiens de notre secteur, de notre dioc\u00e8se et du monde entier, tra\u00e7ons sur nous le signe de la Croix\u00a0:<\/p>\n<p align=\"CENTER\">AU NOM DU P\u00c8RE ET DU FILS ET DU SAINT ESPRIT. <b>AMEN<\/b><\/p>\n<p><span style=\"color: #cc0000\"><span style=\"font-family: Times New Roman, serif\"><span style=\"font-size: small\">G\u00a0:<\/span><\/span><\/span> Que Dieu notre P\u00e8re, et J\u00e9sus-Christ, notre Seigneur et notre Roi, qui veille sur nous comme un berger sur son troupeau, nous donnent la gr\u00e2ce et la paix.<br \/><span style=\"color: #cc0000\"><span style=\"font-family: Times New Roman, serif\"><span style=\"font-size: small\">Tous\u00a0: <\/span><\/span><\/span><b>B\u00e9ni sois-tu notre Dieu, maintenant et toujours.<\/b><\/p>\n<p><span style=\"color: #cc0000\"><span style=\"font-family: Times New Roman, serif\"><span style=\"font-size: small\">G\u00a0: <\/span><\/span><\/span>Le Christ, notre Seigneur et notre Roi, n&rsquo;a accept\u00e9 qu&rsquo;un seul pouvoir\u00a0: celui de l&rsquo;amour, force puissante de renouveau au c\u0153ur de notre monde&#8230; Mettons-nous en pr\u00e9sence de son amour :<\/p>\n<ul>\n<li>\n<p>Seigneur J\u00e9sus, toi le berger de toute brebis, ouvre nos c\u0153urs \u00e0 ta pr\u00e9sence<br \/><b>Seigneur, prends piti\u00e9<\/b><\/p>\n<\/li>\n<li>\n<p>\u00d4 Christ, toi qui es venu humble parmi les humbles, aide-nous \u00e0 te voir dans le visage de nos fr\u00e8res<br \/><b>\u00d4 Christ, prends piti\u00e9<\/b><\/p>\n<\/li>\n<li>\n<p>Seigneur J\u00e9sus, toi qui es sur ton tr\u00f4ne de gloire, fais de nous les serviteurs de ton amour<br \/><b>Seigneur, prends piti\u00e9<\/b><\/p>\n<\/li>\n<\/ul>\n<p><span style=\"color: #cc0000\"><span style=\"font-family: Times New Roman, serif\"><span style=\"font-size: small\">Nous pouvons chanter<\/span><\/span><\/span> <span style=\"color: #0084d1\">\u266a<\/span> <span style=\"color: #0084d1\">Gloire \u00e0 Dieu<\/span><\/p>\n<p><span style=\"color: #cc0000\"><span style=\"font-family: Times New Roman, serif\"><span style=\"font-size: small\">G\u00a0: <\/span><\/span><\/span>Dieu notre P\u00e8re, ton Fils J\u00e9sus n&rsquo;a d&rsquo;autre puissance que celle de l&rsquo;amour pour abattre les murailles de l&rsquo;indiff\u00e9rence\u00a0;<br \/>Puisque nous f\u00eatons aujourd&rsquo;hui sa royaut\u00e9, fais de nous ses fid\u00e8les disciples : mets-en nous la force d&rsquo;amour qu&rsquo;il a manifest\u00e9 pour toi et pour tout homme.<br \/>Alors le monde deviendra ce royaume qui manifestera ta grandeur pour les si\u00e8cles des si\u00e8cles. <br \/><b>Amen<\/b><\/p>\n<h5 class=\"western\"><span style=\"color: #ffae00\">Liturgie de la Parole\u00a0<\/span><\/h5>\n<p><span style=\"color: #cc0000\"><span style=\"font-family: Times New Roman, serif\"><span style=\"font-size: small\">G\u00a0:<\/span><\/span><\/span> Bien mieux que le titre de roi, c\u2019est celui de Pasteur qui convient au Christ, selon sa mission annonc\u00e9e dans la Bible : Ez\u00e9kiel nous dit comment nous devons entendre le titre de Roi donn\u00e9 au Christ.<\/p>\n<ul>\n<li>\n<p><span style=\"background-color: #ffff99\"><a style=\"background-color: #ffff99\" href=\"https:\/\/www.aelf.org\/2020-11-22\/romain\/messe#messe1_lecture1\" target=\"_blank\" rel=\"noopener noreferrer\">Lecture du livre du proph\u00e8te \u00c9z\u00e9kiel<\/a><\/span> (Ez 34, 11-12.15-17)<br \/><i>\u00ab Toi, mon troupeau, voici que je vais juger entre brebis et brebis \u00bb<\/i><\/p>\n<\/li>\n<\/ul>\n<p><i><\/i><span style=\"color: #cc0000\"><span style=\"font-family: Times New Roman, serif\"><span style=\"font-size: small\">G\u00a0:<\/span><\/span><\/span> Le psalmiste nous invite \u00e0 la confiance et \u00e0 la s\u00e9r\u00e9nit\u00e9 sous la protection de Dieu, notre berger<\/p>\n<ul>\n<li>\n<p><span style=\"background-color: #ffff99\"><a style=\"background-color: #ffff99\" href=\"https:\/\/www.aelf.org\/2020-11-22\/romain\/messe#messe1_lecture2\" target=\"_blank\" rel=\"noopener noreferrer\">Psaume 22<\/a><\/span> (23), 1-2ab, 2c-3, 4, 5, 6)<br \/><span style=\"color: #0084d1\">\u266a Le Seigneur est mon berger : rien ne saurait me manquer. <\/span><\/p>\n<\/li>\n<\/ul>\n<p><span style=\"color: #cc0000\"><span style=\"font-family: Times New Roman, serif\"><span style=\"font-size: small\">G : <\/span><\/span><\/span>Le pouvoir du Christ n\u2019a rien de politique. Sa victoire sur la mort, il la tient du P\u00e8re et il y associe tous ceux qui le suivent.<\/p>\n<ul>\n<li>\n<p><span style=\"background-color: #ffff99\"><a style=\"background-color: #ffff99\" href=\"https:\/\/www.aelf.org\/2020-11-22\/romain\/messe#messe1_lecture3\" target=\"_blank\" rel=\"noopener noreferrer\">Lecture de la premi\u00e8re lettre de saint Paul ap\u00f4tre aux Corinthiens<\/a><\/span> (1 Co 15, 20-26.28)<br \/><i>\u00ab Il remettra le pouvoir royal \u00e0 Dieu le P\u00e8re, et ainsi, Dieu sera tout en tous \u00bb<\/i><\/p>\n<\/li>\n<\/ul>\n<p><i><\/i><span style=\"color: #cc0000\"><span style=\"font-family: Times New Roman, serif\"><span style=\"font-size: small\">Acclamons l&rsquo;\u00e9vangile : <\/span><\/span><\/span><span style=\"color: #0084d1\">\u266a All\u00e9luia<br \/><\/span><span style=\"color: #cc0000\"><span style=\"font-family: Times New Roman, serif\"><span style=\"font-size: small\">G\u00a0: <\/span><\/span><\/span>B\u00e9ni soit celui qui vient au nom du Seigneur ! B\u00e9ni soit le R\u00e8gne qui vient, celui de David notre p\u00e8re.<\/p>\n<p><span style=\"color: #cc0000\"><span style=\"font-family: Times New Roman, serif\"><span style=\"font-size: small\">L&rsquo;un d&rsquo;entre vous lit l&rsquo;\u00c9vangile lentement :<\/span><\/span><\/span><\/p>\n<ul>\n<li>\n<p><a href=\"https:\/\/www.aelf.org\/2020-11-22\/romain\/messe#messe1_lecture4\" target=\"_blank\" rel=\"noopener noreferrer\"><span style=\"background-color: #ffff99\">\u00c9vangile de J\u00e9sus Christ selon saint Matthieu<\/span><\/a> (Mt 25, 31-46)<br \/><i>\u00ab Il si\u00e9gera sur son tr\u00f4ne de gloire et s\u00e9parera les hommes les uns des autres \u00bb<\/i><\/p>\n<\/li>\n<\/ul>\n<p><strong><span style=\"background-color: #ffff99\"><a style=\"background-color: #ffff99\" href=\"https:\/\/eglise-catholique-valdorge.fr\/?p=3908\" target=\"_blank\" rel=\"noopener noreferrer\">Commentaire du p\u00e8re G\u00e9rard<\/a><\/span><\/strong><\/p>\n<p><span style=\"color: #cc0000\"><span style=\"font-family: Times New Roman, serif\"><span style=\"font-size: small\">Apr\u00e8s un temps de silence nous proclamons ensemble la foi de notre bapt\u00eame :<br \/><\/span><\/span><\/span><span style=\"color: #cc0000\"><span style=\"font-family: Times New Roman, serif\"><span style=\"font-size: small\">G\u00a0: <\/span><\/span><\/span>Dans l&rsquo;attente du jour o\u00f9 il reviendra \u00ab\u00a0pour juger les vivants et les morts\u00a0\u00bb, proclamons tous ensemble la foi de l&rsquo;\u00c9glise :<\/p>\n<p align=\"CENTER\"><b>Je crois en Dieu, le P\u00e8re tout-puissant,<br \/>Cr\u00e9ateur du ciel et de la terre.<br \/>Et en J\u00e9sus Christ, son Fils unique, notre Seigneur ;<br \/>qui a \u00e9t\u00e9 con\u00e7u du Saint Esprit, est n\u00e9 de la Vierge Marie,<br \/>a souffert sous Ponce Pilate, a \u00e9t\u00e9 crucifi\u00e9,<br \/>est mort et a \u00e9t\u00e9 enseveli, est descendu aux enfers ;<br \/>le troisi\u00e8me jour est ressuscit\u00e9 des morts,<br \/>est mont\u00e9 aux cieux, est assis \u00e0 la droite de Dieu le P\u00e8re tout-puissant,<br \/>d\u2019o\u00f9 il viendra juger les vivants et les morts.<br \/>Je crois en l\u2019Esprit Saint, \u00e0 la sainte \u00c9glise catholique, \u00e0 la communion des saints,<br \/>\u00e0 la r\u00e9mission des p\u00e9ch\u00e9s, \u00e0 la r\u00e9surrection de la chair, \u00e0 la vie \u00e9ternelle.<\/b><\/p>\n<h5 class=\"western\"><span style=\"color: #ffae00\">Prions\u00a0<\/span><\/h5>\n<h6 class=\"western\"><span style=\"color: #993300\">Pri\u00e8re universelle<\/span><\/h6>\n<p><span style=\"color: #cc0000\"><span style=\"font-family: Times New Roman, serif\"><span style=\"font-size: small\">Apr\u00e8s un temps de silence nous partageons des intentions de pri\u00e8re. Vous pouvez les partager \u00e0 plusieurs voix. Un refrain peut \u00eatre repris entre chaque intentions. <\/span><\/span><\/span><\/p>\n<p><span style=\"color: #0084d1\">\u266a<\/span><span style=\"color: #0084d1\"> Seigneur, donne-nous ton Esprit pour b\u00e2tir ton Royaume<\/span><span style=\"color: #0084d1\">. <\/span><\/p>\n<p><span style=\"color: #cc0000\"><span style=\"font-family: Times New Roman, serif\"><span style=\"font-size: small\">Introduction\u00a0:<\/span><\/span><\/span> Tournons-nous vers notre Dieu et P\u00e8re qui fait confiance \u00e0 ses enfants et les veut responsables&#8230;<\/p>\n<ul>\n<li>\n<p>Seigneur J\u00e9sus, Toi le Berger qui vas \u00e0 la recherche de tes brebis&#8230;<br \/>Vois les chr\u00e9tiens des diff\u00e9rentes \u00c9glises,<br \/><i>Nous te disons merci pour le cheminement entrepris vers l&rsquo;unit\u00e9,<\/i><br \/>Soutiens-les pour qu&rsquo;ils rendent un m\u00eame t\u00e9moignage \u00e0 ton Amour.<\/p>\n<\/li>\n<li>\n<p>Seigneur J\u00e9sus, Toi qui soignes la brebis bless\u00e9e&#8230;<br \/>Vois les malades, les bless\u00e9s d&rsquo;hier et d&rsquo;aujourd&rsquo;hui.<br \/><i>Nous te disons merci pour tous ceux qui les entourent : proches et soignants<\/i><br \/>Donne \u00e0 tous la force de vivre dans l\u2019esp\u00e9rance.<\/p>\n<\/li>\n<li>\n<p>Seigneur J\u00e9sus, toi qui as le souci des brebis perdues&#8230;<br \/>Vois ceux qui ont \u00e9t\u00e9 abus\u00e9s par de faux bonheurs,<br \/><i>Merci pour les personnes sur leur route qui les aident \u00e0 discerner de vraies valeurs pour orienter leur existence&#8230;<\/i><\/p>\n<\/li>\n<li>\n<p>Seigneur J\u00e9sus, toi qui aimes tous tes enfants \u2026<br \/><i>Merci pour les jeunes du cat\u00e9chum\u00e9nat et de l\u2019aum\u00f4nerie qui doivent encore attendre la c\u00e9l\u00e9bration de leur bapt\u00eame ou de leur confirmation.<\/i><br \/>Que ton Esprit les guide sur le chemin o\u00f9 ils sont engag\u00e9s \u00e0 ta suite.<\/p>\n<\/li>\n<li>\n<p>Seigneur J\u00e9sus, dans ce temps de pand\u00e9mie o\u00f9 nous sommes confin\u00e9s dans nos maisons,<br \/><i>Merci de nous nourrir de ta Parole qui nous invite \u00e0 \u00eatre attentifs \u00e0 ceux qui en ont le plus besoin.<\/i><br \/>Aide-nous \u00e0 prier, \u00e0 partager notre foi et notre esp\u00e9rance dans ce temps qui s&rsquo;est ralenti.<\/p>\n<\/li>\n<\/ul>\n<p><span style=\"color: #cc0000\"><span style=\"font-family: Times New Roman, serif\"><span style=\"font-size: small\">Chacun pourra ensuite poursuivre avec des intentions personnelles de pri\u00e8re.<\/span><\/span><\/span><\/p>\n<p><span style=\"color: #cc0000\"><span style=\"font-family: Times New Roman, serif\"><span style=\"font-size: small\">G\u00a0: <\/span><\/span><\/span>Christ, roi du monde, Christ, notre fr\u00e8re, accorde-nous d&rsquo;\u00eatre les uns pour les autres des t\u00e9moins de ta pr\u00e9sence attentive \u00e0 nos c\u00f4t\u00e9s. Puisque tu nous aimes, exauce-nous, toi qui r\u00e8gnes pour les si\u00e8cles des si\u00e8cles.<br \/><b>Amen<\/b>.<\/p>\n<h6 class=\"western\"><span style=\"color: #993300\">Notre P\u00e8re<\/span><\/h6>\n<p><span style=\"color: #cc0000\"><span style=\"font-family: Times New Roman, serif\"><span style=\"font-size: small\">G\u00a0: <\/span><\/span><\/span>Comme nous l&rsquo;avons appris de notre Roi et et Sauveur, qui se fait humblement Fils, confiants en ton amour, nous osons dire :<\/p>\n<p align=\"CENTER\"><b>Notre P\u00e8re, qui es aux cieux,<br \/>que ton nom soit sanctifi\u00e9,<br \/>que ton r\u00e8gne vienne,<br \/>que ta volont\u00e9 soit faite sur la terre comme au ciel.<br \/>Donne-nous aujourd&rsquo;hui notre pain de ce jour.<br \/><\/b><b> <\/b><b>Pardonne-nous nos offenses,<br \/>comme nous pardonnons aussi \u00e0 ceux qui nous ont offens\u00e9s.<br \/>Et ne nous laisse pas entrer en tentation<br \/>mais d\u00e9livre-nous du Mal.<br \/>Amen<\/b><\/p>\n<p><span style=\"color: #cc0000\"><span style=\"font-family: Times New Roman, serif\"><span style=\"font-size: small\">Nous pouvons poursuivre : <\/span><\/span><\/span>D\u00e9livre-nous de tout mal Seigneur et donne la paix \u00e0 notre temps. Par ta mis\u00e9ricorde lib\u00e8re-nous du p\u00e9ch\u00e9, rassure-nous devant les \u00e9preuves en cette vie o\u00f9 nous esp\u00e9rons le bonheur que tu promets dans la venue de J\u00e9sus-Christ notre Sauveur.<br \/>Car c&rsquo;est \u00e0 Toi qu&rsquo;appartiennent le R\u00e8gne, la Puissance et la Gloire pour les si\u00e8cles des si\u00e8cles.<\/p>\n<p align=\"CENTER\"><b>Amen<\/b><\/p>\n<h6 class=\"western\"><span style=\"color: #993300\">Pri\u00e8re de communion spirituelle<\/span><\/h6>\n<p><span style=\"color: #cc0000\"><span style=\"font-family: Times New Roman, serif\"><span style=\"font-size: small\">G invite ceux qui sont rassembl\u00e9s \u00e0 la maison \u00e0 s&rsquo;unir \u00e0 la pri\u00e8re de communion spirituelle :<\/span><\/span><\/span><\/p>\n<p align=\"CENTER\"><span style=\"color: #0000ff\">Seigneur J\u00e9sus, je crois \u00e0 ta v\u00e9ritable pr\u00e9sence<br \/>dans le pain et dans le vin consacr\u00e9s.<br \/>Je t&rsquo;aime toi le Seigneur de ma vie.<br \/>Je d\u00e9sire profond\u00e9ment r\u00e9pondre \u00e0 ton invitation,<br \/><\/span> <span style=\"color: #0000ff\">communier, te recevoir au plus intime de ma vie.<br \/>Je ne peux maintenant te recevoir sacramentellement.<br \/>Viens Seigneur habiter spirituellement ma vie.<br \/>J&rsquo;ai faim de ton amour, j&rsquo;ai faim de ta vie donn\u00e9e pour nourrir toute ma vie.<br \/>Au jour le jour que j&rsquo;apprenne de toi \u00e0 donner ma vie, \u00e0 aimer.<br \/>Oui, Seigneur J\u00e9sus que je demeure fid\u00e8le \u00e0 ton commandement<br \/><\/span> <span style=\"color: #0000ff\">et que jamais je ne sois s\u00e9par\u00e9 de toi. <br \/><\/span><span style=\"color: #0000ff\"><b>Amen<\/b><\/span><\/p>\n<p><span style=\"color: #cc0000\"><span style=\"font-family: Times New Roman, serif\"><span style=\"font-size: small\">Cette pri\u00e8re est suivie d&rsquo;un bon moment de silence, de communion spirituelle.<\/span><\/span><\/span><\/p>\n<h5 class=\"western\"><span style=\"color: #ffae00\">Nous sommes envoy\u00e9s<\/span><\/h5>\n<p><span style=\"color: #cc0000\"><span style=\"font-family: Times New Roman, serif\"><span style=\"font-size: small\">Pri\u00e8re de conclusion<br \/>G\u00a0: <\/span><\/span><\/span>Dieu notre P\u00e8re, tu nous as fait contempler aujourd&rsquo;hui en ton Fils le Roi-Berger de l&rsquo;humanit\u00e9, attentif aux plus faibles. <br \/>Accorde-nous de discerner sa pr\u00e9sence dans ceux qui souffrent, et de Le servir en nous mettant \u00e0 leur service. Dieu b\u00e9ni pour les si\u00e8cles des si\u00e8cles. <br \/><b>Amen\u00a0!<\/b><\/p>\n<p><span style=\"color: #cc0000\"><span style=\"font-family: Times New Roman, serif\"><span style=\"font-size: small\">Puis le ou la plus ancien(ne) b\u00e9nit l&rsquo;assembl\u00e9e :<\/span><\/span><\/span><\/p>\n<p>Fr\u00e8res et s\u0153urs, en cette f\u00eate du Christ, Roi de l&rsquo;univers, dernier dimanche d&rsquo;une ann\u00e9e liturgique, nous avons referm\u00e9 le livre de l&rsquo;\u00e9vangile selon Saint Matthieu. Que la Parole de J\u00e9sus, accueillie dimanche apr\u00e8s dimanche, prenne corps dans nos vies et devienne Bonne Nouvelle pour les hommes et les femmes d&rsquo;aujourd&rsquo;hui !<br \/>Et que Dieu tout-puissant nous b\u00e9nisse : le P\u00e8re, le Fils, et le Saint Esprit.<br \/><span style=\"color: #cc0000\"><span style=\"font-family: Times New Roman, serif\"><span style=\"font-size: small\">Tous\u00a0: <\/span><\/span><\/span><b>Amen !<\/b><\/p>\n<p>En attendant de nous retrouver pour prendre ensemble la route d&rsquo;une nouvelle ann\u00e9e liturgique en compagnie de l&rsquo;\u00e9vang\u00e9liste Marc, Allons, dans la paix du Christ !<br \/><span style=\"color: #cc0000\"><span style=\"font-family: Times New Roman, serif\"><span style=\"font-size: small\">Tous\u00a0: <\/span><\/span><\/span><b>Nous rendons gr\u00e2ce \u00e0 Dieu.<\/b><\/p>\n<p><span style=\"color: #cc0000\"><span style=\"font-family: Times New Roman, serif\"><span style=\"font-size: small\">Puis si possible prendre un chant.<\/span><\/span><\/span><\/p>\n<p><span style=\"color: #cc0000\"><span style=\"font-family: Times New Roman, serif\"><span style=\"font-size: small\">Bon dimanche\u00a0!<\/span><\/span><\/span><\/p>\n<p>\u00a0<\/p>\n<h4><span style=\"color: #ff6600\">Pour aller plus loin<\/span><\/h4>\n<p>Le site KT42 qui propose des activit\u00e9s pour la cat\u00e9ch\u00e8se, met \u00e0 disposition un dossier pour comprendre la f\u00eate du Christ Roi qui cl\u00f4t le cycle de l\u2019ann\u00e9e liturgique :\u00a0<a href=\"https:\/\/www.kt42.fr\/2018\/12\/lire-et-comprendre-le-christ-roi.html\" target=\"_blank\" rel=\"noopener noreferrer\">https:\/\/www.kt42.fr\/2018\/12\/lire-et-comprendre-le-christ-roi.html<\/a><\/p>\n<p>Et pour les plus jeunes, vous y trouverez \u00e9galement des coloriages et des activit\u00e9s \u00e0 faire en famille : <a href=\"https:\/\/www.kt42.fr\/2016\/03\/christ-roi-coloriages-et-jeux.html\" target=\"_blank\" rel=\"noopener noreferrer\">https:\/\/www.kt42.fr\/2016\/03\/christ-roi-coloriages-et-jeux.html<\/a><\/p>\n","protected":false},"excerpt":{"rendered":"","protected":false},"author":2,"featured_media":3902,"comment_status":"closed","ping_status":"closed","sticky":false,"template":"","format":"standard","meta":{"kt_blocks_editor_width":"","footnotes":""},"categories":[25,7],"tags":[4,23,5,6],"_links":{"self":[{"href":"https:\/\/eglise-catholique-valdorge.fr\/index.php?rest_route=\/wp\/v2\/posts\/3896"}],"collection":[{"href":"https:\/\/eglise-catholique-valdorge.fr\/index.php?rest_route=\/wp\/v2\/posts"}],"about":[{"href":"https:\/\/eglise-catholique-valdorge.fr\/index.php?rest_route=\/wp\/v2\/types\/post"}],"author":[{"embeddable":true,"href":"https:\/\/eglise-catholique-valdorge.fr\/index.php?rest_route=\/wp\/v2\/users\/2"}],"replies":[{"embeddable":true,"href":"https:\/\/eglise-catholique-valdorge.fr\/index.php?rest_route=%2Fwp%2Fv2%2Fcomments&post=3896"}],"version-history":[{"count":7,"href":"https:\/\/eglise-catholique-valdorge.fr\/index.php?rest_route=\/wp\/v2\/posts\/3896\/revisions"}],"predecessor-version":[{"id":3912,"href":"https:\/\/eglise-catholique-valdorge.fr\/index.php?rest_route=\/wp\/v2\/posts\/3896\/revisions\/3912"}],"wp:featuredmedia":[{"embeddable":true,"href":"https:\/\/eglise-catholique-valdorge.fr\/index.php?rest_route=\/wp\/v2\/media\/3902"}],"wp:attachment":[{"href":"https:\/\/eglise-catholique-valdorge.fr\/index.php?rest_route=%2Fwp%2Fv2%2Fmedia&parent=3896"}],"wp:term":[{"taxonomy":"category","embeddable":true,"href":"https:\/\/eglise-catholique-valdorge.fr\/index.php?rest_route=%2Fwp%2Fv2%2Fcategories&post=3896"},{"taxonomy":"post_tag","embeddable":true,"href":"https:\/\/eglise-catholique-valdorge.fr\/index.php?rest_route=%2Fwp%2Fv2%2Ftags&post=3896"}],"curies":[{"name":"wp","href":"https:\/\/api.w.org\/{rel}","templated":true}]}}