{"id":4172,"date":"2020-12-19T09:00:00","date_gmt":"2020-12-19T08:00:00","guid":{"rendered":"https:\/\/eglise-catholique-valdorge.fr\/?p=4172"},"modified":"2020-12-26T12:15:34","modified_gmt":"2020-12-26T11:15:34","slug":"commentaires-quatrieme-dimanche-de-lavent","status":"publish","type":"post","link":"https:\/\/eglise-catholique-valdorge.fr\/?p=4172","title":{"rendered":"Commentaires &#8211; quatri\u00e8me dimanche de l&rsquo;Avent"},"content":{"rendered":"\n<p style=\"font-weight: 400\">Comment cette page d\u2019\u00e9vangile peut-elle nous parler\u00a0?<\/p>\n<p style=\"font-weight: 400\">Ne sommes nous pas, chacune et chacun, \u00a0si loin de Marie, et \u00e0 plus d\u2019un titre\u00a0?<\/p>\n<p style=\"font-weight: 400\">Et puis, nos raisonnements peuvent nous entrainer \u00e0 nous perdre en conjectures\u2026 \u00ab\u00a0Qu\u2019est-ce qu\u2019il faut croire ou pas dans toute cette histoire\u00a0?\u00a0\u00bb<\/p>\n<p style=\"font-weight: 400\">Mais la foi chr\u00e9tienne n\u2019est pas simple adh\u00e9sion de notre esprit \u00e0 des \u00e9nonc\u00e9s th\u00e9oriques\u00a0!<br \/>Elle se d\u00e9ploie, prend un visage, et s\u2019affermit par notre pratique, notre mani\u00e8re de vivre\u2026<\/p>\n<p style=\"font-weight: 400\">La question que cet page d\u2019\u00e9vangile nous pose n\u2019est donc pas\u00a0:<br \/>\u00ab\u00a0Jusqu\u2019o\u00f9 pousser la cr\u00e9dulit\u00e9\u00a0?\u00a0\u00bb<\/p>\n<p style=\"font-weight: 400\">Mais\u00a0:<br \/>\u00ab\u00a0Oses tu croire, que, par toi aussi, l\u2019amour de Dieu, le Royaume de Dieu, peut prendre corps en ce monde\u00a0?!\u00a0\u00bb<\/p>\n<p style=\"font-weight: 400\">Sans complexes\u00a0!!! mais comme un don (donc une mission\u2026) \u00e0 accueillir\u2026<\/p>\n<p style=\"font-weight: 400\">A la mani\u00e8re de Marie, \u00ab\u00a0l\u2019humble servante\u00a0\u00bb, osons offrir le vase d\u2019argile que nous sommes, et m\u00eame un peu f\u00eal\u00e9 pour que l\u2019Esprit du Seigneur puisse mieux le visiter\u00a0!<\/p>\n<p style=\"font-weight: 400\">Cessons de nous regarder\u2026 accueillons le travail de l\u2019Esprit en nous qui ouvre\u00a0 nos yeux sur nos fr\u00e8res et sur ce monde\u00a0!<\/p>\n<p style=\"font-weight: 400\">N\u2019est ce pas \u00e0 cette d\u00e9marche que notre Synode Dioc\u00e9sain nous invite\u00a0?<\/p>\n<p style=\"font-weight: 400\">Travail de l\u2019Esprit qui ne viendra pas \u00ab\u00a0par magie\u00a0\u00bb, mais parce que nous aurons \u00e0 c\u0153ur de chercher ensemble, de nous \u00e9couter, d\u2019accueillir la parole et l\u2019exp\u00e9rience de l\u2019autre\u2026<\/p>\n<p style=\"font-weight: 400\">Ainsi, nous serons signe de \u00ab\u00a0ce R\u00e8gne qui vient\u2026 ce R\u00e8gne qui n\u2019aura pas de fin\u00a0\u00bb\u00a0!<\/p>\n<p style=\"text-align: right\"><em>p\u00e8re Bertrand Delcey<\/em><\/p>\n","protected":false},"excerpt":{"rendered":"","protected":false},"author":2,"featured_media":4173,"comment_status":"closed","ping_status":"closed","sticky":false,"template":"","format":"standard","meta":{"kt_blocks_editor_width":"","footnotes":""},"categories":[7],"tags":[11,4,23,12],"_links":{"self":[{"href":"https:\/\/eglise-catholique-valdorge.fr\/index.php?rest_route=\/wp\/v2\/posts\/4172"}],"collection":[{"href":"https:\/\/eglise-catholique-valdorge.fr\/index.php?rest_route=\/wp\/v2\/posts"}],"about":[{"href":"https:\/\/eglise-catholique-valdorge.fr\/index.php?rest_route=\/wp\/v2\/types\/post"}],"author":[{"embeddable":true,"href":"https:\/\/eglise-catholique-valdorge.fr\/index.php?rest_route=\/wp\/v2\/users\/2"}],"replies":[{"embeddable":true,"href":"https:\/\/eglise-catholique-valdorge.fr\/index.php?rest_route=%2Fwp%2Fv2%2Fcomments&post=4172"}],"version-history":[{"count":1,"href":"https:\/\/eglise-catholique-valdorge.fr\/index.php?rest_route=\/wp\/v2\/posts\/4172\/revisions"}],"predecessor-version":[{"id":4174,"href":"https:\/\/eglise-catholique-valdorge.fr\/index.php?rest_route=\/wp\/v2\/posts\/4172\/revisions\/4174"}],"wp:featuredmedia":[{"embeddable":true,"href":"https:\/\/eglise-catholique-valdorge.fr\/index.php?rest_route=\/wp\/v2\/media\/4173"}],"wp:attachment":[{"href":"https:\/\/eglise-catholique-valdorge.fr\/index.php?rest_route=%2Fwp%2Fv2%2Fmedia&parent=4172"}],"wp:term":[{"taxonomy":"category","embeddable":true,"href":"https:\/\/eglise-catholique-valdorge.fr\/index.php?rest_route=%2Fwp%2Fv2%2Fcategories&post=4172"},{"taxonomy":"post_tag","embeddable":true,"href":"https:\/\/eglise-catholique-valdorge.fr\/index.php?rest_route=%2Fwp%2Fv2%2Ftags&post=4172"}],"curies":[{"name":"wp","href":"https:\/\/api.w.org\/{rel}","templated":true}]}}