{"id":4180,"date":"2020-12-24T09:00:00","date_gmt":"2020-12-24T08:00:00","guid":{"rendered":"https:\/\/eglise-catholique-valdorge.fr\/?p=4180"},"modified":"2021-01-13T11:11:25","modified_gmt":"2021-01-13T10:11:25","slug":"liturgies-familiales-de-la-nuit-et-du-jour-de-noel","status":"publish","type":"post","link":"https:\/\/eglise-catholique-valdorge.fr\/?p=4180","title":{"rendered":"Liturgies familiales de la Nuit et du Jour de No\u00ebl"},"content":{"rendered":"\n<p align=\"CENTER\"><span style=\"font-family: Arial, serif;color: #ff0000\"><span style=\"font-size: large\"><u><b><img loading=\"lazy\" decoding=\"async\" class=\"alignleft wp-image-2795\" src=\"https:\/\/eglise-catholique-valdorge.fr\/wp-content\/uploads\/2020\/03\/Logo-Diocese-300x300.jpg\" alt=\"\" width=\"150\" height=\"150\" srcset=\"https:\/\/eglise-catholique-valdorge.fr\/wp-content\/uploads\/2020\/03\/Logo-Diocese-300x300.jpg 300w, https:\/\/eglise-catholique-valdorge.fr\/wp-content\/uploads\/2020\/03\/Logo-Diocese-1024x1024.jpg 1024w, https:\/\/eglise-catholique-valdorge.fr\/wp-content\/uploads\/2020\/03\/Logo-Diocese-150x150.jpg 150w, https:\/\/eglise-catholique-valdorge.fr\/wp-content\/uploads\/2020\/03\/Logo-Diocese-768x768.jpg 768w, https:\/\/eglise-catholique-valdorge.fr\/wp-content\/uploads\/2020\/03\/Logo-Diocese-1536x1536.jpg 1536w, https:\/\/eglise-catholique-valdorge.fr\/wp-content\/uploads\/2020\/03\/Logo-Diocese.jpg 1777w\" sizes=\"(max-width: 150px) 100vw, 150px\" \/>LITURGIE FAMILIALE<img loading=\"lazy\" decoding=\"async\" class=\"wp-image-2795 alignright\" src=\"https:\/\/eglise-catholique-valdorge.fr\/wp-content\/uploads\/2020\/03\/Logo-Diocese-300x300.jpg\" alt=\"\" width=\"150\" height=\"150\" srcset=\"https:\/\/eglise-catholique-valdorge.fr\/wp-content\/uploads\/2020\/03\/Logo-Diocese-300x300.jpg 300w, https:\/\/eglise-catholique-valdorge.fr\/wp-content\/uploads\/2020\/03\/Logo-Diocese-1024x1024.jpg 1024w, https:\/\/eglise-catholique-valdorge.fr\/wp-content\/uploads\/2020\/03\/Logo-Diocese-150x150.jpg 150w, https:\/\/eglise-catholique-valdorge.fr\/wp-content\/uploads\/2020\/03\/Logo-Diocese-768x768.jpg 768w, https:\/\/eglise-catholique-valdorge.fr\/wp-content\/uploads\/2020\/03\/Logo-Diocese-1536x1536.jpg 1536w, https:\/\/eglise-catholique-valdorge.fr\/wp-content\/uploads\/2020\/03\/Logo-Diocese.jpg 1777w\" sizes=\"(max-width: 150px) 100vw, 150px\" \/><br \/><\/b><\/u><\/span><\/span>propos\u00e9e par le Dioc\u00e8se d&rsquo;Evry Corbeil-Essonnes<\/p>\n<p align=\"CENTER\">sur cette page vous trouverez les liturgies familiales propos\u00e9es par le dioc\u00e8se pour les c\u00e9l\u00e9brations de la nuit de No\u00ebl et le jour de No\u00ebl.\u00a0<\/p>\n<p align=\"CENTER\">\u00a0<\/p>\n<hr \/>\n<p align=\"CENTER\"><span style=\"color: #ff0000\"><span style=\"font-family: Arial, serif\"><span style=\"font-size: large\"><u><b>NUIT DE NO\u00cbL JEUDI 24 D\u00c9CEMBRE 2020<\/b><\/u><\/span><\/span><\/span><\/p>\n<p><span style=\"font-family: Arial, serif;background-color: #ffcc00\"><span style=\"font-size: small;background-color: #ffcc00\"><b>PREPARATION<\/b><\/span><\/span><\/p>\n<ul>\n<li><span style=\"font-family: Arial, serif\"><span style=\"font-size: small\">Mettre les chaises en demi-cercle tourn\u00e9es vers le coin pri\u00e8re avec une cr\u00e8che (si possible), un crucifix et une bougie (lumignon).<\/span><\/span><\/li>\n<li><span style=\"font-family: Arial, serif\"><span style=\"font-size: small\">Pr\u00e9voir des \u00e9toiles sur lesquelles on peut \u00e9crire les pri\u00e8res, les souhaits\u2026et les d\u00e9poser \u00e0 la cr\u00e8che<\/span><\/span><\/li>\n<li>\u2026<\/li>\n<\/ul>\n<p><span style=\"font-family: Arial, serif;background-color: #ffcc00\"><span style=\"font-size: small;background-color: #ffcc00\"><b>I\/ OUVERTURE DE LA CELEBRATION<\/b><\/span><\/span><\/p>\n<p><span style=\"font-family: Arial, serif\"><span style=\"font-size: small\"><b>Introduction<\/b><\/span><\/span><\/p>\n<p><span style=\"color: #ff0000\"><span style=\"font-family: Arial, serif\"><span style=\"font-size: small\"><i>La personne qui conduit la c\u00e9l\u00e9bration peut dire <\/i><\/span><\/span><\/span><span style=\"font-family: Arial, serif\"><span style=\"font-size: small\">:<br \/><\/span><\/span><span style=\"font-family: Arial, serif\"><span style=\"font-size: small\">Aujourd\u2019hui l\u2019\u00c9glise c\u00e9l\u00e8bre une bonne nouvelle\u00a0: Dieu vient visiter son peuple par la naissance de son Fils, notre fr\u00e8re, J\u00e9sus.<br \/><\/span><\/span><span style=\"font-family: Arial, serif\"><span style=\"font-size: small\">Au nom de P\u00e8re et du Fils et d Saint Esprit +. <\/span><\/span><span style=\"color: #ff0000\"><span style=\"font-family: Arial, serif\"><span style=\"font-size: small\">Et tous r\u00e9pondent : <\/span><\/span><\/span><span style=\"font-family: Arial, serif\"><span style=\"font-size: small\"><b>Amen<\/b><\/span><\/span><\/p>\n<p><span style=\"color: #ff0000\"><span style=\"font-family: Arial, serif\"><span style=\"font-size: small\"><i>Elle poursuit <\/i><\/span><\/span><\/span><span style=\"font-family: Arial, serif\"><span style=\"font-size: small\">:\u00a0<\/span><\/span><span style=\"font-family: Arial, serif\"><span style=\"font-size: small\">En cette douce nuit de No\u00ebl, nous sommes dans la joie avec les bergers, premiers t\u00e9moins de cette bonne nouvelle, et nous disons MERCI \u00e0 Dieu qui vient entrer dans nos vies. <\/span><\/span><\/p>\n<p><span style=\"font-family: Arial, serif\"><span style=\"font-size: small\"><b>Chant d\u2019ouverture<\/b><\/span><\/span><span style=\"font-family: Arial, serif\"><span style=\"font-size: small\">\u00a0:<br \/><\/span><\/span><span style=\"font-family: Arial, serif\"><span style=\"font-size: small\">Par exemple \u00ab\u00a0Douce Nuit\u00a0\u00bb <\/span><\/span><\/p>\n<p><span style=\"font-family: Arial, serif\"><span style=\"font-size: small\"><b>Demande de pardon<br \/><\/b><\/span><\/span><span style=\"color: #ff0000\"><span style=\"font-family: Arial, serif\"><span style=\"font-size: small\"><i>Demande de pardon introduite par celui qui anime :\u00a0<\/i><\/span><\/span><\/span><span style=\"font-family: Arial, serif\"><span style=\"font-size: small\">Dieu, Notre p\u00e8re, nous ouvre ses bras pour nous accueillir avec nos forces et nos faiblesses, devant son amour pour nous, tournons-nous vers lui pour reconna\u00eetre nos p\u00e9ch\u00e9s.<\/span><\/span><\/p>\n<p><span style=\"color: #ff0000\"><span style=\"font-family: Arial, serif\"><span style=\"font-size: small\"><i>Ensemble<\/i><\/span><\/span><\/span><span style=\"font-family: Arial, serif\"><span style=\"font-size: small\"> :\u00a0<br \/><\/span><\/span><strong><span style=\"font-family: Arial, serif\"><span style=\"font-size: small\">Je confesse \u00e0 Dieu tout puissant,<br \/><\/span><\/span><span style=\"font-family: Arial, serif\"><span style=\"font-size: small\">je reconnais devant mes fr\u00e8res<br \/><\/span><\/span><span style=\"font-family: Arial, serif\"><span style=\"font-size: small\">que j\u2019ai p\u00e9ch\u00e9, en pens\u00e9e, en parole, par action et par omission ;<br \/><\/span><\/span><span style=\"font-family: Arial, serif\"><span style=\"font-size: small\">oui, j\u2019ai vraiment p\u00e9ch\u00e9.<\/span><\/span><\/strong><span style=\"font-family: Arial, serif\"><span style=\"font-size: small\"><span style=\"color: #ff0000\"> (on se frappe la poitrine).<\/span><\/span><\/span><strong><span style=\"font-family: Arial, serif\"><span style=\"font-size: small\"><br \/><\/span><\/span><span style=\"font-family: Arial, serif\"><span style=\"font-size: small\">C\u2019est pourquoi je supplie la vierge Marie,<br \/><\/span><\/span><span style=\"font-family: Arial, serif\"><span style=\"font-size: small\">les anges et tous les saints,<br \/><\/span><\/span><span style=\"font-family: Arial, serif\"><span style=\"font-size: small\">et vous aussi mes fr\u00e8res,<br \/><\/span><\/span><\/strong><span style=\"font-family: Arial, serif\"><span style=\"font-size: small\"><strong>de prier pour moi le Seigneur notre Dieu.<\/strong><br \/><\/span><\/span><\/p>\n<p><span style=\"color: #ff0000\"><span style=\"font-family: Arial, serif\"><span style=\"font-size: small\">La personne qui conduit la c\u00e9l\u00e9bration dit<\/span><\/span><\/span><span style=\"font-family: Arial, serif\"><span style=\"font-size: small\"> :\u00a0<\/span><\/span><span style=\"font-family: Arial, serif\"><span style=\"font-size: small\">Que Dieu tout puissant nous fasse mis\u00e9ricorde, Qu\u2019il nous pardonne nos p\u00e9ch\u00e9s\u00a0<\/span><\/span><span style=\"font-family: Arial, serif\"><span style=\"font-size: small\">et nous conduise \u00e0 la vie \u00e9ternelle.<br \/><\/span><\/span><span style=\"font-family: Arial, serif\"><span style=\"font-size: small\">Tous ensemble\u00a0: Amen<\/span><\/span><\/p>\n<p><span style=\"font-family: Arial, serif\"><span style=\"font-size: small\"><span style=\"color: #ff0000\">N.B\u00a0: on peut chanter le Gloria ici ou \u00e0 la fin de l\u2019\u00e9vangile<\/span> <\/span><\/span><\/p>\n<p><span style=\"font-family: Arial, serif\"><span style=\"font-size: small\"><b>Pri\u00e8re d\u2019ouverture<br \/><\/b><\/span><\/span><span style=\"color: #ff0000\"><span style=\"font-family: Arial, serif\"><span style=\"font-size: small\"><i>La personne qui conduit la c\u00e9l\u00e9bration dit cette pri\u00e8re<\/i><\/span><\/span><\/span><span style=\"font-family: Arial, serif\"><span style=\"font-size: small\"> :\u00a0<\/span><\/span><span style=\"font-family: Times New Roman, serif\"><span style=\"font-size: medium\"><span style=\"color: #000000\"><span style=\"font-family: Arial, serif\"><span style=\"font-size: small\">Seigneur, tu as fait resplendir cette nuit tr\u00e8s sainte des clart\u00e9s de la vraie lumi\u00e8re : de gr\u00e2ce, accorde-nous, qu&rsquo;illumin\u00e9s d\u00e8s ici-bas par la r\u00e9v\u00e9lation de ce myst\u00e8re, nous go\u00fbtons dans le ciel la pl\u00e9nitude de sa joie.\u00a0<\/span><\/span><\/span><\/span><\/span><span style=\"font-family: Times New Roman, serif\"><span style=\"font-size: medium\"><span style=\"color: #000000\"><span style=\"font-family: Arial, serif\"><span style=\"font-size: small\">Par J\u00e9sus Christ\u2026<\/span><\/span><\/span><b> <\/b><span style=\"font-family: Arial, serif\"><span style=\"font-size: small\"><b>Amen<\/b><\/span><\/span><\/span><\/span><\/p>\n<p><span style=\"font-family: Arial, serif;background-color: #ffcc00\"><span style=\"font-size: small;background-color: #ffcc00\"><b>II\/ LITURGIE DE LA PAROLE<\/b><\/span><\/span><\/p>\n<p><span style=\"font-family: Arial, serif\"><span style=\"font-size: small\">Et maintenant ouvrons nos c\u0153urs pour laisser \u00e0 la parole de Dieu. Un Dieu qui parle \u00e0 son peuple<\/span><\/span><\/p>\n<p><span style=\"background-color: #ccffff\"><a style=\"background-color: #ccffff\" href=\"https:\/\/www.aelf.org\/2020-12-25\/romain\/messe#messe2_lecture1\" target=\"_blank\" rel=\"noopener\"><span style=\"color: #bf2329\"><span style=\"font-family: Arial, serif\"><span style=\"font-size: small;background-color: #ccffff\"><b>PREMI\u00c8RE LECTURE<br \/><\/b><\/span><\/span><\/span><\/a><\/span><span style=\"color: #333333\"><span style=\"font-family: Arial, serif\"><span style=\"font-size: small\"><b>\u00ab\u00a0Un enfant nous est n\u00e9\u00a0\u00bb (Is 9,\u00a01-6)<\/b><\/span><\/span><\/span><\/p>\n<p lang=\"fr-FR\" align=\"LEFT\"><span style=\"background-color: #ccffff\"><a style=\"background-color: #ccffff\" href=\"https:\/\/www.aelf.org\/2020-12-25\/romain\/messe#messe2_lecture2\" target=\"_blank\" rel=\"noopener\"><span style=\"color: #00000a\"><span style=\"font-family: Calibri, serif\"><span style=\"font-size: small;background-color: #ccffff\"><span lang=\"en-GB\">PSAUME<\/span><span style=\"color: #333333\"><span style=\"font-family: Arial, serif\"><span lang=\"en-GB\"><b> 95 (96),\u00a01-2a,\u00a02b-3,\u00a011-12a,\u00a012b-13a,\u00a013bc<br \/><\/b><\/span><\/span><\/span><\/span><\/span><\/span><\/a><\/span><span style=\"color: #333333\"><span style=\"font-family: Arial, serif\"><span style=\"font-size: small\"><b>R\/ Aujourd\u2019hui, un Sauveur nous est n\u00e9 : c\u2019est le Christ, le Seigneur.<\/b><\/span><\/span><\/span><span style=\"color: #333333\"><span style=\"font-family: Arial, serif\"><span style=\"font-size: small\">\u00a0<\/span><\/span><\/span><\/p>\n<p><span style=\"background-color: #ccffff\"><a style=\"background-color: #ccffff\" href=\"https:\/\/www.aelf.org\/2020-12-25\/romain\/messe#messe2_lecture3\" target=\"_blank\" rel=\"noopener\"><span style=\"color: #bf2329\"><span style=\"font-family: Arial, serif\"><span style=\"font-size: small;background-color: #ccffff\"><b>DEUXI\u00c8ME <span style=\"color: #bf2329\">LECTURE<\/span><br \/><\/b><\/span><\/span><\/span><\/a><\/span><span style=\"color: #333333\"><span style=\"font-family: Arial, serif\"><span style=\"font-size: small\"><b>\u00ab\u00a0La gr\u00e2ce de Dieu s\u2019est manifest\u00e9e pour tous les hommes\u00a0\u00bb (Tt 2,\u00a011-14)<\/b><\/span><\/span><\/span><\/p>\n<p><span style=\"color: #bf2329\"><span style=\"font-family: Arial, serif\"><span style=\"font-size: small\"><b><span style=\"background-color: #ccffff\"><a style=\"background-color: #ccffff\" href=\"https:\/\/www.aelf.org\/2020-12-25\/romain\/messe#messe2_lecture4\" target=\"_blank\" rel=\"noopener\">\u00c9VANGILE<\/a><\/span><br \/><\/b><\/span><\/span><\/span><span style=\"color: #333333\"><span style=\"font-family: Arial, serif\"><span style=\"font-size: small\"><b>\u00ab\u00a0Aujourd\u2019hui vous est n\u00e9 un Sauveur\u00a0\u00bb (Lc 2,\u00a01-14)<br \/><\/b><\/span><\/span><\/span><span style=\"color: #333333\"><span style=\"font-family: Arial, serif\"><span style=\"font-size: small\"><b>All\u00e9luia. All\u00e9luia.<br \/><\/b><\/span><\/span><\/span><span style=\"color: #333333\"><span style=\"font-family: Arial, serif\"><span style=\"font-size: small\">Je vous annonce une grande joie\u00a0: Aujourd\u2019hui vous est n\u00e9 un Sauveur qui est le Christ, le Seigneur\u00a0!<br \/><\/span><\/span><\/span><span style=\"color: #333333\"><span style=\"font-family: Arial, serif\"><span style=\"font-size: small\"><b>All\u00e9luia.<\/b><\/span><\/span><\/span><span style=\"color: #333333\"><span style=\"font-family: Arial, serif\"><span style=\"font-size: small\">\u00a0<\/span><\/span><\/span><\/p>\n<p><span style=\"color: #bf2329\"><span style=\"font-family: Arial, serif\"><span style=\"font-size: small\">Lecture de l&rsquo;\u00e9vangile de J\u00e9sus Christ selon saint Luc<br \/><\/span><\/span><\/span><span style=\"color: #ff0000\"><span style=\"font-family: Arial, serif\"><span style=\"font-size: small\">Tous<\/span><\/span><\/span><span style=\"font-family: Arial, serif\"><span style=\"font-size: small\"> : <\/span><\/span><span style=\"font-family: Arial, serif\"><span style=\"font-size: small\"><b>Louange \u00e0 toi, Seigneur J\u00e9sus<\/b><\/span><\/span><\/p>\n<p><span style=\"font-family: Arial, serif;background-color: #ffcc00\"><b>III\/ PARTAGE ET MEDITATION<\/b><\/span><\/p>\n<p><strong>Partage<\/strong><\/p>\n<p>Temps de silence<\/p>\n<ul>\n<li>\n<p>Ce No\u00ebl, de quoi est-il diff\u00e9rent de celui de l\u2019an dernier\u00a0?<\/p>\n<\/li>\n<li>\n<p>Comment j\u2019accueille J\u00e9sus\u00a0?<\/p>\n<\/li>\n<li>\n<p>De quel amour j\u2019entoure cet enfant fragile\u00a0? Et que dois-je faire pour ceux qui sont fragiles aujourd\u2019hui\u00a0?<\/p>\n<\/li>\n<\/ul>\n<p><b>M\u00e9ditation<\/b><\/p>\n<p align=\"JUSTIFY\"><span style=\"font-family: Arial, serif\"><span style=\"font-size: small\"><b>Dieu dans un petit b\u00e9b\u00e9! Voil\u00e0 le Myst\u00e8re de NO\u00cbL <\/b><\/span><\/span><span style=\"font-family: Arial, serif\"><span style=\"font-size: small\">que nous c\u00e9l\u00e9brons en cette nuit\u00a0: chair de notre chair\u00a0! Oui, en cette nuit,\u00a0 nous sommes invit\u00e9s \u00e0 contempler l\u2019enfant J\u00e9sus, n\u00e9 de Marie, couch\u00e9 dans une mangeoire, sous la protection de Joseph, admir\u00e9 par les bergers et les pauvres de Bethl\u00e9em, nous contemplons Dieu, le Seigneur de l\u2019Univers\u00a0! Puissions-nous \u00e9couter cette invitation\u00a0: se faire petit enfant\u00a0! Et, <\/span><\/span><span style=\"color: #301f12\"><span style=\"font-family: Arial, serif\"><span style=\"font-size: small\">en mettant au centre de notre c\u00e9l\u00e9bration le plus faible, celui qui d\u00e9pend de nous pour vivre, et sp\u00e9cialement l\u2019enfant \u00e0 na\u00eetre, nous manifestons la direction vers laquelle nous devons marcher pour rendre notre vie plus humaine. <\/span><\/span><\/span><\/p>\n<p align=\"JUSTIFY\"><span style=\"color: #301f12\"><span style=\"font-family: Arial, serif\"><span style=\"font-size: small\">En venant au monde comme un petit enfant fragile, Dieu nous invite \u00e0 devenir aussi de vrais hommes en participant \u00e0 son amour qui prend soin des plus faibles\u00a0: c\u2019est cela la vraie fraternit\u00e9, la vraie solidarit\u00e9. Et pour y arriver laissons retentir dans nos oreilles l\u2019annonce du proph\u00e8te Isa\u00efe\u00a0: <\/span><\/span><\/span><span style=\"font-family: Arial, serif\"><span style=\"font-size: small\">\u00ab<\/span><\/span><span style=\"font-family: Arial, serif\"><span style=\"font-size: small\"><i>\u00a0Le peuple qui marchait dans les t\u00e9n\u00e8bres a vu se lever une grande lumi\u00e8re\u2026Le prince de Paix , de justice vient nous visiter\u00a0\u00bb<\/i><\/span><\/span><span style=\"font-family: Arial, serif\"><span style=\"font-size: small\"> .<\/span><\/span><\/p>\n<p align=\"JUSTIFY\"><span style=\"font-family: Arial, serif\"><span style=\"font-size: small\">Et, \u00e0 l\u2019exemple des bergers, \u00e9coutons l&rsquo;ange qui s&rsquo;est adress\u00e9 \u00e0 eux, et laissons le nous dire au fond de notre c\u0153ur: \u00ab <\/span><\/span><span style=\"font-family: Arial, serif\"><span style=\"font-size: small\"><i>N&rsquo;aie pas peur ! Je viens t&rsquo;annoncer une Bonne Nouvelle, une grande joie pour tous. Aujourd&rsquo;hui, tu vas rencontrer ton Dieu, ton Sauveur. Il vient \u00e0 ta rencontre. Il vient te chercher, pour te conduire vers le Bonheur \u00e9ternel.<\/i><\/span><\/span><span style=\"font-family: Arial, serif\"><span style=\"font-size: small\"> \u00bb <\/span><\/span><\/p>\n<p align=\"JUSTIFY\"><span style=\"font-family: Arial, serif\"><span style=\"font-size: small\">Alors, ce soir, c\u2019est la Vierge Marie elle-m\u00eame qui nous tend son enfant, qui d\u00e9sire le d\u00e9poser dans la cr\u00e8che de notre c\u0153ur. Accueillons humblement ce petit enfant qui vient nous sauver\u00a0; raviver notre esp\u00e9rance\u00a0; fleurir en notre vie sa lumi\u00e8re\u00a0; faire briller nos visages d\u2019une grande joie\u00a0; planter la paix v\u00e9ritable dans notre monde.<\/span><\/span><\/p>\n<p><strong>Credo<\/strong><\/p>\n<p><span style=\"font-family: Arial, serif;background-color: #ffcc00\"><span style=\"font-size: small;background-color: #ffcc00\"><b>IV\/ PRIERE UNIVERSELLE<\/b><\/span><\/span><\/p>\n<p><span style=\"color: #ff0000\"><span style=\"font-family: Arial, serif\"><span style=\"font-size: small\">La personne qui conduit la c\u00e9l\u00e9bration peut introduire ainsi :\u00a0<\/span><\/span><\/span><span style=\"font-family: Arial, serif\"><span style=\"font-size: small\">En cette nuit de No\u00ebl, implorons avec confiance Dieu le P\u00e8re tout-puissant, car il a tant aim\u00e9 le monde qu\u2019il lui a donn\u00e9 son Fils unique<\/span><\/span><\/p>\n<p><span style=\"font-family: Arial, serif\"><span style=\"font-size: small\">R\/ <\/span><\/span><span style=\"color: #000000\"><span style=\"font-family: Arial, serif\"><span style=\"font-size: small\"><b>J\u00e9sus, Fils de Marie, exauce-nous\u00a0!<\/b><\/span><\/span><\/span><span style=\"color: #000000\"><span style=\"font-family: Arial, serif\"><span style=\"font-size: medium\">\u00a0<\/span><\/span><\/span><\/p>\n<ul>\n<li><span style=\"font-family: Arial, serif\"><span style=\"font-size: small\">J\u00e9sus, en cette nuit de No\u00ebl, nous venons d\u00e9poser dans ta cr\u00e8che ton \u00c9glise et les responsables religieux de toute croyance afin qu\u2019ils favorisent le respect et le dialogue entre tous les enfants d\u2019un m\u00eame P\u00e8re. Nous te prions Seigneur\u00a0!<\/span><\/span><\/li>\n<li><span style=\"font-family: Arial, serif\"><span style=\"font-size: small\">J\u00e9sus, dans ta cr\u00e8che, nous d\u00e9posons les peuples du monde, afin qu\u2019ils d\u00e9passent leurs conflits et leurs rancunes, et que leurs\u00a0<\/span><\/span><span style=\"font-family: Arial, serif\"><span style=\"font-size: small\">dirigeants mettent fin aux guerres qui les d\u00e9chirent. Nous te prions Seigneur\u00a0!<\/span><\/span><\/li>\n<li><span style=\"font-family: Arial, serif\"><span style=\"font-size: small\">Dans ta cr\u00e8che, J\u00e9sus en cette nuit, nous d\u00e9posons les r\u00e9fugi\u00e9s, les sans-abris, les isol\u00e9s afin qu\u2019ils puissent trouver chez nous une main tendue et une porte ouverte. Nous te prions Seigneur\u00a0!<\/span><\/span><\/li>\n<li><span style=\"font-family: Arial, serif\"><span style=\"font-size: small\">En cette nuit Seigneur, dans ta cr\u00e8che, nous te d\u00e9posons nos familles et nos communaut\u00e9s, qu\u2019elles grandissent dans la paix et la joie, et que leurs membres les plus fragiles trouvent soutien et r\u00e9confort. Nous te prions Seigneur\u00a0!<\/span><\/span><\/li>\n<\/ul>\n<p><b>Notre P\u00e8re<\/b><\/p>\n<p><span style=\"color: #ff0000\"><i>La personne qui conduit la c\u00e9l\u00e9bration <\/i><\/span>:\u00a0Dans cette joie de No\u00ebl, unis dans le m\u00eame Esprit, en communion spirituelle avec toute l\u2019\u00c9glise en pri\u00e8re , disons la belle pri\u00e8re fraternelle que le Christ nous a apprise\u00a0:<br \/><span style=\"color: #ff0000\">Tous<\/span> : <b>Notre P\u00e8re&#8230;<\/b><\/p>\n<p><span style=\"background-color: #ffcc00\"><b>V \/ LA COMMUNION SPIRITUELLE<\/b><\/span><\/p>\n<p><span style=\"color: #ff0000\"><span style=\"font-family: Arial, serif\"><span style=\"font-size: small\">Invitation \u00e0 la pri\u00e8re de communion spirituelle.<\/span><\/span><\/span><\/p>\n<p style=\"text-align: center\"><span style=\"color: #000080\">Seigneur J\u00e9sus, je crois \u00e0 ta v\u00e9ritable pr\u00e9sence<\/span><br \/><span style=\"color: #000080\">dans le pain et dans le vin consacr\u00e9s.<\/span><br \/><span style=\"color: #000080\">Je t\u2019aime toi le Seigneur de ma vie.<\/span><br \/><span style=\"color: #000080\">Je d\u00e9sire profond\u00e9ment r\u00e9pondre \u00e0 ton invitation, communier, te recevoir au plus intime de ma vie.<\/span><br \/><span style=\"color: #000080\">Je ne peux maintenant te recevoir sacramentellement. Viens Seigneur habiter spirituellement ma vie.<\/span><br \/><span style=\"color: #000080\">J\u2019ai faim de ton amour j\u2019ai faim de ta vie donn\u00e9e pour nourrir toute ma vie. Au jour le jour que j\u2019apprenne de toi \u00e0 donner ma vie \u00e0 aimer.<\/span><br \/><span style=\"color: #000080\">Oui, Seigneur J\u00e9sus, fais que je demeure fid\u00e8le \u00e0 ton commandement<\/span><br \/><span style=\"color: #000080\">et que jamais je ne sois s\u00e9par\u00e9 de toi. Amen<\/span><\/p>\n<p><span style=\"color: #ff0000\"><span style=\"font-family: Arial, serif\"><span style=\"font-size: small\">Suit un moment de silence, de communion spirituelle.<\/span><\/span><\/span><\/p>\n<p><span style=\"background-color: #ffcc00\"><b>VI \/ BENEDICTION<\/b><\/span><\/p>\n<p><span style=\"font-family: Arial, serif\"><span style=\"font-size: small\">Dans son amour infini, Dieu a donn\u00e9 son Fils au monde pour en dissiper les t\u00e9n\u00e8bres; par le myst\u00e8re de la nativit\u00e9 du Christ, il a fait resplendir cette nuit tr\u00e8s sainte : qu&rsquo;il vous sauve de l&rsquo;aveuglement du p\u00e9ch\u00e9 et qu&rsquo;il ouvre vos yeux \u00e0 sa lumi\u00e8re. <\/span><\/span><span style=\"font-family: Arial, serif\"><span style=\"font-size: small\"><b>Amen<\/b><\/span><\/span><span style=\"font-family: Arial, serif\"><span style=\"font-size: small\">.<\/span><\/span><\/p>\n<p><span style=\"font-family: Arial, serif\"><span style=\"font-size: small\">Il a voulu que les bergers re\u00e7oivent d&rsquo;un ange l&rsquo;annonce d&rsquo;une grande joie pour tout le peuple, qu&rsquo;il mette en vos c\u0153urs cette m\u00eame joie et vous prenne comme messagers de sa Bonne Nouvelle: \u00ab Aujourd&rsquo;hui, il vous est n\u00e9 un Sauveur. \u00bb <\/span><\/span><span style=\"font-family: Arial, serif\"><span style=\"font-size: small\"><b>Amen<\/b><\/span><\/span><span style=\"font-family: Arial, serif\"><span style=\"font-size: small\">.<\/span><\/span><\/p>\n<p><span style=\"font-family: Arial, serif\"><span style=\"font-size: small\">Par l&rsquo;incarnation de son Fils, il a scell\u00e9 l&rsquo;Alliance du ciel et de la terre : qu&rsquo;il vous donne sa paix, qu&rsquo;il vous tienne en sa bienveillance, qu&rsquo;il vous unisse d\u00e8s maintenant \u00e0 l&rsquo;\u00c9glise du ciel. <\/span><\/span><span style=\"font-family: Arial, serif\"><span style=\"font-size: small\"><b>Amen<\/b><\/span><\/span><span style=\"font-family: Arial, serif\"><span style=\"font-size: small\">.<\/span><\/span><\/p>\n<p><span style=\"background-color: #ffcc00\"><b>VII\/ PRIERE DU SYNODE 2020-2022<\/b><\/span><\/p>\n<p align=\"CENTER\"><span style=\"color: #008000\"><span style=\"font-family: Times New Roman, serif\"><span style=\"font-size: medium\"><b>Dieu Notre P\u00e8re,<br \/><\/b><\/span><\/span><span style=\"font-family: Times New Roman, serif\"><span style=\"font-size: medium\"><b>tu nous as cr\u00e9\u00e9s \u00e0 ta ressemblance.<br \/>Tu as tellement aim\u00e9 les hommes<br \/>que tu nous as donn\u00e9 ton Fils<br \/>afin qu\u2019il nous conduise vers toi<br \/>et nous unisse dans l\u2019Esprit.<\/b><\/span><\/span><\/span><\/p>\n<p align=\"CENTER\"><span style=\"font-family: 'Times New Roman', serif;color: #008000\"><span style=\"font-size: medium\"><b>Tels que nous sommes, <br \/>disciples de J\u00e9sus-Christ,<br \/>assur\u00e9s de sa pr\u00e9sence<br \/>en toutes circonstances,<br \/>nous l\u2019accueillons <br \/>dans le service du prochain.<\/b><\/span><\/span><\/p>\n<p align=\"CENTER\"><span style=\"font-family: 'Times New Roman', serif;color: #008000\"><span style=\"font-size: medium\"><b>T\u00e9moins ensemble de l\u2019\u00c9vangile<br \/>en cette terre d\u2019Essonne,<br \/>nous voulons poursuivre Sa mission<br \/>en prenant soin de chacun.<\/b><\/span><\/span><\/p>\n<p align=\"CENTER\"><span style=\"font-family: 'Times New Roman', serif;color: #008000\"><span style=\"font-size: medium\"><b>Que ton Esprit-Saint nous rende attentifs<br \/>\u00e0 tous ceux parmi lesquels nous vivons,<br \/>partageant leurs joies et leurs espoirs,<br \/>leurs tristesses et leurs angoisses,<\/b><\/span><\/span><\/p>\n<p align=\"CENTER\"><span style=\"font-family: 'Times New Roman', serif;color: #008000\"><span style=\"font-size: medium\"><b>Qu\u2019il nous donne, avec le synode,<br \/>de fortifier le souci du monde <br \/>que nous habitons,<br \/>le souci de tous<br \/>\u00a0et particuli\u00e8rement des plus fragiles.<\/b><\/span><\/span><\/p>\n<p align=\"CENTER\"><span style=\"font-family: 'Times New Roman', serif;color: #008000\"><span style=\"font-size: medium\"><b>A l\u2019\u00e9coute de ce que ton Esprit dit<br \/>\u00e0 ton Peuple qui est en Essonne,<br \/>aide-nous \u00e0 discerner, consolider,<br \/>choisir et inventer les chemins<br \/>pour la marche de notre \u00c9glise dioc\u00e9saine<br \/>dans les prochaines ann\u00e9es.<\/b><\/span><\/span><\/p>\n<p align=\"CENTER\"><span style=\"font-family: 'Times New Roman', serif;color: #008000\"><span style=\"font-size: medium\"><b>\u00c0 l\u2019\u00e9coute de ta Parole,<br \/>avec Notre-Dame de Bonne Garde,<br \/>puissions-nous \u00eatre le reflet de ton regard,<br \/>de Ta pr\u00e9sence et de la joie de l\u2019\u00c9vangile.<\/b><\/span><\/span><\/p>\n<p align=\"CENTER\"><span style=\"font-family: 'Times New Roman', serif;color: #008000\"><span style=\"font-size: medium\"><b>Amen\u00a0!<\/b><\/span><\/span><\/p>\n<hr \/>\n<p align=\"CENTER\"><span style=\"color: #ffffff\"><span style=\"font-family: Arial, serif\"><span style=\"font-size: large\"><b>Il est n\u00e9 le divin enfant\u00a0!<\/b><\/span><\/span><\/span><\/p>\n<p align=\"CENTER\"><span style=\"color: #ff0000\"><span style=\"font-family: Arial, serif\"><span style=\"font-size: large\"><u><b>JOUR DE NO\u00cbL VENDREDI 25 DECEMBRE 2020 (messe du jour)<\/b><\/u><\/span><\/span><\/span><\/p>\n<p><span style=\"font-family: Arial, serif;background-color: #ffcc00\"><span style=\"font-size: small;background-color: #ffcc00\"><b>PREPARATION<\/b><\/span><\/span><\/p>\n<ul>\n<li>\n<p>Mettre les chaises en demi-cercle tourn\u00e9es vers le coin pri\u00e8re avec une cr\u00e8che (si possible), un crucifix et une bougie (lumignon).<\/p>\n<\/li>\n<li>\n<p>Pr\u00e9voir des \u00e9toiles sur lesquelles on peut \u00e9crire les pri\u00e8res, les souhaits\u2026et les d\u00e9poser \u00e0 la cr\u00e8che<\/p>\n<\/li>\n<li>\n<p>\u2026<\/p>\n<\/li>\n<\/ul>\n<p><span style=\"font-family: Arial, serif;background-color: #ffcc00\"><span style=\"font-size: small;background-color: #ffcc00\"><b>I\/ <span style=\"background-color: #ffcc00\">OUVERTURE<\/span> DE LA CELEBRATION<\/b><\/span><\/span><\/p>\n<p><span style=\"font-family: Arial, serif\"><span style=\"font-size: small\"><b>Introduction<br \/><\/b><\/span><\/span><span style=\"color: #ff0000\"><span style=\"font-family: Arial, serif\"><span style=\"font-size: small\"><i>La personne qui conduit la c\u00e9l\u00e9bration peut dire <\/i><\/span><\/span><\/span><span style=\"font-family: Arial, serif\"><span style=\"font-size: small\">:\u00a0<\/span><\/span><span style=\"font-family: Arial, serif\"><span style=\"font-size: small\">Aujourd\u2019hui l\u2019\u00c9glise c\u00e9l\u00e8bre la nativit\u00e9 de J\u00e9sus, Emmanuel , Dieu parmi nous. <\/span><\/span><\/p>\n<p><span style=\"font-family: Arial, serif\"><span style=\"font-size: small\">Au nom de P\u00e8re et du Fils et d Saint Esprit +.<\/span><\/span><span style=\"color: #ff0000\"><span style=\"font-family: Arial, serif\"><span style=\"font-size: small\"> Et tous r\u00e9pondent : <\/span><\/span><\/span><span style=\"font-family: Arial, serif\"><span style=\"font-size: small\"><b>Amen<\/b><\/span><\/span><\/p>\n<p><span style=\"color: #ff0000\"><span style=\"font-family: Arial, serif\"><span style=\"font-size: small\"><i>Elle poursuit <\/i><\/span><\/span><\/span><span style=\"font-family: Arial, serif\"><span style=\"font-size: small\">:\u00a0<\/span><\/span><span style=\"font-family: Arial, serif\"><span style=\"font-size: small\">En ce jours de No\u00ebl, nous voulons laisser nos c\u0153urs \u00eatre envahis par la lumi\u00e8re de l\u2019\u00e9toile de Bethl\u00e9em. La nativit\u00e9, c\u2019est-\u00e0-dire naissance de J\u00e9sus est toujours actuelle.<\/span><\/span><\/p>\n<p><span style=\"font-family: Arial, serif\"><span style=\"font-size: small\"><b>Chant d\u2019ouverture<\/b><\/span><\/span><span style=\"font-family: Arial, serif\"><span style=\"font-size: small\">\u00a0:<br \/><\/span><\/span><span style=\"font-family: Arial, serif\"><span style=\"font-size: small\">Par exemple \u00ab\u00a0Il est n\u00e9 le divin enfant\u00a0\u00bb <\/span><\/span><\/p>\n<p><span style=\"font-family: Arial, serif\"><span style=\"font-size: small\"><b>Demande de pardon<\/b><\/span><\/span><\/p>\n<p><span style=\"color: #ff0000\"><span style=\"font-family: Arial, serif\"><span style=\"font-size: small\"><i>Demande de pardon introduite par celui qui anime :\u00a0<\/i><\/span><\/span><\/span><span style=\"font-family: Arial, serif\"><span style=\"font-size: small\">Dieu, Notre p\u00e8re, nous ouvre ses bras pour nous accueillir avec nos forces et nos faiblesses, devant son amour pour nous, tournons-nous vers lui pour reconna\u00eetre nos p\u00e9ch\u00e9s.<\/span><\/span><\/p>\n<p><span style=\"color: #ff0000\"><span style=\"font-family: Arial, serif\"><span style=\"font-size: small\"><i>Ensemble<\/i><\/span><\/span><\/span><span style=\"font-family: Arial, serif\"><span style=\"font-size: small\"> :\u00a0<br \/><\/span><\/span><strong><span style=\"font-family: Arial, serif\"><span style=\"font-size: small\">Je confesse \u00e0 Dieu tout puissant,<br \/><\/span><\/span><span style=\"font-family: Arial, serif\"><span style=\"font-size: small\">je reconnais devant mes fr\u00e8res<br \/><\/span><\/span><span style=\"font-family: Arial, serif\"><span style=\"font-size: small\">que j\u2019ai p\u00e9ch\u00e9, en pens\u00e9e, en parole, par action et par omission ;<br \/><\/span><\/span><span style=\"font-family: Arial, serif\"><span style=\"font-size: small\">oui, j\u2019ai vraiment p\u00e9ch\u00e9.<\/span><\/span><\/strong><span style=\"font-family: Arial, serif\"><span style=\"font-size: small\"><span style=\"color: #ff0000\"> (on se frappe la poitrine).<\/span><\/span><\/span><strong><span style=\"font-family: Arial, serif\"><span style=\"font-size: small\"><br \/><\/span><\/span><span style=\"font-family: Arial, serif\"><span style=\"font-size: small\">C\u2019est pourquoi je supplie la vierge Marie,<br \/><\/span><\/span><span style=\"font-family: Arial, serif\"><span style=\"font-size: small\">les anges et tous les saints,<br \/><\/span><\/span><span style=\"font-family: Arial, serif\"><span style=\"font-size: small\">et vous aussi mes fr\u00e8res,<br \/><\/span><\/span><\/strong><span style=\"font-family: Arial, serif\"><span style=\"font-size: small\"><strong>de prier pour moi le Seigneur notre Dieu.<\/strong><\/span><\/span><\/p>\n<p><span style=\"color: #ff0000\"><span style=\"font-family: Arial, serif\"><span style=\"font-size: small\"><i>La personne qui conduit la c\u00e9l\u00e9bration dit<\/i><\/span><\/span><\/span><span style=\"font-family: Arial, serif\"><span style=\"font-size: small\"><i> :\u00a0<\/i><\/span><\/span><span style=\"font-family: Arial, serif\"><span style=\"font-size: small\">Que Dieu tout puissant nous fasse mis\u00e9ricorde, Qu\u2019il nous pardonne nos p\u00e9ch\u00e9s\u00a0<\/span><\/span><span style=\"font-family: Arial, serif\"><span style=\"font-size: small\">et nous conduise \u00e0 la vie \u00e9ternelle.\u00a0<br \/><\/span><\/span><span style=\"color: #ff0000\"><span style=\"font-family: Arial, serif\"><span style=\"font-size: small\">Tous ensemble\u00a0<\/span><\/span><\/span><span style=\"font-family: Arial, serif\"><span style=\"font-size: small\">: <\/span><\/span><span style=\"font-family: Arial, serif\"><span style=\"font-size: small\"><b>Amen<\/b><\/span><\/span><\/p>\n<p><span style=\"font-family: Arial, serif\"><span style=\"font-size: small\">On peut chanter le Gloire \u00e0 Dieu<\/span><\/span><\/p>\n<p><span style=\"font-family: Arial, serif\"><span style=\"font-size: small\"><b>Pri\u00e8re d\u2019ouverture<br \/><\/b><\/span><\/span><span style=\"color: #ff0000\"><span style=\"font-family: Arial, serif\"><span style=\"font-size: small\"><i>La personne qui conduit la c\u00e9l\u00e9bration dit cette pri\u00e8re<\/i><\/span><\/span><\/span><span style=\"font-family: Arial, serif\"><span style=\"font-size: small\"> :\u00a0<\/span><\/span><span style=\"color: #000000\"><span style=\"font-family: Arial, serif\"><span style=\"font-size: small\">P\u00e8re toi qui as merveilleusement cr\u00e9\u00e9 l\u2019homme et plus merveilleusement encore r\u00e9tabli sa dignit\u00e9, fais-nous participer \u00e0 la divinit\u00e9 de ton fils, puisqu\u2019il a voulu prendre notre humanit\u00e9.\u00a0<\/span><\/span><\/span><span style=\"color: #000000\"><span style=\"font-family: Arial, serif\"><span style=\"font-size: small\">Par J\u00e9sus Christ\u2026<br \/><\/span><\/span><\/span><b><span style=\"font-family: Arial, serif\"><span style=\"font-size: small\">Amen<\/span><\/span><\/b><\/p>\n<p><span style=\"font-family: Arial, serif;background-color: #ffcc00\"><span style=\"font-size: small;background-color: #ffcc00\"><b>II\/ LITURGIE DE LA PAROLE<\/b><\/span><\/span><\/p>\n<p><span style=\"font-family: Arial, serif\"><span style=\"font-size: small\">Et maintenant ouvrons nos c\u0153urs pour laisser place \u00e0 la parole de Dieu. Un Dieu qui parle \u00e0 son peuple<\/span><\/span><\/p>\n<p><span style=\"background-color: #ccffff\"><a style=\"background-color: #ccffff\" href=\"https:\/\/www.aelf.org\/2020-12-25\/romain\/messe#messe4_lecture1\" target=\"_blank\" rel=\"noopener\"><span style=\"color: #bf2329\"><span style=\"font-family: Arial, serif\"><span style=\"font-size: small;background-color: #ccffff\"><b>PREMI\u00c8RE LECTURE<br \/><\/b><\/span><\/span><\/span><\/a><\/span><span style=\"color: #333333\"><span style=\"font-family: Arial, serif\"><span style=\"font-size: small\"><b>\u00ab\u00a0Tous les lointains de la terre ont vu le salut de notre Dieu\u00a0\u00bb (Is 52,\u00a07-10)<\/b><\/span><\/span><\/span><\/p>\n<p><span style=\"background-color: #ccffff\"><a style=\"background-color: #ccffff\" href=\"https:\/\/www.aelf.org\/2020-12-25\/romain\/messe#messe4_lecture2\" target=\"_blank\" rel=\"noopener\"><span style=\"color: #bf2329\"><span style=\"font-family: Arial, serif\"><span style=\"font-size: small;background-color: #ccffff\"><b>PSAUME <\/b><\/span><\/span><\/span><span style=\"color: #333333\"><span style=\"font-family: Arial, serif\"><span style=\"font-size: small;background-color: #ccffff\"><b>97 (98),\u00a01,\u00a02-3ab,\u00a03cd-4,\u00a05-6<br \/><\/b><\/span><\/span><\/span><\/a><\/span><span style=\"color: #333333\"><span style=\"font-family: Arial, serif\"><span style=\"font-size: small\"><b>R\/ La terre tout enti\u00e8re a vu le salut que Dieu nous donne<\/b><\/span><\/span><\/span><\/p>\n<p><span style=\"background-color: #ccffff\"><a style=\"background-color: #ccffff\" href=\"https:\/\/www.aelf.org\/2020-12-25\/romain\/messe#messe4_lecture3\" target=\"_blank\" rel=\"noopener\"><span style=\"color: #bf2329\"><span style=\"font-family: Arial, serif\"><span style=\"font-size: small;background-color: #ccffff\"><b>DEUXI\u00c8ME LECTURE<br \/><\/b><\/span><\/span><\/span><\/a><\/span><span style=\"color: #333333\"><span style=\"font-family: Arial, serif\"><span style=\"font-size: small\"><b>\u00ab\u00a0Dieu nous a parl\u00e9 par son Fils\u00a0\u00bb (He 1,\u00a01-6)<\/b><\/span><\/span><\/span><\/p>\n<p><span style=\"color: #bf2329\"><span style=\"font-family: Arial, serif\"><span style=\"font-size: small\"><b><a href=\"https:\/\/www.aelf.org\/2020-12-25\/romain\/messe#messe4_lecture4\" target=\"_blank\" rel=\"noopener\">\u00c9VANGILE<\/a><br \/><\/b><\/span><\/span><\/span><span style=\"color: #333333\"><span style=\"font-family: Arial, serif\"><span style=\"font-size: small\"><b>\u00ab\u00a0Le Verbe s\u2019est fait chair, il a habit\u00e9 parmi nous\u00a0\u00bb (Jn 1,\u00a01-18)<\/b><\/span><\/span><\/span><\/p>\n<p><span style=\"color: #333333\"><span style=\"font-family: Arial, serif\"><span style=\"font-size: small\"><b>All\u00e9luia. All\u00e9luia.<br \/><\/b><\/span><\/span><\/span><span style=\"color: #333333\"><span style=\"font-family: Arial, serif\"><span style=\"font-size: small\">Aujourd\u2019hui la lumi\u00e8re a brill\u00e9 sur la terre. Peuples de l\u2019univers, entrez dans la clart\u00e9 de Dieu\u00a0; venez tous adorer le Seigneur !<br \/><\/span><\/span><\/span><span style=\"color: #333333\"><span style=\"font-family: Arial, serif\"><span style=\"font-size: small\"><b>All\u00e9luia.<\/b><\/span><\/span><\/span><\/p>\n<p><span style=\"color: #bf2329\"><span style=\"font-family: Arial, serif\"><span style=\"font-size: small\">Lecture de l&rsquo;\u00e9vangile de J\u00e9sus Christ selon saint Jean<\/span><\/span><\/span><\/p>\n<p><span style=\"font-family: Arial, serif;background-color: #ffcc00\"><b>III\/ PARTAGE ET MEDITATION<\/b><\/span><\/p>\n<p><strong>Partage<\/strong><\/p>\n<p>Temps de silence<\/p>\n<ul>\n<li>\n<p><span style=\"font-family: Arial, serif\"><span style=\"font-size: small\">\u00ab\u00a0Au commencement\u2026\u00a0\u00bb ainsi commence l\u2019\u00e9vangile de ce jour\u00a0; es-tu pr\u00eat \u00e0 entamer un nouveau commencement (spirituel, amical, professionnel, attention aux autres\u2026)\u00a0?<\/span><\/span><\/p>\n<\/li>\n<li>\n<p><span style=\"color: #000000\"><span style=\"font-family: Arial, serif\"><span style=\"font-size: small\">Tu sais bien que Christ est n\u00e9 \u00e0 Bethl\u00e9em, mais est-il n\u00e9 dans ton c\u0153ur ?<\/span><\/span><\/span><\/p>\n<\/li>\n<li>\n<p>Quelle place je donne aux plus fragiles\u00a0?<\/p>\n<\/li>\n<li>\n<p>En quoi, comment\u2026 l\u2019enfant J\u00e9sus est lumi\u00e8re pour toi\u00a0\u00a0?<\/p>\n<\/li>\n<\/ul>\n<p><b>M\u00e9ditation<\/b><\/p>\n<p align=\"JUSTIFY\"><span style=\"color: #333333\"><span style=\"font-family: Arial, serif\"><span style=\"font-size: small\">\u00ab<\/span><\/span><\/span><span style=\"color: #333333\"><span style=\"font-family: Arial, serif\"><span style=\"font-size: small\"><b>\u00a0Au commencement<\/b><\/span><\/span><\/span><span style=\"color: #333333\"><span style=\"font-family: Arial, serif\"><span style=\"font-size: small\">\u00a0\u00bb. Ainsi commence l\u2019\u00e9vangile de Saint Jean. C\u2019est-\u00e0-dire ce jour de No\u00ebl est pour nous un commencement\u00a0; une nouvelle cr\u00e9ation\u00a0; une re-cr\u00e9ation. L\u2019enfant est n\u00e9, il a pris visage humain pour nous rencontrer Il se manifeste plus pleinement, il grandit, il attire, il rassemble, il appelle et il nous montre le chemin de la lumi\u00e8re, c\u2019est-\u00e0-dire de l\u2019amour. C\u2019est le chemin de l\u2019Amour. Par ce chemin nous acc\u00e9dons \u00e0 la vraie lumi\u00e8re qui \u00e9claire, nous acc\u00e9dons \u00e0 notre identit\u00e9 v\u00e9ritable, celle d\u2019\u00ab\u00a0<\/span><\/span><\/span><span style=\"color: #333333\"><span style=\"font-family: Arial, serif\"><span style=\"font-size: small\"><b>enfant de Dieu<\/b><\/span><\/span><\/span><span style=\"color: #333333\"><span style=\"font-family: Arial, serif\"><span style=\"font-size: small\">\u00a0\u00bb.<\/span><\/span><\/span><\/p>\n<p align=\"JUSTIFY\"><span style=\"color: #333333\">\u00a0<\/span><span style=\"color: #333333\"><span style=\"font-family: Arial, serif\"><span style=\"font-size: small\">\u00ab\u00a0<\/span><\/span><\/span><span style=\"color: #333333\"><span style=\"font-family: Arial, serif\"><span style=\"font-size: small\"><b>Et le Verbe s&rsquo;est fait chair, il a habit\u00e9 parmi nous, et nous avons vu sa gloire, la gloire qu&rsquo;il tient de son P\u00e8re comme Fils unique, plein de gr\u00e2ce et de v\u00e9rit\u00e9<\/b><\/span><\/span><\/span><span style=\"color: #333333\"><span style=\"font-family: Arial, serif\"><span style=\"font-size: small\">\u00a0\u00bb. Il vient partager notre vie, notre histoire pour que nous puissions aimer sa vie, consid\u00e9rer les \u00e9v\u00e9nements de sa vie, savoir que par l\u00e0 il nous donne acc\u00e8s \u00e0 son \u00eatre, \u00e0 sa mani\u00e8re d\u2019\u00eatre, et que de l\u00e0, nous trouverons notre juste place. Recevoir la gr\u00e2ce de Le suivre jusqu\u2019au bout de son chemin.<\/span><\/span><\/span><\/p>\n<p align=\"JUSTIFY\"><span style=\"color: #333333\">\u00a0<\/span><span style=\"color: #333333\"><span style=\"font-family: Arial, serif\"><span style=\"font-size: small\">\u00ab\u00a0<\/span><\/span><\/span><span style=\"color: #333333\"><span style=\"font-family: Arial, serif\"><span style=\"font-size: small\"><b>Il y eut un homme envoy\u00e9 par Dieu. Son nom \u00e9tait Jean \u00bb.<\/b><\/span><\/span><\/span><span style=\"color: #333333\"><span style=\"font-family: Arial, serif\"><span style=\"font-size: small\">\u00a0Ce chemin nous ne pouvons le prendre que gr\u00e2ce \u00e0 nos fr\u00e8res et \u00e0 nos s\u0153urs. Jean est le premier des t\u00e9moins. En lui, la lumi\u00e8re se laissait voir et nous conduisait \u00e0 Lui. Nous avons aussi \u00e0 accepter d\u2019\u00eatre pour d\u2019autres des Jeans Baptistes&#8230; No\u00ebl nous conduit \u00e0 la vie, celle que nous recevons, celle que nous donnons. Alors recevons la vie et partageons-la.<\/span><\/span><\/span><\/p>\n<p><strong>Credo<\/strong><\/p>\n<p><span style=\"font-family: Arial, serif;background-color: #ffcc00\"><span style=\"font-size: small;background-color: #ffcc00\"><b>IV\/ PRIERE UNIVERSELLE<\/b><\/span><\/span><\/p>\n<p><span style=\"color: #ff0000\"><span style=\"font-family: Arial, serif\"><span style=\"font-size: small\">La personne qui conduit la c\u00e9l\u00e9bration peut introduire ains<\/span><\/span><\/span><span style=\"font-family: Arial, serif\"><span style=\"font-size: small\">i :\u00a0<\/span><\/span><span style=\"font-family: Arial, serif\"><span style=\"font-size: small\">En cette f\u00eate de No\u00ebl, implorons avec confiance Dieu le P\u00e8re tout-puissant, car il a tant aim\u00e9 le monde qu\u2019il lui a donn\u00e9 son Fils unique<\/span><\/span><\/p>\n<p><span style=\"font-family: Arial, serif\"><span style=\"font-size: small\">R\/ J\u00e9sus, Fils de Marie, exauce-nous<\/span><\/span><\/p>\n<ol>\n<li>\n<p align=\"JUSTIFY\"><span style=\"color: #232323\"><span style=\"font-family: Arial, serif\"><span style=\"font-size: small\">Seigneur J\u00e9sus, Toi la lumi\u00e8re qui \u00e9claire le monde,\u00a0nous te confions ton Eglise afin qu\u2019elle annonce au monde la Joie et l\u2019Esp\u00e9rance de No\u00ebl\u00a0; et\u00a0proclame, avec courage, et sans se lasser, ta Bonne Nouvelle \u00e0 tous les peuples de la Terre. Seigneur, nous te prions.<\/span><\/span><\/span><\/p>\n<\/li>\n<\/ol>\n<ol start=\"2\">\n<li>\n<p align=\"JUSTIFY\"><span style=\"font-family: Arial, serif\"><span style=\"font-size: small\">Seigneur J\u00e9sus, Lumi\u00e8re qui dissipe toutes t\u00e9n\u00e8bres, nous te confions les peuples du monde afin qu\u2019ils d\u00e9passent leurs conflits et leurs rancunes, et que leurs dirigeants mettent fin aux guerres qui les d\u00e9chirent. Seigneur nous te prions\u00a0!<\/span><\/span><\/p>\n<\/li>\n<\/ol>\n<ol start=\"3\">\n<li>\n<p align=\"JUSTIFY\"><span style=\"font-family: Arial, serif\"><span style=\"font-size: small\">Seigneur J\u00e9sus, Toi le verbe devenu chair, nous te confions les r\u00e9fugi\u00e9s, les sans-abris, les isol\u00e9s, afin qu\u2019ils puissent trouver chez nous une main tendue et une porte ouverte. Seigneur nous te prions\u00a0!<\/span><\/span><\/p>\n<\/li>\n<\/ol>\n<ol start=\"4\">\n<li>\n<p align=\"JUSTIFY\"><span style=\"font-family: Arial, serif\"><span style=\"font-size: small\">Seigneur J\u00e9sus, Toi qui habites parmi nous, nous te confions nos familles et nos communaut\u00e9s, en cette f\u00eate de No\u00ebl, qu\u2019elles grandissent dans la paix et la joie, et que leurs membres les plus fragiles trouvent soutien et r\u00e9confort. Prions le Seigneur\u00a0!<\/span><\/span><\/p>\n<\/li>\n<\/ol>\n<p><b>Notre P\u00e8re<\/b><\/p>\n<p><span style=\"color: #ff0000\"><i>La personne qui conduit la c\u00e9l\u00e9bration <\/i><\/span>:\u00a0Dans cette joie de No\u00ebl, unis dans le m\u00eame Esprit, en communion spirituelle avec toute l\u2019\u00c9glise en pri\u00e8re , disons la belle pri\u00e8re fraternelle que le Christ nous a apprise\u00a0:<br \/><span style=\"color: #ff0000\">Tous<\/span> : <b>Notre P\u00e8re&#8230;<\/b><\/p>\n<p><span style=\"background-color: #ffcc00\"><b>V \/ LA COMMUNION SPIRITUELLE<\/b><\/span><\/p>\n<p><span style=\"color: #ff0000\"><span style=\"font-family: Arial, serif\"><span style=\"font-size: small\">Invitation \u00e0 la pri\u00e8re de communion spirituelle.<\/span><\/span><\/span><\/p>\n<p style=\"text-align: center\"><span style=\"font-family: Arial, serif;color: #000080\"><span style=\"font-size: small\">Seigneur J\u00e9sus, je crois \u00e0 ta v\u00e9ritable pr\u00e9sence<br \/>dans le pain et dans le vin consacr\u00e9s.<br \/>Je t\u2019aime toi le Seigneur de ma vie.<br \/>Je d\u00e9sire profond\u00e9ment r\u00e9pondre \u00e0 ton invitation, communier, te recevoir au plus intime de ma vie.<br \/>Je ne peux maintenant te recevoir sacramentellement. Viens Seigneur habiter spirituellement ma vie.<br \/>J\u2019ai faim de ton amour j\u2019ai faim de ta vie donn\u00e9e pour nourrir toute ma vie. Au jour le jour que j\u2019apprenne de toi \u00e0 donner ma vie \u00e0 aimer.<br \/>Oui, Seigneur J\u00e9sus, fais que je demeure fid\u00e8le \u00e0 ton commandement<br \/>et que jamais je ne sois s\u00e9par\u00e9 de toi. Amen<\/span><\/span><\/p>\n<p><span style=\"color: #ff0000\"><span style=\"font-family: Arial, serif\"><span style=\"font-size: small\">Suit un moment de silence, de communion spirituelle.<\/span><\/span><\/span><\/p>\n<p>\u00a0<\/p>\n<p><span style=\"background-color: #ffcc00\"><b>VI \/ BENEDICTION<\/b><\/span><\/p>\n<p><span style=\"font-family: Arial, serif\"><span style=\"font-size: small\">Dans son amour infini, Dieu a donn\u00e9 son Fils au monde pour en dissiper les t\u00e9n\u00e8bres; par le myst\u00e8re de la nativit\u00e9 du Christ, il a fait resplendir cette nuit tr\u00e8s sainte : qu&rsquo;il vous sauve de l&rsquo;aveuglement du p\u00e9ch\u00e9 et qu&rsquo;il ouvre vos yeux \u00e0 sa lumi\u00e8re. <\/span><\/span><span style=\"font-family: Arial, serif\"><span style=\"font-size: small\"><b>Amen<\/b><\/span><\/span><span style=\"font-family: Arial, serif\"><span style=\"font-size: small\">.<\/span><\/span><\/p>\n<p><span style=\"font-family: Arial, serif\"><span style=\"font-size: small\">Il a voulu que les bergers re\u00e7oivent d&rsquo;un ange l&rsquo;annonce d&rsquo;une grande joie pour tout le peuple, qu&rsquo;il mette en vos c\u0153urs cette m\u00eame joie et vous prenne comme messagers de sa Bonne Nouvelle: \u00ab Aujourd&rsquo;hui, il vous est n\u00e9 un Sauveur. \u00bb <\/span><\/span><span style=\"font-family: Arial, serif\"><span style=\"font-size: small\"><b>Amen<\/b><\/span><\/span><span style=\"font-family: Arial, serif\"><span style=\"font-size: small\">.<\/span><\/span><\/p>\n<p><span style=\"font-family: Arial, serif\"><span style=\"font-size: small\">Par l&rsquo;incarnation de son Fils, il a scell\u00e9 l&rsquo;Alliance du ciel et de la terre : qu&rsquo;il vous donne sa paix, qu&rsquo;il vous tienne en sa bienveillance, qu&rsquo;il vous unisse d\u00e8s maintenant \u00e0 l&rsquo;\u00c9glise du ciel. <\/span><\/span><span style=\"font-family: Arial, serif\"><span style=\"font-size: small\"><b>Amen<\/b><\/span><\/span><span style=\"font-family: Arial, serif\"><span style=\"font-size: small\">.<\/span><\/span><\/p>\n<p><span style=\"background-color: #ffcc00\"><b>VII\/ PRIERE DU SYNODE 2020-2022<\/b><\/span><\/p>\n<p align=\"CENTER\"><span style=\"color: #008000\"><span style=\"font-family: Times New Roman, serif\"><span style=\"font-size: medium\"><b>Dieu Notre P\u00e8re,<br \/><\/b><\/span><\/span><span style=\"font-family: Times New Roman, serif\"><span style=\"font-size: medium\"><b>tu nous as cr\u00e9\u00e9s \u00e0 ta ressemblance.<br \/>Tu as tellement aim\u00e9 les hommes<br \/>que tu nous as donn\u00e9 ton Fils<br \/>afin qu\u2019il nous conduise vers toi<br \/>et nous unisse dans l\u2019Esprit.<\/b><\/span><\/span><\/span><\/p>\n<p align=\"CENTER\"><span style=\"font-family: 'Times New Roman', serif;color: #008000\"><span style=\"font-size: medium\"><b>Tels que nous sommes, <br \/>disciples de J\u00e9sus-Christ,<br \/>assur\u00e9s de sa pr\u00e9sence<br \/>en toutes circonstances,<br \/>nous l\u2019accueillons <br \/>dans le service du prochain.<\/b><\/span><\/span><\/p>\n<p align=\"CENTER\"><span style=\"font-family: 'Times New Roman', serif;color: #008000\"><span style=\"font-size: medium\"><b>T\u00e9moins ensemble de l\u2019\u00c9vangile<br \/>en cette terre d\u2019Essonne,<br \/>nous voulons poursuivre Sa mission<br \/>en prenant soin de chacun.<\/b><\/span><\/span><\/p>\n<p align=\"CENTER\"><span style=\"font-family: 'Times New Roman', serif;color: #008000\"><span style=\"font-size: medium\"><b>Que ton Esprit-Saint nous rende attentifs<br \/>\u00e0 tous ceux parmi lesquels nous vivons,<br \/>partageant leurs joies et leurs espoirs,<br \/>leurs tristesses et leurs angoisses,<\/b><\/span><\/span><\/p>\n<p align=\"CENTER\"><span style=\"font-family: 'Times New Roman', serif;color: #008000\"><span style=\"font-size: medium\"><b>Qu\u2019il nous donne, avec le synode,<br \/>de fortifier le souci du monde <br \/>que nous habitons,<br \/>le souci de tous<br \/>\u00a0et particuli\u00e8rement des plus fragiles.<\/b><\/span><\/span><\/p>\n<p align=\"CENTER\"><span style=\"font-family: 'Times New Roman', serif;color: #008000\"><span style=\"font-size: medium\"><b>A l\u2019\u00e9coute de ce que ton Esprit dit<br \/>\u00e0 ton Peuple qui est en Essonne,<br \/>aide-nous \u00e0 discerner, consolider,<br \/>choisir et inventer les chemins<br \/>pour la marche de notre \u00c9glise dioc\u00e9saine<br \/>dans les prochaines ann\u00e9es.<\/b><\/span><\/span><\/p>\n<p align=\"CENTER\"><span style=\"font-family: 'Times New Roman', serif;color: #008000\"><span style=\"font-size: medium\"><b>\u00c0 l\u2019\u00e9coute de ta Parole,<br \/>avec Notre-Dame de Bonne Garde,<br \/>puissions-nous \u00eatre le reflet de ton regard,<br \/>de Ta pr\u00e9sence et de la joie de l\u2019\u00c9vangile.<\/b><\/span><\/span><\/p>\n<p align=\"CENTER\"><span style=\"font-family: 'Times New Roman', serif;color: #008000\"><span style=\"font-size: medium\"><b>Amen !<\/b><\/span><\/span><\/p>\n<p align=\"CENTER\"><strong>Gloria !<\/strong><\/p>\n","protected":false},"excerpt":{"rendered":"","protected":false},"author":2,"featured_media":4187,"comment_status":"closed","ping_status":"closed","sticky":false,"template":"","format":"standard","meta":{"kt_blocks_editor_width":"","footnotes":""},"categories":[25,7],"tags":[4,23,13],"_links":{"self":[{"href":"https:\/\/eglise-catholique-valdorge.fr\/index.php?rest_route=\/wp\/v2\/posts\/4180"}],"collection":[{"href":"https:\/\/eglise-catholique-valdorge.fr\/index.php?rest_route=\/wp\/v2\/posts"}],"about":[{"href":"https:\/\/eglise-catholique-valdorge.fr\/index.php?rest_route=\/wp\/v2\/types\/post"}],"author":[{"embeddable":true,"href":"https:\/\/eglise-catholique-valdorge.fr\/index.php?rest_route=\/wp\/v2\/users\/2"}],"replies":[{"embeddable":true,"href":"https:\/\/eglise-catholique-valdorge.fr\/index.php?rest_route=%2Fwp%2Fv2%2Fcomments&post=4180"}],"version-history":[{"count":10,"href":"https:\/\/eglise-catholique-valdorge.fr\/index.php?rest_route=\/wp\/v2\/posts\/4180\/revisions"}],"predecessor-version":[{"id":4206,"href":"https:\/\/eglise-catholique-valdorge.fr\/index.php?rest_route=\/wp\/v2\/posts\/4180\/revisions\/4206"}],"wp:featuredmedia":[{"embeddable":true,"href":"https:\/\/eglise-catholique-valdorge.fr\/index.php?rest_route=\/wp\/v2\/media\/4187"}],"wp:attachment":[{"href":"https:\/\/eglise-catholique-valdorge.fr\/index.php?rest_route=%2Fwp%2Fv2%2Fmedia&parent=4180"}],"wp:term":[{"taxonomy":"category","embeddable":true,"href":"https:\/\/eglise-catholique-valdorge.fr\/index.php?rest_route=%2Fwp%2Fv2%2Fcategories&post=4180"},{"taxonomy":"post_tag","embeddable":true,"href":"https:\/\/eglise-catholique-valdorge.fr\/index.php?rest_route=%2Fwp%2Fv2%2Ftags&post=4180"}],"curies":[{"name":"wp","href":"https:\/\/api.w.org\/{rel}","templated":true}]}}