{"id":4196,"date":"2020-12-26T09:00:00","date_gmt":"2020-12-26T08:00:00","guid":{"rendered":"https:\/\/eglise-catholique-valdorge.fr\/?p=4196"},"modified":"2021-01-13T11:11:18","modified_gmt":"2021-01-13T10:11:18","slug":"homelie-du-dimanche-de-la-sainte-famille","status":"publish","type":"post","link":"https:\/\/eglise-catholique-valdorge.fr\/?p=4196","title":{"rendered":"HOM\u00c9LIE DU DIMANCHE DE LA SAINTE FAMILLE"},"content":{"rendered":"\n<p><span style=\"text-decoration: underline\"><strong>HOM\u00c9LIE DU DIMANCHE DE LA SAINTE FAMILLE<\/strong><\/span><\/p>\n<p>En ce dimanche apr\u00e8s No\u00ebl, le tout dernier de l&rsquo;ann\u00e9e civile, nous voici parvenus \u00e0 la f\u00eate de la sainte Famille, de J\u00e9sus, Marie et Joseph. La famille de J\u00e9sus nous est pr\u00e9sent\u00e9e aujourd\u2019hui comme une famille socialement bien int\u00e9gr\u00e9e. Elle conna\u00eet les coutumes de son peuple et vit en accord avec ses traditions.<\/p>\n<p>Dans l\u2019\u00e9vangile, comme tous les parents qui pr\u00e9sentent un enfant au bapt\u00eame, Marie et Joseph pr\u00e9sentent J\u00e9sus au Temple, l&rsquo;offrant ainsi \u00e0 Dieu, ne sachant pas ce que l\u2019avenir lui r\u00e9serve. Voici que dans le Temple, cette modeste Famille rencontre inopin\u00e9ment deux personnes de Foi: Sim\u00e9on et Anne. La premi\u00e8re, un <em>\u00ab\u00a0homme juste et religieux\u00a0\u00bb<\/em> qui attendait dans la foi, la <em>\u00ab\u00a0consolation d\u2019Isra\u00ebl et l&rsquo;Esprit Saint \u00e9tait sur lui\u00a0\u00bb<\/em> ce m\u00eame Esprit qui lui avait annonc\u00e9 qu&rsquo;il <em>\u00ab\u00a0ne verrait pas la mort avant d&rsquo;avoir vu le Christ, le Messie du Seigneur\u00a0\u00bb<\/em>.La seconde, une proph\u00e9tesse, qui s&rsquo;est totalement consacr\u00e9e au Seigneur depuis la mort de son mari. Sim\u00e9on et Anne, \u00e0 travers les ann\u00e9es, au lieu de se d\u00e9sillusionner, ont cru et esp\u00e9r\u00e9 la promesse de Dieu qui est la consolation de son Peuple par la lumi\u00e8re des nations. Cette rencontre \u00e9tait providentielle, car Marie et Joseph allaient avoir besoin d&rsquo;une foi solide pour \u00e9lever et \u00e9duquer cet Enfant-Dieu, puisqu&rsquo;en J\u00e9sus c&rsquo;est Dieu qui s&rsquo;est fait petit enfant faible et fragile.<\/p>\n<p>La liturgie d\u2019aujourd\u2019hui, fr\u00e8res et s\u0153urs, veut nous pr\u00e9senter la sainte Famille comme un mod\u00e8le \u00e0 suivre, une famille normale avec ses peines, ses joies, sa foi, ses amiti\u00e9s, ses doutes et autres.<\/p>\n<p>Marie et Joseph ont \u00e9t\u00e9 de bons parents, de bons \u00e9ducateurs et le Christ leur doit toute sa formation. Il restera toujours <em>\u00ab le fils du charpentier \u00bb<\/em>.<em> \u00ab Il leur \u00e9tait soumis et grandissait en \u00e2ge et en sagesse \u00bb<\/em>, entour\u00e9 d\u2019amour et de respect.<\/p>\n<p>J\u00e9sus a appris de sa famille l\u2019honn\u00eatet\u00e9, le respect des autres, la sinc\u00e9rit\u00e9, le civisme, la foi, la pri\u00e8re, la justice, l\u2019amour, l\u2019esprit de service et la joie de vivre.<\/p>\n<p>Notre fa\u00e7on d\u2019\u00eatre, de penser, d\u2019agir, d\u2019aimer, d\u2019\u00e9valuer les personnes et les situations, ne nous viennent-elles pas en grande partie de nos parents\u00a0?<\/p>\n<p>Profitons donc de cette f\u00eate de la sainte famille et de la p\u00e9riode de No\u00ebl pour redonner de l\u2019importance \u00e0 nos contacts familiaux; faire confiance les uns aux autres et dans un \u00e9lan de reconnaissance, \u00eatre \u00e0 l&rsquo;\u00e9coute les uns des autres en n&rsquo;\u00e9tant pas indiff\u00e9rents du v\u00e9cu de chacun. Car nous aussi avons grandi, pris des forces, et d\u00e9velopp\u00e9 une certaine sagesse au sein de nos familles.<\/p>\n<p>Confions \u00e0 Marie, Reine et M\u00e8re de la famille, toutes les familles du monde. Surtout celles douloureusement \u00e9prouv\u00e9es par le deuil, la maladie d&rsquo;un proche, la m\u00e9sentente. Qu\u2019elles puissent vivre dans la foi, dans la concorde, dans l\u2019aide r\u00e9ciproque. Que Marie nous aide \u00e0 accueillir son Fils et \u00e0 faire <em>\u00ab\u00a0tout ce qu\u2019il nous dira\u00a0\u00bb<\/em> pour le bien de nos familles. Qu\u2019elle soit toujours avec nous pour nous garder fid\u00e8les \u00e0 son amour.<\/p>\n<p align=\"RIGHT\"><em>G\u00e9rard EKLU<\/em><\/p>\n","protected":false},"excerpt":{"rendered":"","protected":false},"author":2,"featured_media":2690,"comment_status":"closed","ping_status":"closed","sticky":false,"template":"","format":"standard","meta":{"kt_blocks_editor_width":"","footnotes":""},"categories":[7],"tags":[4,23,13],"_links":{"self":[{"href":"https:\/\/eglise-catholique-valdorge.fr\/index.php?rest_route=\/wp\/v2\/posts\/4196"}],"collection":[{"href":"https:\/\/eglise-catholique-valdorge.fr\/index.php?rest_route=\/wp\/v2\/posts"}],"about":[{"href":"https:\/\/eglise-catholique-valdorge.fr\/index.php?rest_route=\/wp\/v2\/types\/post"}],"author":[{"embeddable":true,"href":"https:\/\/eglise-catholique-valdorge.fr\/index.php?rest_route=\/wp\/v2\/users\/2"}],"replies":[{"embeddable":true,"href":"https:\/\/eglise-catholique-valdorge.fr\/index.php?rest_route=%2Fwp%2Fv2%2Fcomments&post=4196"}],"version-history":[{"count":3,"href":"https:\/\/eglise-catholique-valdorge.fr\/index.php?rest_route=\/wp\/v2\/posts\/4196\/revisions"}],"predecessor-version":[{"id":4204,"href":"https:\/\/eglise-catholique-valdorge.fr\/index.php?rest_route=\/wp\/v2\/posts\/4196\/revisions\/4204"}],"wp:featuredmedia":[{"embeddable":true,"href":"https:\/\/eglise-catholique-valdorge.fr\/index.php?rest_route=\/wp\/v2\/media\/2690"}],"wp:attachment":[{"href":"https:\/\/eglise-catholique-valdorge.fr\/index.php?rest_route=%2Fwp%2Fv2%2Fmedia&parent=4196"}],"wp:term":[{"taxonomy":"category","embeddable":true,"href":"https:\/\/eglise-catholique-valdorge.fr\/index.php?rest_route=%2Fwp%2Fv2%2Fcategories&post=4196"},{"taxonomy":"post_tag","embeddable":true,"href":"https:\/\/eglise-catholique-valdorge.fr\/index.php?rest_route=%2Fwp%2Fv2%2Ftags&post=4196"}],"curies":[{"name":"wp","href":"https:\/\/api.w.org\/{rel}","templated":true}]}}