{"id":4247,"date":"2021-01-16T09:00:00","date_gmt":"2021-01-16T08:00:00","guid":{"rendered":"https:\/\/eglise-catholique-valdorge.fr\/?p=4247"},"modified":"2021-01-29T14:30:52","modified_gmt":"2021-01-29T13:30:52","slug":"liturgie-familiale-2eme-dimanche-du-temps-ordinaire-secteur-du-val-dorge-16-17-janvier-2021","status":"publish","type":"post","link":"https:\/\/eglise-catholique-valdorge.fr\/?p=4247","title":{"rendered":"Liturgie familiale &#8211; <strong>2<\/strong><strong>\u00e8me<\/strong><strong> dimanche du temps ordinaire<\/strong> &#8211; Secteur du Val d&rsquo;Orge &#8211; 16\/17 janvier 2021"},"content":{"rendered":"\n<h1 align=\"center\"><strong><span style=\"color: #336633\">Liturgie familiale<\/span><\/strong><br \/><strong><span style=\"color: #336633\">2<sup>\u00e8me<\/sup> dimanche du temps ordinaire<\/span><\/strong><br \/><span style=\"color: #336633\">Secteur du Val d&rsquo;Orge<\/span><br \/><span style=\"color: #336633\">16\/17 janvier 2021<\/span><\/h1>\n<table style=\"width: 100%;height: 87px\">\n<tbody>\n<tr style=\"height: 87px\">\n<td style=\"width: 100%;border-color: #383f52;background-color: #cad5fa;height: 87px;border-style: none\">\n<h3 style=\"text-align: center\"><span style=\"color: #2a2a3d\">Pr\u00e9paration<\/span><\/h3>\n<\/td>\n<\/tr>\n<\/tbody>\n<\/table>\n<p>Peut-\u00eatre ne vous est-il pas possible de rejoindre notre communaut\u00e9 paroissiale pour c\u00e9l\u00e9brer la messe en assembl\u00e9e dominicale.<br \/>Voici une proposition pour c\u00e9l\u00e9brer \u00e0 la maison, que vous soyez seul ou en famille, n&rsquo;h\u00e9sitez pas \u00e0 l&rsquo;adapter.<\/p>\n<p class=\"western\"><i>Commen\u00e7ons par pr\u00e9parer l&rsquo;endroit o\u00f9 nous allons prier\u00a0: la Bible ou le Nouveau Testament ouvert sur l&rsquo;\u00c9vangile du jour, un lumignon, &#8230;<br \/>S&rsquo;il y a des chanteurs et des musiciens \u00e0 la maison, ils peuvent participer en pr\u00e9parant un chant ou deux.<\/i><\/p>\n<p class=\"western\">Si vous \u00eates plusieurs, vous d\u00e9signez celui ou celle qui va guider la pri\u00e8re (d\u00e9sign\u00e9 ensuite par G), par exemple, le p\u00e8re ou la m\u00e8re de famille ou le(la) plus ancien(ne).<span style=\"color: #cc0000\"><span style=\"font-family: Times New Roman, serif\"><span style=\"font-size: small\"><br \/>Les indications sur comment faire ou qui doit faire sont en rouge.<br \/><\/span><\/span><\/span><b>En gras<\/b> figurent les textes \u00e0 dire par tout le monde. Les liens apparaissent en surlign\u00e9s.<span style=\"color: #0084d1\"> Les chants sont indiqu\u00e9s par une petite note de musique\u00a0: \u266a<\/span><\/p>\n<table style=\"width: 100%;height: 87px\">\n<tbody>\n<tr style=\"height: 87px\">\n<td style=\"width: 100%;border-style: none;border-color: #383f52;background-color: #cad5fa;height: 87px\">\n<h3 style=\"text-align: center\"><span style=\"color: #2a2a3d\">Chants propos\u00e9s<\/span><\/h3>\n<\/td>\n<\/tr>\n<\/tbody>\n<\/table>\n<h5 class=\"western\"><span style=\"color: inherit;font-size: 1em;font-weight: 600\">Au d\u00e9but de la c\u00e9l\u00e9bration<\/span><\/h5>\n<p class=\"western\"><span style=\"color: #0084d1\">\u266a \u00c9coute la voix du Seigneur A 548 <\/span><span style=\"color: #0084d1\">couplets<\/span><span style=\"color: #0084d1\"> 1 et 2<br \/><\/span><span style=\"color: #0084d1\">\u266a D<\/span><span style=\"color: #0084d1\">ieu nous a tous appel\u00e9s A 14-56 <\/span><span style=\"color: #0084d1\">couplets<\/span><span style=\"color: #0084d1\"> 1 et 3<br \/><\/span><span style=\"color: #0084d1\">\u266a <\/span><span style=\"color: #0084d1\">Dieu nous appelle pour faire \u00c9glise A 205 <\/span><span style=\"color: #0084d1\">couplets <\/span><span style=\"color: #0084d1\">1 et 3<br \/><\/span><span style=\"color: #0084d1\">\u266a <\/span><span style=\"color: #0084d1\">Les mots que tu nous dis<\/span><\/p>\n<h5 class=\"western\">A la fin<\/h5>\n<p class=\"western\"><span style=\"color: #0084d1\">\u266a<\/span><span style=\"color: #0084d1\"> Si le P\u00e8re vous appelle T 154-1 C. 1 et 2<br \/><\/span><span style=\"color: #0084d1\">\u266a <\/span><span style=\"color: #0084d1\">Christ aujourd&rsquo;hui nous appelle<\/span><\/p>\n<h5 class=\"western\">Chants du synode<\/h5>\n<p class=\"western\">Les chants du synode peuvent aussi participer \u00e0 notre pri\u00e8re.<br \/><span style=\"color: #0084d1\">\u266a Prenons soin les uns de autres <\/span>(<span style=\"background-color: #ccffff\"><a style=\"background-color: #ccffff\" href=\"https:\/\/evry.catholique.fr\/wp-content\/uploads\/2020\/09\/Prenons-soin-les-uns-des-autres-paroles.pdf\" target=\"_blank\" rel=\"noopener\">Paroles<\/a><\/span><span style=\"background-color: #ccffff\">\u00a0<\/span>&amp; <span style=\"background-color: #ccffff\"><a style=\"background-color: #ccffff\" href=\"https:\/\/youtu.be\/sUqFbYHsRes\" target=\"_blank\" rel=\"noopener\">Musique<\/a><\/span>)<br \/><span style=\"color: #0084d1\">\u266a Peuple de Dieu, va sur ton chemin<\/span> (<span style=\"background-color: #ccffff\"><a style=\"background-color: #ccffff\" href=\"https:\/\/evry.catholique.fr\/wp-content\/uploads\/2020\/09\/Peuple-de-Dieu-va-sur-ton-chemin-paroles.pdf\" target=\"_blank\" rel=\"noopener\">Paroles<\/a> <\/span>&amp; <span style=\"background-color: #ccffff\"><a style=\"background-color: #ccffff\" href=\"https:\/\/youtu.be\/ZHje-NOe3b4\" target=\"_blank\" rel=\"noopener\">Musique<\/a><\/span>)<\/p>\n<p>\u00a0<\/p>\n<table style=\"width: 100%;height: 87px\">\n<tbody>\n<tr style=\"height: 87px\">\n<td style=\"width: 100%;border-style: none;border-color: #383f52;background-color: #cad5fa;height: 87px\">\n<h3 style=\"text-align: center\"><span style=\"color: #2a2a3d\">Liturgie familiale<\/span><\/h3>\n<\/td>\n<\/tr>\n<\/tbody>\n<\/table>\n<p>\u00a0<\/p>\n<table style=\"border-collapse: collapse;width: 100%\">\n<tbody>\n<tr>\n<td style=\"width: 100%;height: 40px;border-style: none;border-color: #078a07;background-color: #cafca4;text-align: center;vertical-align: middle\" scope=\"row\">\n<h4 class=\"western\"><strong><span style=\"color: #078a07;background-color: #c6faa5\">Ouverture de la liturgie<\/span><\/strong><\/h4>\n<\/td>\n<\/tr>\n<\/tbody>\n<\/table>\n<p class=\"western\"><span style=\"color: #cc0000\"><span style=\"font-family: Times New Roman, serif\"><span style=\"font-size: small\">G\u00a0:<\/span><\/span><\/span> Apr\u00e8s le temps de No\u00ebl clos par le Bapt\u00eame du Seigneur, la Parole de ce jour nous fait entendre des appels : celui du jeune Samuel et celui des premiers disciples de J\u00e9sus. Dans les deux cas, cet appel est relay\u00e9 : par le pr\u00eatre Eli ou par Jean Baptiste qui invite ses disciples \u00e0 rejoindre J\u00e9sus. <br \/>De m\u00eame chacun de nous est appel\u00e9 \u00e0 partager la vie du Seigneur, selon des vocations diverses. Que cette diversit\u00e9 soit une richesse pour l&rsquo;\u00c9glise du Christ !\u00a0<br \/>Soyons attentifs \u00e0 ces appels en \u00e9tant \u00e0 l&rsquo;\u00e9coute de nos fr\u00e8res et s\u0153urs et de la Parole du Seigneur.<\/p>\n<p class=\"western\" align=\"center\"><span style=\"color: #cc0000\"><span style=\"font-family: Times New Roman, serif\"><span style=\"font-size: small\">Au moment de faire sur nous le signe de croix, prenons le temps de \u00ab\u00a0bien\u00a0\u00bb le faire\u00a0: <br \/>ce signe tout entier, nous enveloppe, nous marque du signe de la r\u00e9demption,<br \/>est signe de l&rsquo;amour et de la mis\u00e9ricorde.<br \/>Il marque la pr\u00e9sence de Dieu parmi nous et nous rappelle que, par le Christ, nous sommes tous fr\u00e8res.<\/span><\/span><\/span><\/p>\n<p class=\"western\"><span style=\"color: #cc0000\"><span style=\"font-family: Times New Roman, serif\"><span style=\"font-size: small\">G\u00a0: <\/span><\/span><\/span>En union avec notre \u00e9v\u00eaque et les chr\u00e9tiens de notre secteur, de notre dioc\u00e8se et du monde entier, tra\u00e7ons sur nous le signe de la Croix\u00a0:<\/p>\n<p class=\"western\" align=\"center\">AU NOM DU P\u00c8RE ET DU FILS ET DU SAINT ESPRIT. <b>AMEN<\/b><\/p>\n<p class=\"western\"><span style=\"color: #cc0000\"><span style=\"font-family: Times New Roman, serif\"><span style=\"font-size: small\">G\u00a0:<\/span><\/span><\/span><span style=\"color: #000000\"> Que la gr\u00e2ce et la paix soient avec nous, de la part de Dieu notre P\u00e8re et de J\u00e9sus-Christ le Seigneur.<\/span><br \/><span style=\"color: #cc0000\"><span style=\"font-family: Times New Roman, serif\"><span style=\"font-size: small\">Tous\u00a0: <\/span><\/span><\/span><b>B\u00e9ni sois-tu notre Dieu, maintenant et toujours.<\/b><\/p>\n<p class=\"western\"><span style=\"color: #cc0000\"><span style=\"font-family: Times New Roman, serif\"><span style=\"font-size: small\">G\u00a0:<\/span><\/span><\/span> Tournons-nous vers le Christ avec confiance :<\/p>\n<ul>\n<li>\n<p class=\"western\">Seigneur J\u00e9sus, tu appelles tous les hommes \u00e0 te suivre; quand nous faisons la sourde oreille, <b>prends piti\u00e9 de nous<\/b><\/p>\n<\/li>\n<li>\n<p class=\"western\">\u00d4 Christ, tu nous unis dans ton Esprit, mais ton \u00c9glise est encore divis\u00e9e, <b>prends piti\u00e9 de nous.<\/b><\/p>\n<\/li>\n<li>\n<p class=\"western\">Seigneur J\u00e9sus, tu demeures aupr\u00e8s de tes disciples; quand nous pr\u00e9f\u00e9rons d&rsquo;autres demeures,<b> prends piti\u00e9 de nous.<\/b><\/p>\n<\/li>\n<\/ul>\n<p class=\"western\"><span style=\"color: #cc0000\"><span style=\"font-family: Times New Roman, serif\"><span style=\"font-size: small\">On peut prendre le GLOIRE A DIEU.<\/span><\/span><\/span><\/p>\n<p class=\"western\"><span style=\"color: #cc0000\"><span style=\"font-family: Times New Roman, serif\"><span style=\"font-size: small\">G\u00a0:<\/span><\/span><\/span> Dieu que nous cherchons dans l&rsquo;obscurit\u00e9 de la foi, personne ne t&rsquo;a jamais vu, mais tu as envoy\u00e9 ton Fils parmi nous. Montre-nous par quel chemin aller \u00e0 sa rencontre, et nous te d\u00e9couvrirons, P\u00e8re, en \u00e9coutant sa parole. Lui qui vit et r\u00e8gne avec toi et le Saint Esprit, maintenant, pour les si\u00e8cles des si\u00e8cles. <br \/><b>Amen<\/b><\/p>\n<table style=\"border-collapse: collapse;width: 100%\">\n<tbody>\n<tr>\n<td style=\"width: 100%;height: 40px;border-style: none;border-color: #078a07;background-color: #cafca4;text-align: center;vertical-align: middle\" scope=\"row\">\n<h4 class=\"western\"><strong><span style=\"color: #078a07;background-color: #c6faa5\">Liturgie de la Parole<\/span><\/strong><\/h4>\n<\/td>\n<\/tr>\n<\/tbody>\n<\/table>\n<h5>\u00a0<\/h5>\n<h5 class=\"western\"><span style=\"color: #008000\">Premi\u00e8re lecture<\/span><\/h5>\n<p class=\"western\"><span style=\"color: #cc0000\"><span style=\"font-family: Times New Roman, serif\"><span style=\"font-size: small\">G\u00a0: <\/span><\/span><\/span>D\u00e8s sa naissance, Samuel a \u00e9t\u00e9 consacr\u00e9 \u00e0 Dieu par Anne, sa m\u00e8re. Fid\u00e8le \u00e0 son v\u0153u, Anne vient de confier Samuel, tout jeune enfant, \u00e0 Eli, gardien du sanctuaire de Silo.<\/p>\n<p class=\"western\"><a href=\"https:\/\/www.aelf.org\/2021-01-17\/romain\/messe#messe1_lecture1\" target=\"_blank\" rel=\"noopener\"><span style=\"background-color: #ffff99\">Lecture du premier livre de Samuel<\/span><\/a> (1 S 3, 3b-10.19)<br \/><i>\u00ab Parle, Seigneur, ton serviteur \u00e9coute \u00bb<\/i><\/p>\n<h5 class=\"western\"><span style=\"color: #008000\">Psaume<\/span><\/h5>\n<p class=\"western\"><span style=\"background-color: #ffff99\"><a style=\"background-color: #ffff99\" href=\"https:\/\/www.aelf.org\/2021-01-17\/romain\/messe#messe1_lecture2\" target=\"_blank\" rel=\"noopener\">Psaume 39 (40)<\/a><\/span>\u00a02abc.4ab, 7-8a, 8b-9, 10cd.11cd<br \/><span style=\"color: #0084d1\">\u266a<\/span><span style=\"color: #0084d1\"> Me voici, Seigneur, je viens faire ta volont\u00e9.<\/span> <\/p>\n<h5 class=\"western\"><span style=\"color: #008000\">Deuxi\u00e8me lecture<\/span><\/h5>\n<p class=\"western\"><span style=\"color: #cc0000\"><span style=\"font-family: Times New Roman, serif\"><span style=\"font-size: small\">G : <\/span><\/span><\/span>Les m\u0153urs \u00e0 Corinthe n\u2019\u00e9taient pas les n\u00f4tres, les exc\u00e8s y \u00e9taient nombreux, la d\u00e9bauche fr\u00e9quente\u2026 Les chr\u00e9tiens de Corinthe se comportaient comme leurs concitoyens et croyaient que tout leur \u00e9tait permis. Saint Paul leur rappelle que leur propre corps, plong\u00e9 dans les eaux du bapt\u00eame, est devenu \u00ab membre du Christ \u00bb et \u00ab temple de l&rsquo;Esprit Saint \u00bb.<\/p>\n<p class=\"western\"><a href=\"https:\/\/www.aelf.org\/2021-01-17\/romain\/messe#messe1_lecture3\" target=\"_blank\" rel=\"noopener\"><span style=\"background-color: #ffff99\">Lecture de la premi\u00e8re lettre de saint Paul ap\u00f4tre aux Corinthiens<\/span><\/a> (1 Co 6, 13c-15a. 17-20)<br \/><i>\u00ab Vos corps sont les membres du Christ \u00bb<\/i><\/p>\n<h5 class=\"western\"><span style=\"color: #008000\">Proclamation de l\u2019\u00e9vangile<\/span><\/h5>\n<p class=\"western\"><span style=\"color: #cc0000\"><span style=\"font-family: Times New Roman, serif\"><span style=\"font-size: small\">Acclamons l&rsquo;\u00e9vangile\u00a0: <\/span><\/span><\/span><span style=\"color: #0084d1\">\u266a All\u00e9luia <br \/><\/span><span style=\"color: #cc0000\"><span style=\"font-family: Times New Roman, serif\"><span style=\"font-size: small\">G\u00a0:<\/span><\/span><\/span> <span style=\"color: #000000\"><span style=\"font-size: medium\">En J\u00e9sus Christ, nous avons reconnu le Messie : par lui sont venues la gr\u00e2ce et la v\u00e9rit\u00e9.<\/span><\/span><\/p>\n<p class=\"western\"><span style=\"color: #cc0000\"><span style=\"font-family: Times New Roman, serif\"><span style=\"font-size: small\">L&rsquo;un d&rsquo;entre vous lit l&rsquo;\u00c9vangile lentement\u00a0:<\/span><\/span><\/span><\/p>\n<p class=\"western\"><a href=\"https:\/\/www.aelf.org\/2021-01-17\/romain\/messe#messe1_lecture4\" target=\"_blank\" rel=\"noopener\"><span style=\"background-color: #ffff99\">\u00c9vangile de J\u00e9sus Christ selon saint Jean<\/span><\/a>\u00a0(Jn 1, 35-42)<br \/><i>\u00ab Ils virent o\u00f9 il demeurait, et ils rest\u00e8rent aupr\u00e8s de lui \u00bb<\/i><\/p>\n<p>\u00a0<\/p>\n<h5 class=\"western\"><span style=\"background-color: #ffff99;color: #008000\"><a style=\"background-color: #ffff99;color: #008000\" href=\"https:\/\/eglise-catholique-valdorge.fr\/?p=4262\" target=\"_blank\" rel=\"noopener\">Commentaire du p\u00e8re Bertrand<\/a><\/span><\/h5>\n<p>\u00a0<\/p>\n<h5 class=\"western\"><span style=\"color: #008000\">Profession de foi<\/span><\/h5>\n<p class=\"western\"><span style=\"color: #cc0000\"><span style=\"font-family: Times New Roman, serif\"><span style=\"font-size: small\">Apr\u00e8s un temps de silence nous proclamons ensemble la foi de notre bapt\u00eame\u00a0:<br \/><\/span><\/span><\/span><span style=\"color: #cc0000\"><span style=\"font-family: Times New Roman, serif\"><span style=\"font-size: small\">G\u00a0:<\/span><\/span><\/span> Contemplant Dieu comme Jean-Baptiste voyant J\u00e9sus venir vers lui, proclamons notre foi :<\/p>\n<p class=\"western\" align=\"center\"><b>Je crois en Dieu, le P\u00e8re tout-puissant, Cr\u00e9ateur du ciel et de la terre.<br \/>Et en J\u00e9sus Christ, son Fils unique, notre Seigneur\u00a0;<br \/>qui a \u00e9t\u00e9 con\u00e7u du Saint Esprit, est n\u00e9 de la Vierge Marie,<br \/>a souffert sous Ponce Pilate, a \u00e9t\u00e9 crucifi\u00e9,<br \/>est mort et a \u00e9t\u00e9 enseveli, est descendu aux enfers\u00a0;<br \/>le troisi\u00e8me jour est ressuscit\u00e9 des morts,<br \/>est mont\u00e9 aux cieux, est assis \u00e0 la droite de Dieu le P\u00e8re tout-puissant,<br \/>d\u2019o\u00f9 il viendra juger les vivants et les morts.<br \/>Je crois en l\u2019Esprit Saint, \u00e0 la sainte \u00c9glise catholique, \u00e0 la communion des saints,<br \/>\u00e0 la r\u00e9mission des p\u00e9ch\u00e9s, \u00e0 la r\u00e9surrection de la chair, \u00e0 la vie \u00e9ternelle.<\/b><\/p>\n<p class=\"western\">\u00a0<\/p>\n<table style=\"border-collapse: collapse;width: 100%\">\n<tbody>\n<tr>\n<td style=\"width: 100%;height: 40px;border-style: none;border-color: #078a07;background-color: #cafca4;text-align: center;vertical-align: middle\" scope=\"row\">\n<h4 class=\"western\"><strong><span style=\"color: #078a07;background-color: #c6faa5\">Prions<\/span><\/strong><\/h4>\n<\/td>\n<\/tr>\n<\/tbody>\n<\/table>\n<h5 class=\"western\"><span style=\"color: #008000;font-size: 1em\">Pri\u00e8re universelle<\/span><\/h5>\n<p class=\"western\"><span style=\"color: #cc0000\"><span style=\"font-family: Times New Roman, serif\"><span style=\"font-size: small\">Apr\u00e8s un temps de silence nous partageons des intentions de pri\u00e8re. Vous pouvez les partager \u00e0 plusieurs voix. Un refrain peut \u00eatre repris entre chaque intentions. <\/span><\/span><\/span><\/p>\n<p class=\"western\"><span style=\"color: #cc0000\"><span style=\"font-family: Times New Roman, serif\"><span style=\"font-size: small\">G\u00a0<\/span><\/span><\/span>: Dieu notre P\u00e8re, tu nous appelles chacun par notre nom. Tu te r\u00e9jouis quand nous r\u00e9pondons \u00e0 ton appel. Tu nous \u00e9coutes quand nous te prions. Nous te confions notre pri\u00e8re :<\/p>\n<p class=\"western\"><span style=\"color: #0084d1\">\u266a <\/span><span style=\"color: #0084d1\">Fais de nous, Seigneur, les t\u00e9moins de ton amour<\/span><\/p>\n<ul>\n<li>\n<p class=\"western\"><b>Le Seigneur appelle pour prendre part \u00e0 sa mission.<\/b><br \/><i>Merci, Seigneur, de nous confier la t\u00e2che de te faire conna\u00eetre, nous qui sommes si imparfaits.<\/i><br \/>A la veille de la semaine de pri\u00e8re pour l&rsquo;unit\u00e9 des Chr\u00e9tiens dont le th\u00e8me est \u00ab\u00a0Demeurez en mon amour et vous porterez du fruit\u00a0\u00bb, donne-nous de progresser sur le chemin de l&rsquo;unit\u00e9 entre chr\u00e9tiens de confessions diverses.<\/p>\n<\/li>\n<li>\n<p class=\"western\"><b>Le pr\u00eatre \u00c9li a guid\u00e9 le jeune Samuel vers le Seigneur.<\/b><br \/><i>Merci, Seigneur, pour les animatrices et animateurs qui accompagnent les jeunes et les ouvrent \u00e0 ta Parole et ta pr\u00e9sence. <br \/><\/i>Donne-nous de les soutenir par nos pri\u00e8res et par nos actes.<\/p>\n<\/li>\n<li>\n<p class=\"western\"><b>Vos corps sont les membres du Christ, dit Saint Paul.<\/b><br \/><i>Merci, Seigneur, de nous rappeler que c&rsquo;est par notre corps que nous pouvons \u00eatre tes disciples.<\/i><br \/>Nous te confions ceux dont le corps est souffrant : aide-nous \u00e0 leur apporter le r\u00e9confort et l&rsquo;esp\u00e9rance.<\/p>\n<\/li>\n<li>\n<p class=\"western\"><b>Le Christ a propos\u00e9 aux premiers disciples de d\u00e9couvrir sa demeure.<\/b><br \/><i>Merci, Seigneur, de nous avoir dit que demeurer en toi c&rsquo;est aller vers le P\u00e8re.<br \/><\/i>Ce dimanche , 23 jeunes de notre secteur pastoral vont recevoir le sacrement de confirmation en l\u2019\u00e9glise Saint Jean Ap\u00f4tre.<br \/><i>Merci, Seigneur, de leur offrir ainsi la force que donne l\u2019Esprit Saint sur le chemin qu\u2019ils ont choisi de suivre.<\/i><br \/>Donne-nous de les accompagner par notre pri\u00e8re et notre accueil dans l\u2019\u00c9glise en Val d\u2019Orge afin qu\u2019ils y trouvent leur place.<\/p>\n<\/li>\n<\/ul>\n<p class=\"western\"><span style=\"color: #cc0000\"><span style=\"font-family: Times New Roman, serif\"><span style=\"font-size: small\">Chacun pourra ensuite poursuivre avec des intentions personnelles de pri\u00e8re.<\/span><\/span><\/span><\/p>\n<p class=\"western\"><span style=\"color: #cc0000\"><span style=\"font-family: Times New Roman, serif\"><span style=\"font-size: small\">G\u00a0:<\/span><\/span><\/span> Dieu notre P\u00e8re, fais de nous des disciples de J\u00e9sus,attentifs \u00e0 tes appels et pr\u00eats \u00e0 \u00eatre tes t\u00e9moins. Nous te le demandons par J\u00e9sus, ton Fils, notre Seigneur.<br \/><b>Amen<\/b>.<\/p>\n<h5 class=\"western\"><span style=\"color: #008000\">Notre P\u00e8re<\/span><\/h5>\n<p class=\"western\"><span style=\"color: #cc0000\"><span style=\"font-family: Times New Roman, serif\"><span style=\"font-size: small\">G\u00a0:<\/span><\/span><\/span> Comme le psalmiste se mettant en pr\u00e9sence de Dieu chantait \u00ab\u00a0Me voici, je viens pour faire ta volont\u00e9\u00a0\u00bb, unissons nos voix \u00e0 nos fr\u00e8res et s\u0153urs de toutes confessions chr\u00e9tiennes, et osons dire:<\/p>\n<p class=\"western\" align=\"center\"><b>Notre P\u00e8re, qui es aux cieux, <br \/>que ton nom soit sanctifi\u00e9,<br \/>que ton r\u00e8gne vienne,<br \/>que ta volont\u00e9 soit faite sur la terre comme au ciel.<br \/>Donne-nous aujourd&rsquo;hui notre pain de ce jour.<br \/><\/b><b> <\/b><b>Pardonne-nous nos offenses,<br \/>comme nous pardonnons aussi \u00e0 ceux qui nous ont offens\u00e9s.<br \/>Et ne nous laisse pas entrer en tentation<br \/>mais d\u00e9livre-nous du Mal.<br \/>Amen<\/b><\/p>\n<p class=\"western\"><span style=\"color: #cc0000\"><span style=\"font-family: Times New Roman, serif\"><span style=\"font-size: small\">Nous pouvons poursuivre\u00a0: <\/span><\/span><\/span>D\u00e9livre-nous de tout mal Seigneur et donne la paix \u00e0 notre temps. Par ta mis\u00e9ricorde lib\u00e8re-nous du p\u00e9ch\u00e9, rassure-nous devant les \u00e9preuves en cette vie o\u00f9 nous esp\u00e9rons le bonheur que tu promets dans la venue de J\u00e9sus-Christ notre Sauveur.<br \/>Car c&rsquo;est \u00e0 Toi qu&rsquo;appartiennent le R\u00e8gne, la Puissance et la Gloire pour les si\u00e8cles des si\u00e8cles.<\/p>\n<p class=\"western\" align=\"left\"><b>Amen<\/b><\/p>\n<h5 class=\"western\"><span style=\"color: #008000\">Pri\u00e8re de communion spirituelle<\/span><\/h5>\n<p class=\"western\"><span style=\"color: #cc0000\"><span style=\"font-family: Times New Roman, serif\"><span style=\"font-size: small\">G invite ceux qui sont rassembl\u00e9s \u00e0 la maison \u00e0 s&rsquo;unir \u00e0 la pri\u00e8re de communion spirituelle\u00a0:<\/span><\/span><\/span><\/p>\n<p class=\"western\" align=\"center\">Seigneur J\u00e9sus, je crois \u00e0 ta v\u00e9ritable pr\u00e9sence<br \/>dans le pain et dans le vin consacr\u00e9s.<br \/>Je t&rsquo;aime toi le Seigneur de ma vie.<br \/>Je d\u00e9sire profond\u00e9ment r\u00e9pondre \u00e0 ton invitation,<br \/>communier, te recevoir au plus intime de ma vie.<br \/>Je ne peux maintenant te recevoir sacramentellement.<br \/>Viens Seigneur habiter spirituellement ma vie.<br \/>J&rsquo;ai faim de ton amour, j&rsquo;ai faim de ta vie donn\u00e9e pour nourrir toute ma vie.<br \/>Au jour le jour que j&rsquo;apprenne de toi \u00e0 donner ma vie, \u00e0 aimer.<br \/>Oui, Seigneur J\u00e9sus que je demeure fid\u00e8le \u00e0 ton commandement<br \/>et que jamais je ne sois s\u00e9par\u00e9 de toi. <br \/><b>Amen<\/b><\/p>\n<p class=\"western\"><span style=\"color: #cc0000\"><span style=\"font-family: Times New Roman, serif\"><span style=\"font-size: small\">Cette pri\u00e8re est suivie d&rsquo;un bon moment de silence, de communion spirituelle.<\/span><\/span><\/span><\/p>\n<p class=\"western\">\u00a0<\/p>\n<table style=\"border-collapse: collapse;width: 100%\">\n<tbody>\n<tr>\n<td style=\"width: 100%;height: 40px;border-style: none;border-color: #078a07;background-color: #cafca4;text-align: center;vertical-align: middle\" scope=\"row\">\n<h4 class=\"western\"><strong><span style=\"color: #078a07;background-color: #c6faa5\">Nous sommes envoy\u00e9s<\/span><\/strong><\/h4>\n<\/td>\n<\/tr>\n<\/tbody>\n<\/table>\n<p class=\"western\"><span style=\"color: #cc0000\"><span style=\"font-family: Times New Roman, serif\"><span style=\"font-size: small\">Comme nous sommes invit\u00e9s \u00e0 marcher, \u00e0 faire synode\u00a0:<\/span><\/span><\/span><\/p>\n<p style=\"text-align: left\" align=\"center\"><span style=\"color: #000080\"><img loading=\"lazy\" decoding=\"async\" class=\"alignleft wp-image-4254 size-full\" src=\"https:\/\/eglise-catholique-valdorge.fr\/wp-content\/uploads\/2021\/01\/logo-evry-2_ppa_frise_inv-copie-e1600766528635-300x231-1.jpg\" alt=\"\" width=\"300\" height=\"231\" \/><strong>Dieu Notre P\u00e8re, tu nous as cr\u00e9\u00e9s \u00e0 ta ressemblance. Tu as tellement aim\u00e9 les hommes que tu nous as donn\u00e9 ton Fils afin qu\u2019il nous conduise vers toi et nous unisse dans l\u2019Esprit.<\/strong><\/span><br \/><span style=\"color: #3366ff\"><strong>Tels que nous sommes, disciples de J\u00e9sus-Christ, assur\u00e9s de sa pr\u00e9sence en toutes circonstances, nous l\u2019accueillons dans le service du prochain.<\/strong><\/span><br \/><strong><span style=\"color: #000080\">T\u00e9moins ensemble de l\u2019\u00c9vangile en cette terre d\u2019Essonne, nous voulons poursuivre Sa mission en prenant soin de chacun.<\/span><\/strong><br \/><strong><span style=\"color: #000080\"><span style=\"color: #3366ff\">Que ton Esprit-Saint nous rende attentifs \u00e0 tous ceux parmi lesquels nous vivons, partageant leurs joies et leurs espoirs, leurs tristesses et leurs angoisses.<\/span><\/span><\/strong><br \/><strong><span style=\"color: #000080\">Qu\u2019il nous donne, avec le synode, de fortifier le souci du monde que nous habitons, le souci de tous et particuli\u00e8rement des plus fragiles.<\/span><\/strong><br \/><span style=\"color: #3366ff\"><strong>A l\u2019\u00e9coute de ce que ton Esprit dit \u00e0 ton Peuple qui est en Essonne, aide-nous \u00e0 discerner, consolider, choisir et inventer les chemins pour la marche de notre \u00c9glise dioc\u00e9saine dans les prochaines ann\u00e9es.<\/strong><\/span><br \/><strong><span style=\"color: #000080\">A l\u2019\u00e9coute de ta Parole, avec Notre-Dame de Bonne Garde, puissions-nous \u00eatre le reflet de ton regard, de Ta pr\u00e9sence et de la joie de l\u2019\u00c9vangile.<\/span><\/strong><br \/><span style=\"color: #3366ff\"><strong>Amen !<\/strong><\/span><\/p>\n<p class=\"western\"><span style=\"color: #cc0000\"><span style=\"font-family: Times New Roman, serif\"><span style=\"font-size: small\">G\u00a0:<\/span><\/span><\/span> Dieu notre P\u00e8re, en ton Fils bien-aim\u00e9, tu appelles chacun personnellement \u00e0 se mettre en route derri\u00e8re lui pour avoir part \u00e0 ta vie. Donne-nous de grandir dans l&rsquo;\u00e9coute et la fid\u00e9lit\u00e9 \u00e0 ta Parole, en joyeux t\u00e9moins de l&rsquo;\u00c9vangile. Par J\u00e9sus, le Christ, notre Seigneur.<br \/><b>Amen\u00a0!<\/b><\/p>\n<p class=\"western\"><span style=\"color: #cc0000\"><span style=\"font-family: Times New Roman, serif\"><span style=\"font-size: small\">Puis le ou la plus ancien(ne) b\u00e9nit l&rsquo;assembl\u00e9e\u00a0:<\/span><\/span><\/span> Fr\u00e8res et s\u0153urs, il ne se lasse pas de nous appeler&#8230;<br \/>Que Dieu tout-puissant nous b\u00e9nisse, le P\u00e8re, le Fils et le Saint-Esprit. <br \/><span style=\"color: #cc0000\"><span style=\"font-family: Times New Roman, serif\"><span style=\"font-size: small\">Tous\u00a0: <\/span><\/span><\/span><b>Amen\u00a0!<\/b><\/p>\n<p>Soyons ses t\u00e9moins et allons dans la paix du Christ !<br \/><span style=\"color: #cc0000\"><span style=\"font-family: Times New Roman, serif\"><span style=\"font-size: small\">Tous\u00a0: <\/span><\/span><\/span><b>Nous rendons gr\u00e2ce \u00e0 Dieu.<\/b><\/p>\n<p class=\"western\"><span style=\"color: #cc0000\"><span style=\"font-family: Times New Roman, serif\"><span style=\"font-size: small\">Puis si possible prendre <\/span><\/span><\/span><span style=\"color: #cc0000\"><span style=\"font-family: Times New Roman, serif\"><span style=\"font-size: small\">un<\/span><\/span><\/span><span style=\"color: #cc0000\"><span style=\"font-family: Times New Roman, serif\"><span style=\"font-size: small\"> chant<\/span><\/span><\/span><\/p>\n<p class=\"western\"><span style=\"color: #cc0000\"><span style=\"font-family: Times New Roman, serif\"><span style=\"font-size: small\">Bon dimanche\u00a0!<\/span><\/span><\/span><\/p>\n<table style=\"width: 100%;height: 87px\">\n<tbody>\n<tr style=\"height: 87px\">\n<td style=\"width: 100%;border-style: ridge;border-color: #383f52;background-color: #cad5fa;height: 87px\">\n<h3 style=\"text-align: center\"><span style=\"color: #2a2a3d\">Et aussi &#8230;<\/span><\/h3>\n<\/td>\n<\/tr>\n<\/tbody>\n<\/table>\n<h5 class=\"western\">Semaine de pri\u00e8re pour l&rsquo;unit\u00e9 des chr\u00e9tiens 2021<img loading=\"lazy\" decoding=\"async\" class=\"alignright wp-image-4253\" src=\"https:\/\/eglise-catholique-valdorge.fr\/wp-content\/uploads\/2021\/01\/ElGf7CxXYAAPWpb-212x300.jpg\" alt=\"\" width=\"300\" height=\"424\" srcset=\"https:\/\/eglise-catholique-valdorge.fr\/wp-content\/uploads\/2021\/01\/ElGf7CxXYAAPWpb-212x300.jpg 212w, https:\/\/eglise-catholique-valdorge.fr\/wp-content\/uploads\/2021\/01\/ElGf7CxXYAAPWpb.jpg 481w\" sizes=\"(max-width: 300px) 100vw, 300px\" \/><\/h5>\n<p class=\"western\">Lundi 18 janvier commence la Semaine de pri\u00e8re pour l&rsquo;unit\u00e9 des chr\u00e9tiens 2021.<br \/>Cette ann\u00e9e, le th\u00e8me choisi est \u00ab\u00a0<i>Demeurez dans mon amour et vous porterez du fruit en abondance\u00a0<\/i>\u00bb;<br \/>Retrouvez plus d\u2019informations\u00a0:<\/p>\n<ul>\n<li>\n<p class=\"western\">sur le site du dioc\u00e8se\u00a0: <a class=\"western\" href=\"https:\/\/evry.catholique.fr\/semaine-de-priere-pour-lunite-des-chretiens\/\">https:\/\/evry.catholique.fr\/semaine-de-priere-pour-lunite-des-chretiens\/<\/a><\/p>\n<\/li>\n<li>\n<p class=\"western\">sur le site de la conf\u00e9rence des \u00e9v\u00eaques de France\u00a0: <a class=\"western\" href=\"https:\/\/eglise.catholique.fr\/approfondir-sa-foi\/vivre-sa-foi-a-tous-les-ages\/lunite-des-chretiens\/369578-la-semaine-de-priere-pour-lunite-chretienne\/\">https:\/\/eglise.catholique.fr\/approfondir-sa-foi\/vivre-sa-foi-a-tous-les-ages\/lunite-des-chretiens\/369578-la-semaine-de-priere-pour-lunite-chretienne\/<\/a><\/p>\n<\/li>\n<li>\n<p class=\"western\">sur le site d\u00e9di\u00e9 \u00e0 cette semaine\u00a0: <a class=\"western\" href=\"https:\/\/semainedepriere.unitedeschretiens.fr\/\">https:\/\/semainedepriere.unitedeschretiens.fr\/<\/a><\/p>\n<\/li>\n<\/ul>\n<h5 class=\"western\">Vivre en \u00c9glise et faire vivre l\u2019\u00c9glise<\/h5>\n<p class=\"western\">N\u2019oublions pas de participer \u00e9galement \u00e0 la vie financi\u00e8re de notre paroisse\u00a0: par l\u2019application la Qu\u00eate https:\/\/www.appli-laquete.fr\/ ou bien en faisant parvenir directement \u00e0 la paroisse notre participation.<\/p>\n<h3 class=\"western\"><br \/><br \/><\/h3>\n","protected":false},"excerpt":{"rendered":"","protected":false},"author":2,"featured_media":0,"comment_status":"closed","ping_status":"closed","sticky":false,"template":"","format":"standard","meta":{"kt_blocks_editor_width":"","footnotes":""},"categories":[7],"tags":[4,23,6],"_links":{"self":[{"href":"https:\/\/eglise-catholique-valdorge.fr\/index.php?rest_route=\/wp\/v2\/posts\/4247"}],"collection":[{"href":"https:\/\/eglise-catholique-valdorge.fr\/index.php?rest_route=\/wp\/v2\/posts"}],"about":[{"href":"https:\/\/eglise-catholique-valdorge.fr\/index.php?rest_route=\/wp\/v2\/types\/post"}],"author":[{"embeddable":true,"href":"https:\/\/eglise-catholique-valdorge.fr\/index.php?rest_route=\/wp\/v2\/users\/2"}],"replies":[{"embeddable":true,"href":"https:\/\/eglise-catholique-valdorge.fr\/index.php?rest_route=%2Fwp%2Fv2%2Fcomments&post=4247"}],"version-history":[{"count":15,"href":"https:\/\/eglise-catholique-valdorge.fr\/index.php?rest_route=\/wp\/v2\/posts\/4247\/revisions"}],"predecessor-version":[{"id":4266,"href":"https:\/\/eglise-catholique-valdorge.fr\/index.php?rest_route=\/wp\/v2\/posts\/4247\/revisions\/4266"}],"wp:attachment":[{"href":"https:\/\/eglise-catholique-valdorge.fr\/index.php?rest_route=%2Fwp%2Fv2%2Fmedia&parent=4247"}],"wp:term":[{"taxonomy":"category","embeddable":true,"href":"https:\/\/eglise-catholique-valdorge.fr\/index.php?rest_route=%2Fwp%2Fv2%2Fcategories&post=4247"},{"taxonomy":"post_tag","embeddable":true,"href":"https:\/\/eglise-catholique-valdorge.fr\/index.php?rest_route=%2Fwp%2Fv2%2Ftags&post=4247"}],"curies":[{"name":"wp","href":"https:\/\/api.w.org\/{rel}","templated":true}]}}