{"id":4262,"date":"2021-01-16T09:00:00","date_gmt":"2021-01-16T08:00:00","guid":{"rendered":"https:\/\/eglise-catholique-valdorge.fr\/?p=4262"},"modified":"2021-01-29T14:30:58","modified_gmt":"2021-01-29T13:30:58","slug":"commentaire-2eme-dimanche-du-temps-ordinaire","status":"publish","type":"post","link":"https:\/\/eglise-catholique-valdorge.fr\/?p=4262","title":{"rendered":"Commentaire &#8211; 2\u00e8me dimanche du temps ordinaire"},"content":{"rendered":"\n<p>Histoire simple qui en dit beaucoup\u00a0!<\/p>\n<p align=\"JUSTIFY\">Nous lisons, au d\u00e9but de l\u2019\u00c9vangile de Jean, la rencontre de futurs disciples avec J\u00e9sus. On peut remarquer tous les verbes de mouvements, et autres actions, par lesquelles non seulement il y a une rencontre mais aussi une confiance qui grandit, et qui porte ces hommes \u00e0 suivre J\u00e9sus. Ils quittent ainsi Jean-Baptiste qui avait \u00ab\u00a0pr\u00e9par\u00e9 les chemins du Seigneur\u00a0\u00bb.<\/p>\n<p align=\"JUSTIFY\">On remarque que chaque fois, <b>c\u2019est gr\u00e2ce \u00e0 une autre personne<\/b> que ces hommes deviennent \u00ab\u00a0curieux de J\u00e9sus\u00a0\u00bb\u00a0; d\u2019o\u00f9 par exemple la question \u00ab\u00a0Ma\u00eetre, o\u00f9 demeures-tu\u00a0?\u00a0\u00bb. Pour y r\u00e9pondre, ils doivent bouger\u00a0! et ils vont <b>faire leur propre exp\u00e9rience<\/b> de relation avec J\u00e9sus\u00a0: \u00ab\u00a0ils virent o\u00f9 il demeurait\u00a0\u00bb. De l\u00e0, la confiance na\u00eet et grandit, et <b>\u00e0 son tour<\/b> Andr\u00e9 donne envie \u00e0 Simon de rencontrer J\u00e9sus. Simon fait alors l\u2019exp\u00e9rience du regard de J\u00e9sus sur lui, qui lui donne un nom nouveau (Pierre) qui manifeste la mission qu\u2019il lui confiera (\u00e0 la fin de cet \u00e9vangile J\u00e9sus lui dira\u00a0: \u00ab\u00a0tu es Pierre et sur cette pierre je b\u00e2tirai mon \u00c9glise\u00a0\u00bb). Et tous feront l\u2019exp\u00e9rience qu\u2019il est \u00ab\u00a0l\u2019Agneau\u00a0\u00bb\u00a0: celui qui lib\u00e8re du mal.<\/p>\n<p align=\"JUSTIFY\"><b>Et moi\u00a0?<\/b> qui ou qu\u2019est ce qui m\u2019a donn\u00e9 envie de <b>\u00ab\u00a0faire mon exp\u00e9rience\u00a0\u00bb<\/b> en entrant en relation avec J\u00e9sus\u00a0? en \u00e9coutant sa Parole, en le laissant poser son regard bienveillant sur moi, en osant lui parler, le questionner\u00a0? Vous remarquerez que cette question rejoint le th\u00e8me de la <span style=\"background-color: #ccffff\"><a style=\"background-color: #ccffff\" href=\"https:\/\/evry.catholique.fr\/wp-content\/uploads\/2020\/09\/Premiere-rencontre.pdf\" target=\"_blank\" rel=\"noopener\">premi\u00e8re des rencontres propos\u00e9es car le carnet de route du synode<\/a><\/span> (cliquez\u00a0!), et ce n\u2019est pas pour rien\u00a0!<\/p>\n<p align=\"JUSTIFY\">Nous pouvons noter aussi au passage que l\u2019expression \u00ab\u00a0transmettre la foi\u00a0\u00bb n\u2019est pas tr\u00e8s pertinente. <b>On ne transmets pas la foi<\/b>, la confiance\u00a0: mais, \u00e0 une personne qui nous fait confiance, on donne parfois envie de tenter sa propre exp\u00e9rience avec une autre, avec qui nous sommes nous-m\u00eames en confiance (et notamment le Christ)\u2026 c\u2019est de cette exp\u00e9rience unique entre ces deux autres personnes que pourra peut-\u00eatre na\u00eetre la confiance (la foi) entre eux.<\/p>\n<p>La 1<sup>re<\/sup> lecture, r\u00e9cit de la vocation de Samuel, consonne avec la mise en route des disciples, et donc l\u2019appel que le Seigneur adresse \u00e0 chacun \u00ab\u00a0Venez et voyez\u00a0\u00bb. Mais le passage de la 1<sup>i\u00e8re<\/sup> lettre de Saint Paul aux Corinthiens apporte un salutaire pr\u00e9cision\u00a0: <b>\u00ab\u00a0Vos corps sont les membres du Christ (\u2026) Votre corps est un sanctuaire de l\u2019Esprit Saint\u00a0\u00bb<\/b>. Saint Paul ne dit pas\u00a0\u00ab\u00a0votre, corps, s\u2019il est parfait, s\u2019il est jeune, beau, sans blessure\u2026\u00a0\u00bb\u00a0! Mais <b>votre corps\u2026 tel qu\u2019il est\u00a0!<\/b> avec son \u00e2ge, son histoire, ses limites (m\u00eame un \u00ab\u00a0g\u00e9ant\u00a0\u00bb a un corps limit\u00e9\u00a0!) \u2026 Mon corps, c\u2019est-\u00e0-dire moi-m\u00eame (\u00ab\u00a0je suis mon corps\u00a0\u00bb et non seulement \u00ab\u00a0j\u2019ai un corps\u00a0\u00bb, qui me serait comme ext\u00e9rieur\u00a0!) et donc aussi mon psychisme, tout mon \u00eatre, mon histoire\u2026 Encore une fois, <b>il n\u2019y a pas de \u00ab\u00a0niveau requis\u00a0\u00bb pour que le Seigneur s\u2019adresse \u00e0 nous, pose son regard sur nous, et, nous invite \u00e0 le suivre.<\/b> C\u2019est dans ce compagnonnage, source de conversions quotidiennes, que les \u00eatres de chair que nous sommes, fragiles, limit\u00e9s, et p\u00e9cheurs, deviennent sans cesse des instruments de son amour, des t\u00e9moins de Sa Parole.<\/p>\n<p style=\"text-align: right\"><em>Bertrand DELCEY<\/em><\/p>\n","protected":false},"excerpt":{"rendered":"","protected":false},"author":2,"featured_media":0,"comment_status":"closed","ping_status":"closed","sticky":false,"template":"","format":"standard","meta":{"kt_blocks_editor_width":"","footnotes":""},"categories":[7],"tags":[4,23,6],"_links":{"self":[{"href":"https:\/\/eglise-catholique-valdorge.fr\/index.php?rest_route=\/wp\/v2\/posts\/4262"}],"collection":[{"href":"https:\/\/eglise-catholique-valdorge.fr\/index.php?rest_route=\/wp\/v2\/posts"}],"about":[{"href":"https:\/\/eglise-catholique-valdorge.fr\/index.php?rest_route=\/wp\/v2\/types\/post"}],"author":[{"embeddable":true,"href":"https:\/\/eglise-catholique-valdorge.fr\/index.php?rest_route=\/wp\/v2\/users\/2"}],"replies":[{"embeddable":true,"href":"https:\/\/eglise-catholique-valdorge.fr\/index.php?rest_route=%2Fwp%2Fv2%2Fcomments&post=4262"}],"version-history":[{"count":1,"href":"https:\/\/eglise-catholique-valdorge.fr\/index.php?rest_route=\/wp\/v2\/posts\/4262\/revisions"}],"predecessor-version":[{"id":4263,"href":"https:\/\/eglise-catholique-valdorge.fr\/index.php?rest_route=\/wp\/v2\/posts\/4262\/revisions\/4263"}],"wp:attachment":[{"href":"https:\/\/eglise-catholique-valdorge.fr\/index.php?rest_route=%2Fwp%2Fv2%2Fmedia&parent=4262"}],"wp:term":[{"taxonomy":"category","embeddable":true,"href":"https:\/\/eglise-catholique-valdorge.fr\/index.php?rest_route=%2Fwp%2Fv2%2Fcategories&post=4262"},{"taxonomy":"post_tag","embeddable":true,"href":"https:\/\/eglise-catholique-valdorge.fr\/index.php?rest_route=%2Fwp%2Fv2%2Ftags&post=4262"}],"curies":[{"name":"wp","href":"https:\/\/api.w.org\/{rel}","templated":true}]}}