{"id":4492,"date":"2021-02-27T09:00:00","date_gmt":"2021-02-27T08:00:00","guid":{"rendered":"https:\/\/eglise-catholique-valdorge.fr\/?p=4492"},"modified":"2021-05-28T14:56:44","modified_gmt":"2021-05-28T12:56:44","slug":"homelie-du-2eme-dimanche-de-careme-b","status":"publish","type":"post","link":"https:\/\/eglise-catholique-valdorge.fr\/?p=4492","title":{"rendered":"HOM\u00c9LIE DU 2\u00e8me DIMANCHE DE CAR\u00caME B"},"content":{"rendered":"\n<p class=\"western\" lang=\"fr-FR\" align=\"center\"><span style=\"font-family: Times New Roman, serif\"><u><b>HOM\u00c9LIE DU 2\u00e8me DIMANCHE DE CAR\u00caME B<\/b><\/u><\/span><\/p>\n<p class=\"western\" lang=\"fr-FR\" align=\"justify\"><span style=\"font-family: Times New Roman, serif\">Bien-aim\u00e9s du Seigneur, la liturgie de ce dimanche c\u00e9l\u00e8bre la transfiguration du Seigneur sur le mont Thabor, \u00e9v\u00e9nement qui s\u2019est produit \u00e0 un moment crucial de la vie de J\u00e9sus. Il venait d\u2019annoncer sa passion-mort-r\u00e9surrection \u00e0 ses ap\u00f4tres et <\/span>c<span style=\"font-family: Times New Roman, serif\">eux-ci \u00e9taient pris de d\u00e9couragement. En effet les autorit\u00e9s politiques et religieuses du moment cherchaient des moyens pour arr\u00eater et mettre \u00e0 mort J\u00e9sus leur Ma\u00eetre. La foule enthousiaste \u00e0 leur suite commen\u00e7ait \u00e0 reculer. C\u2019est en ce moment pr\u00e9cis de confusion que J\u00e9sus manifesta sa gloire devant ses ap\u00f4tres repr\u00e9sent\u00e9s par Pierre, Jacques et Jean qui se sont \u00e9merveill\u00e9s devant l\u2019\u00e9v\u00e9nement inattendu et \u00e9blouissant qui se produisit \u00e0 leur regard. La transfiguration projette alors un \u00e9clairage nouveau dans le creux de leur d\u00e9sespoir. En manifestant la splendeur de sa face devant eux, J\u00e9sus semblait les pr\u00e9munir contre le douloureux \u00e9v\u00e9nement de la Croix qui s\u2019approchait. Dans quelques jours, son visage sera d\u00e9figur\u00e9 sur la montagne de Golgotha. J\u00e9sus voulais alors leur transmettre ce message : \u00ab M\u00eame si un jour vous me voyez d\u00e9figur\u00e9, frapp\u00e9, humili\u00e9, tu\u00e9, sachez que je suis toujours le fils bien-aim\u00e9 de Dieu qui donne sa vie par amour. \u00bb <\/span><\/p>\n<p class=\"western\" lang=\"fr-FR\" align=\"justify\"><span style=\"font-family: Times New Roman, serif\">Fr\u00e8res et s\u0153urs, cet \u00e9vangile, nous apporte un enseignement pr\u00e9cieux. Il nous rappelle qu\u2019en face des difficult\u00e9s quotidiennes, Dieu ne nous abandonne pas. En s\u2019appuyant ind\u00e9fectiblement sur Lui dans la foi, nous pouvons trouver le courage n\u00e9cessaire pour avancer. La vie n\u2019est pas toujours facile. Les moments de bien-\u00eatre personnel, de r\u00e9ussite <\/span>professionnelle<span style=\"font-family: Times New Roman, serif\"> et de bonheur familial peuvent nous faire oublier l\u2019essentiel: la foi en Dieu. Dans le meilleur comme dans les moments de crise et d\u2019incertitude, notre intimit\u00e9 avec Dieu doit demeurer in\u00e9branlable. Pierre aurait bien voulu s\u2019\u00e9terniser sur la montagne. Tellement, il se sentait bien qu\u2019il voulut dresser des tentes: \u00ab <\/span><span style=\"font-family: Times New Roman, serif\"><b>Il est heureux que nous soyons ici; dressons donc trois tentes<\/b><\/span><span style=\"font-family: Times New Roman, serif\">&#8230; \u00bb. La vie n\u2019est pas toujours un fleuve tranquille: il y a des moments de mont\u00e9e, il y a aussi des moments de descente. Il y a des temps o\u00f9 nous sommes appel\u00e9s \u00e0 nous \u00e9lever sur la montagne, \u00e0 l\u2019\u00e9cart pour rencontrer le Seigneur dans l\u2019\u00e9coute et la pri\u00e8re. Il y a des moments o\u00f9, apr\u00e8s ce ressourcement, il faut descendre dans la vie quotidienne pour affronter ses joies, ses peines et ses espoirs. <\/span><\/p>\n<p class=\"western\" lang=\"fr-FR\" align=\"justify\"><span style=\"font-family: Times New Roman, serif\">Nous sommes donc envoy\u00e9s dans le monde pour \u00eatre les t\u00e9moins et les messagers de l\u2019esp\u00e9rance qui nous anime. Esp\u00e9rance que nous recevons dans la Parole de Dieu. Et cette parole que nous recevons en ce dimanche doit grandir en nous. Elle doit \u00eatre proclam\u00e9e, partag\u00e9e et donn\u00e9e aux autres ; c\u2019est cela la vie chr\u00e9tienne : accueillir J\u00e9sus dans sa Parole et le donner aux autres. Dieu seul peut nous transfigurer et nous transformer. Supplions le donc en lui disant : \u00ab <\/span><span style=\"font-family: Times New Roman, serif\"><b>Toi qui es Lumi\u00e8re, toi qui es l\u2019amour, mets en nos t\u00e9n\u00e8bres ton esprit d\u2019amour. \u00bb<\/b><\/span><\/p>\n<p class=\"western\" lang=\"fr-FR\" align=\"justify\"><span style=\"font-family: Times New Roman, serif\">Que sa gr\u00e2ce nous transforme en ce temps de car\u00eame et nous rende conformes \u00e0 sa volont\u00e9. Amen\u00a0!!!<\/span><\/p>\n<p class=\"western\" lang=\"fr-FR\" align=\"right\"><span style=\"font-family: Times New Roman, serif\"><i>p\u00e8re G\u00e9rard EKLU<\/i> <\/span><\/p>\n","protected":false},"excerpt":{"rendered":"","protected":false},"author":2,"featured_media":4493,"comment_status":"closed","ping_status":"closed","sticky":false,"template":"","format":"standard","meta":{"kt_blocks_editor_width":"","footnotes":""},"categories":[7],"tags":[15,37,4,23],"_links":{"self":[{"href":"https:\/\/eglise-catholique-valdorge.fr\/index.php?rest_route=\/wp\/v2\/posts\/4492"}],"collection":[{"href":"https:\/\/eglise-catholique-valdorge.fr\/index.php?rest_route=\/wp\/v2\/posts"}],"about":[{"href":"https:\/\/eglise-catholique-valdorge.fr\/index.php?rest_route=\/wp\/v2\/types\/post"}],"author":[{"embeddable":true,"href":"https:\/\/eglise-catholique-valdorge.fr\/index.php?rest_route=\/wp\/v2\/users\/2"}],"replies":[{"embeddable":true,"href":"https:\/\/eglise-catholique-valdorge.fr\/index.php?rest_route=%2Fwp%2Fv2%2Fcomments&post=4492"}],"version-history":[{"count":1,"href":"https:\/\/eglise-catholique-valdorge.fr\/index.php?rest_route=\/wp\/v2\/posts\/4492\/revisions"}],"predecessor-version":[{"id":4497,"href":"https:\/\/eglise-catholique-valdorge.fr\/index.php?rest_route=\/wp\/v2\/posts\/4492\/revisions\/4497"}],"wp:featuredmedia":[{"embeddable":true,"href":"https:\/\/eglise-catholique-valdorge.fr\/index.php?rest_route=\/wp\/v2\/media\/4493"}],"wp:attachment":[{"href":"https:\/\/eglise-catholique-valdorge.fr\/index.php?rest_route=%2Fwp%2Fv2%2Fmedia&parent=4492"}],"wp:term":[{"taxonomy":"category","embeddable":true,"href":"https:\/\/eglise-catholique-valdorge.fr\/index.php?rest_route=%2Fwp%2Fv2%2Fcategories&post=4492"},{"taxonomy":"post_tag","embeddable":true,"href":"https:\/\/eglise-catholique-valdorge.fr\/index.php?rest_route=%2Fwp%2Fv2%2Ftags&post=4492"}],"curies":[{"name":"wp","href":"https:\/\/api.w.org\/{rel}","templated":true}]}}