{"id":4502,"date":"2021-03-13T09:00:00","date_gmt":"2021-03-13T08:00:00","guid":{"rendered":"https:\/\/eglise-catholique-valdorge.fr\/?p=4502"},"modified":"2021-05-28T14:59:31","modified_gmt":"2021-05-28T12:59:31","slug":"feuillet-4eme-dimanche-de-careme-2021","status":"publish","type":"post","link":"https:\/\/eglise-catholique-valdorge.fr\/?p=4502","title":{"rendered":"Feuillet \u2013 4\u00e8me dimanche de Car\u00eame 2021"},"content":{"rendered":"\n<p>\u00a0<\/p>\n<table style=\"border-collapse: collapse;width: 100%;height: 518px\">\n<tbody>\n<tr style=\"height: 23px\">\n<td style=\"width: 47.3333%;height: 23px\">\u00a0 \u00a0<\/td>\n<td style=\"width: 3.53337%\" rowspan=\"2\">\n<h2 class=\"western\">\u00a0<\/h2>\n<\/td>\n<td style=\"width: 49.1333%;height: 449px\" rowspan=\"2\">\n<h4 class=\"western\">Aimer ce monde perdu<\/h4>\n<p lang=\"fr-FR\">Mais Dieu est riche en mis\u00e9ricorde ; \u00e0 cause du grand amour dont il nous a aim\u00e9s, nous qui \u00e9tions des morts par suite de nos fautes, il nous a donn\u00e9 la vie avec le Christ : c&rsquo;est bien par gr\u00e2ce que vous \u00eates sauv\u00e9s. Avec lui, il nous a ressuscit\u00e9s et il nous a fait si\u00e9ger aux cieux, dans le Christ J\u00e9sus. [\u2026] C&rsquo;est bien par la gr\u00e2ce que vous \u00eates sauv\u00e9s, et par le moyen de la foi. Cela ne vient pas de vous, c&rsquo;est le don de Dieu. Cela ne vient pas des actes : personne ne peut en tirer orgueil. C&rsquo;est Dieu qui nous a faits, il nous a cr\u00e9\u00e9s dans le Christ J\u00e9sus, en vue de la r\u00e9alisation d&rsquo;\u0153uvres bonnes qu&rsquo;il a pr\u00e9par\u00e9es d&rsquo;avance pour que nous les pratiquions.<\/p>\n<p lang=\"fr-FR\" align=\"RIGHT\"><i>Ep 2,4-10<\/i><\/p>\n<\/td>\n<\/tr>\n<tr style=\"height: 426px\">\n<td style=\"width: 47.3333%;height: 449px\" rowspan=\"2\">\n<h5 class=\"western\">CONTEMPLER LE MONDE<\/h5>\n<p lang=\"fr-FR\" align=\"CENTER\"><b>\u00ab\u00a0Laudato Si\u2019\u00a0\u00bb \u00a7 78<\/b><\/p>\n<p lang=\"fr-FR\">\u00ab Si nous reconnaissons la valeur et la fragilit\u00e9 de la nature, et en m\u00eame temps les capacit\u00e9s que le Cr\u00e9ateur nous a octroy\u00e9es, cela nous permet d\u2019en finir aujourd\u2019hui<\/p>\n<p lang=\"fr-FR\">avec le mythe moderne du progr\u00e8s mat\u00e9riel sans limite. Un monde fragile, avec un \u00eatre humain \u00e0 qui Dieu en confie le soin, interpelle notre intelligence pour reconna\u00eetre comment nous devrions orienter, cultiver et limiter notre pouvoir. \u00bb<\/p>\n<\/td>\n<\/tr>\n<tr style=\"height: 23px\">\n<td style=\"width: 3.53337%\" rowspan=\"2\">\n<h3 class=\"western\">\u00a0<\/h3>\n<\/td>\n<td style=\"width: 49.1333%;height: 46px\" rowspan=\"2\">\n<h5 class=\"western\">CHERCHER UN CHEMIN DE CONVERSION POUR AGIR AVEC AMOUR ET JUSTICE<\/h5>\n<p lang=\"fr-FR\">Dieu nous aime jusqu\u2019\u00e0 nous donner Son Fils. De la m\u00eame mani\u00e8re, Il nous confie la Cr\u00e9ation.<\/p>\n<p lang=\"fr-FR\">De quelle(s) mani\u00e8re(s) est-ce que je prends soin de ces cadeaux que m\u2019offre le P\u00e8re ? Collectivement, comment (r\u00e9)inventer un engagement chr\u00e9tien, dans la soci\u00e9t\u00e9 pour r\u00e9pondre aux d\u00e9fis de notre temps ?<\/p>\n<p lang=\"fr-FR\">Ce que je peux faire et ce que j\u2019attends comme impulsion ou initiative de ma paroisse, de mon mouvement, du dioc\u00e8se en mati\u00e8re \u00e9cologique ?<\/p>\n<\/td>\n<\/tr>\n<tr style=\"height: 23px\">\n<td style=\"width: 47.3333%;height: 46px\" rowspan=\"2\">\n<h5 class=\"western\">POUR NOURRIR NOTRE PRI\u00c8RE<\/h5>\n<p lang=\"fr-FR\">Gu\u00e9ris nos vies, pour que nous soyons des protecteurs du monde et non des pr\u00e9dateurs, pour que nous semions la beaut\u00e9 et non la pollution ni la destruction [\u2026] Apprends-nous \u00e0 d\u00e9couvrir la valeur de chaque chose, \u00e0 contempler, \u00e9merveill\u00e9s, \u00e0 reconna\u00eetre que nous sommes profond\u00e9ment unis \u00e0 toutes les cr\u00e9atures sur notre chemin vers Ta lumi\u00e8re infinie.<\/p>\n<p lang=\"fr-FR\">Soutiens-nous, nous t\u2019en prions, dans notre lutte pour la justice, l\u2019amour et la paix.<\/p>\n<p lang=\"fr-FR\" align=\"RIGHT\">Extrait de la Pri\u00e8re pour la terre, Pape Fran\u00e7ois dans <i>Laudato Si\u2019<\/i><\/p>\n<\/td>\n<\/tr>\n<tr style=\"height: 23px\">\n<td style=\"width: 3.53337%\">\u00a0<\/td>\n<td style=\"width: 49.1333%;height: 23px\"><img loading=\"lazy\" decoding=\"async\" class=\"alignnone size-medium wp-image-4433 aligncenter\" src=\"https:\/\/eglise-catholique-valdorge.fr\/wp-content\/uploads\/2021\/02\/ccfd-300x127.jpg\" alt=\"\" width=\"300\" height=\"127\" srcset=\"https:\/\/eglise-catholique-valdorge.fr\/wp-content\/uploads\/2021\/02\/ccfd-300x127.jpg 300w, https:\/\/eglise-catholique-valdorge.fr\/wp-content\/uploads\/2021\/02\/ccfd-1024x433.jpg 1024w, https:\/\/eglise-catholique-valdorge.fr\/wp-content\/uploads\/2021\/02\/ccfd-768x325.jpg 768w, https:\/\/eglise-catholique-valdorge.fr\/wp-content\/uploads\/2021\/02\/ccfd.jpg 1065w\" sizes=\"(max-width: 300px) 100vw, 300px\" \/><\/td>\n<\/tr>\n<\/tbody>\n<\/table>\n<p>\u00a0<\/p>\n","protected":false},"excerpt":{"rendered":"","protected":false},"author":2,"featured_media":4432,"comment_status":"closed","ping_status":"closed","sticky":false,"template":"","format":"standard","meta":{"kt_blocks_editor_width":"","footnotes":""},"categories":[7],"tags":[15,37,17],"_links":{"self":[{"href":"https:\/\/eglise-catholique-valdorge.fr\/index.php?rest_route=\/wp\/v2\/posts\/4502"}],"collection":[{"href":"https:\/\/eglise-catholique-valdorge.fr\/index.php?rest_route=\/wp\/v2\/posts"}],"about":[{"href":"https:\/\/eglise-catholique-valdorge.fr\/index.php?rest_route=\/wp\/v2\/types\/post"}],"author":[{"embeddable":true,"href":"https:\/\/eglise-catholique-valdorge.fr\/index.php?rest_route=\/wp\/v2\/users\/2"}],"replies":[{"embeddable":true,"href":"https:\/\/eglise-catholique-valdorge.fr\/index.php?rest_route=%2Fwp%2Fv2%2Fcomments&post=4502"}],"version-history":[{"count":1,"href":"https:\/\/eglise-catholique-valdorge.fr\/index.php?rest_route=\/wp\/v2\/posts\/4502\/revisions"}],"predecessor-version":[{"id":4504,"href":"https:\/\/eglise-catholique-valdorge.fr\/index.php?rest_route=\/wp\/v2\/posts\/4502\/revisions\/4504"}],"wp:featuredmedia":[{"embeddable":true,"href":"https:\/\/eglise-catholique-valdorge.fr\/index.php?rest_route=\/wp\/v2\/media\/4432"}],"wp:attachment":[{"href":"https:\/\/eglise-catholique-valdorge.fr\/index.php?rest_route=%2Fwp%2Fv2%2Fmedia&parent=4502"}],"wp:term":[{"taxonomy":"category","embeddable":true,"href":"https:\/\/eglise-catholique-valdorge.fr\/index.php?rest_route=%2Fwp%2Fv2%2Fcategories&post=4502"},{"taxonomy":"post_tag","embeddable":true,"href":"https:\/\/eglise-catholique-valdorge.fr\/index.php?rest_route=%2Fwp%2Fv2%2Ftags&post=4502"}],"curies":[{"name":"wp","href":"https:\/\/api.w.org\/{rel}","templated":true}]}}