{"id":4611,"date":"2021-03-20T09:00:00","date_gmt":"2021-03-20T08:00:00","guid":{"rendered":"https:\/\/eglise-catholique-valdorge.fr\/?p=4611"},"modified":"2021-05-28T14:59:09","modified_gmt":"2021-05-28T12:59:09","slug":"commentaire-5eme-dimanche-de-careme","status":"publish","type":"post","link":"https:\/\/eglise-catholique-valdorge.fr\/?p=4611","title":{"rendered":"Commentaire \u2013 5\u00e8me dimanche de Car\u00eame"},"content":{"rendered":"\n<p>5<sup>\u00e8me<\/sup> dimanche de Car\u00eame B. <br \/>Avec un tel passage d\u2019\u00e9vangile, comment r\u00e9sister au plaisir d\u2019une petite illustration\u00a0?\u00a0!!<\/p>\n<p style=\"text-align: center\"><img loading=\"lazy\" decoding=\"async\" class=\"aligncenter wp-image-4614 size-full\" src=\"https:\/\/eglise-catholique-valdorge.fr\/wp-content\/uploads\/2021\/03\/car5.png\" alt=\"\" width=\"503\" height=\"227\" srcset=\"https:\/\/eglise-catholique-valdorge.fr\/wp-content\/uploads\/2021\/03\/car5.png 503w, https:\/\/eglise-catholique-valdorge.fr\/wp-content\/uploads\/2021\/03\/car5-300x135.png 300w\" sizes=\"(max-width: 503px) 100vw, 503px\" \/>(un bon dessin vaut parfois mieux qu\u2019un long discours\u00a0!)<\/p>\n<p>D\u00e9cid\u00e9ment, \u00e0 chaque dimanche de ce Car\u00eame, j\u2019ai envie de parler de P\u00e2ques\u00a0! <br \/>N\u2019est ce pas ce que J\u00e9sus annonce\u00a0\u00e0 travers ce grain de bl\u00e9 qui tombe en terre (sa mort) et qui porte du fruit (la r\u00e9surrection et le Salut offert \u00e0 tous)\u00a0?<\/p>\n<p>Alors, cot\u00e9 Car\u00eame ? <br \/>Heureusement, l\u2019\u00e9vang\u00e9liste ne se contente pas de l\u2019annonce de ce beau programme pascal\u2026. Il donne la place au combat qui est en J\u00e9sus : \u00ab Maintenant mon \u00e2me est boulevers\u00e9e. Que vais-je dire ? \u201cP\u00e8re, sauve-moi de cette heure\u201d ? \u00bb (\u00ab l\u2019heure \u00bb ici, c\u2019est ce moment d\u00e9cisif o\u00f9 il va subir l\u2019\u00e9preuve et vivre le don de lui-m\u00eame jusqu\u2019au bout).<\/p>\n<p>Voil\u00e0 qui rejoint sans doute nos \u00ab \u00e9tats d\u2019\u00e2mes \u00bb, nos propres combats int\u00e9rieurs\u2026 que ce temps de Car\u00eame peut mettre en relief, peut \u00e9clairer d\u00e9j\u00e0 par la lumi\u00e8re de P\u00e2ques vers laquelle il nous fait cheminer. Quand aux hommes et aux femmes que nous rend proches le CCFD-Terre-Solidaire, engag\u00e9s pour le bien de leurs fr\u00e8res et de la cr\u00e9ation, comment imaginer qu\u2019ils ne vivent pas ce genre de combat dans leurs engagements et le don d\u2019eux-m\u00eames ?<\/p>\n<p>Regardons ce qui fait que J\u00e9sus, lui, ne c\u00e8de pas dans ce combat ? Je vois deux choses qui sont d\u2019ailleurs fort li\u00e9es : J\u00e9sus ne \u00ab roule pas pour lui \u00bb : il sait que le don de sa vie pour sauver les hommes manifeste \u00e9galement l\u2019amour du P\u00e8re (c\u2019est cela, la Gloire du P\u00e8re). Et le P\u00e8re \u00ab authentifie \u00bb ce don aux yeux des hommes.<\/p>\n<p>Pour nous aussi, toute action trop entach\u00e9e du souci de notre image risque d\u2019\u00eatre peu f\u00e9conde. Il ne s\u2019agit pas de \u00ab devenir quelqu\u2019un de bien \u00bb, mais d\u2019apprendre \u00e0 faire le bien, simplement parce que le Seigneur nous y appelle. Et si notre regard est tourn\u00e9 (ou plut\u00f4t apprend sans cesse \u00e0 se tourner) non vers l\u2019image de nous-m\u00eames mais vers l\u2019autre que nous servons, alors nous recevrons ce profond r\u00e9confort spirituel de parfois reconna\u00eetre J\u00e9sus lui-m\u00eame en cet autre (cf Mt 25), ou bien nous le sentirons au coude \u00e0 coude avec nous dans cette mission re\u00e7ue : \u00ab l\u00e0 o\u00f9 moi je suis, l\u00e0 aussi sera mon serviteur \u00bb.<\/p>\n<p>C\u2019est ainsi que la loi du Seigneur s\u2019inscrit non plus sur la pierre mais dans nos c\u0153ur (J\u00e9r\u00e9mie, 1re lecture) ; c\u2019est ainsi que les mots de la lettre aux H\u00e9breux ne sonnent plus comme une scandaleuse exaltation doloriste et ali\u00e9nante, mais comme un chemin d\u2019amour et de complicit\u00e9 Trinitaires, ouverts et offerts \u00e0 tous.<\/p>\n<p style=\"text-align: right\"><em>Bertrand DELCEY<\/em><\/p>\n","protected":false},"excerpt":{"rendered":"","protected":false},"author":2,"featured_media":4496,"comment_status":"closed","ping_status":"closed","sticky":false,"template":"","format":"standard","meta":{"kt_blocks_editor_width":"","footnotes":""},"categories":[7],"tags":[15,37,4,23],"_links":{"self":[{"href":"https:\/\/eglise-catholique-valdorge.fr\/index.php?rest_route=\/wp\/v2\/posts\/4611"}],"collection":[{"href":"https:\/\/eglise-catholique-valdorge.fr\/index.php?rest_route=\/wp\/v2\/posts"}],"about":[{"href":"https:\/\/eglise-catholique-valdorge.fr\/index.php?rest_route=\/wp\/v2\/types\/post"}],"author":[{"embeddable":true,"href":"https:\/\/eglise-catholique-valdorge.fr\/index.php?rest_route=\/wp\/v2\/users\/2"}],"replies":[{"embeddable":true,"href":"https:\/\/eglise-catholique-valdorge.fr\/index.php?rest_route=%2Fwp%2Fv2%2Fcomments&post=4611"}],"version-history":[{"count":4,"href":"https:\/\/eglise-catholique-valdorge.fr\/index.php?rest_route=\/wp\/v2\/posts\/4611\/revisions"}],"predecessor-version":[{"id":4616,"href":"https:\/\/eglise-catholique-valdorge.fr\/index.php?rest_route=\/wp\/v2\/posts\/4611\/revisions\/4616"}],"wp:featuredmedia":[{"embeddable":true,"href":"https:\/\/eglise-catholique-valdorge.fr\/index.php?rest_route=\/wp\/v2\/media\/4496"}],"wp:attachment":[{"href":"https:\/\/eglise-catholique-valdorge.fr\/index.php?rest_route=%2Fwp%2Fv2%2Fmedia&parent=4611"}],"wp:term":[{"taxonomy":"category","embeddable":true,"href":"https:\/\/eglise-catholique-valdorge.fr\/index.php?rest_route=%2Fwp%2Fv2%2Fcategories&post=4611"},{"taxonomy":"post_tag","embeddable":true,"href":"https:\/\/eglise-catholique-valdorge.fr\/index.php?rest_route=%2Fwp%2Fv2%2Ftags&post=4611"}],"curies":[{"name":"wp","href":"https:\/\/api.w.org\/{rel}","templated":true}]}}