{"id":4647,"date":"2021-03-27T09:00:00","date_gmt":"2021-03-27T08:00:00","guid":{"rendered":"https:\/\/eglise-catholique-valdorge.fr\/?p=4647"},"modified":"2021-05-28T14:59:12","modified_gmt":"2021-05-28T12:59:12","slug":"homelie-du-dimanche-des-rameaux","status":"publish","type":"post","link":"https:\/\/eglise-catholique-valdorge.fr\/?p=4647","title":{"rendered":"Hom\u00e9lie du dimanche des Rameaux"},"content":{"rendered":"\n<p style=\"text-align: center\" align=\"LEFT\"><span style=\"text-decoration: underline\"><span style=\"color: #000000;text-decoration: underline\"><span style=\"font-family: Times New Roman, Times New Roman, serif\"><span style=\"font-size: medium\"><i><b>LITURGIE FAMILIALE<br><\/b><\/i><\/span><\/span><\/span><i style=\"font-size: medium;font-family: 'Times New Roman', 'Times New Roman', serif;color: #000000\"><b>DIMANCHE DES RAMEAUX ET DE LA PASSION,&nbsp; ANN\u00c9E B (28\/03\/2021)<\/b><\/i><\/span><\/p>\n<p align=\"LEFT\"><span style=\"color: #000000\"><span style=\"font-family: Times New Roman, Times New Roman, serif\"><span style=\"font-size: medium\">On me demande souvent, <i>\u00ab P\u00e8re, pourquoi lit-on l\u2019\u00c9vangile de la passion, le dimanche des rameaux&nbsp;? \u00bb <\/i>Un peu d\u2019histoire pour nous rappeler comment nous en sommes arriv\u00e9s \u00e0 f\u00eater les rameaux et la passion. Ce que nous vivons aujourd\u2019hui nous vient de 2 traditions diff\u00e9rentes. <\/span><\/span><\/span><\/p>\n<p align=\"LEFT\"><span style=\"color: #000000\"><span style=\"font-family: Times New Roman, Times New Roman, serif\"><span style=\"font-size: medium\"><b>Au 4<\/b><sup><b>\u00e8me <\/b><\/sup><b>si\u00e8cle \u00e0 J\u00e9rusalem<\/b>, le dimanche avant P\u00e2ques, apr\u00e8s la messe c\u00e9l\u00e9br\u00e9e comme \u00e0 l\u2019ordinaire, l\u2019\u00e9v\u00eaque et tout le peuple se rendaient \u00e0 l\u2019\u00e9glise situ\u00e9e sur le mont des Oliviers. <i>Apr\u00e8s la lecture de l\u2019\u00c9vangile de l\u2019entr\u00e9e de J\u00e9sus \u00e0 J\u00e9rusalem, une procession \u00e9tait faite jusqu\u2019\u00e0 la basilique de la r\u00e9surrection<\/i>, o\u00f9 on chantait l\u2019office du soir appel\u00e9 \u00ab<\/span><\/span><\/span><span style=\"color: #000000\">&nbsp;<\/span><span style=\"color: #000000\"><span style=\"font-family: Times New Roman, Times New Roman, serif\"><span style=\"font-size: medium\">Lucernaire&nbsp;\u00bb. <\/span><\/span><\/span><\/p>\n<p align=\"LEFT\"><span style=\"color: #000000\"><span style=\"font-family: Times New Roman, Times New Roman, serif\"><span style=\"font-size: medium\"><b>\u00c0 Rome, par contre, au temps du pape saint L\u00e9on le Grand (440-461)<\/b>, on commen\u00e7ait la semaine sainte d\u2019une mani\u00e8re plus sobre par <i>une messe dominicale au cours de laquelle on lisait l\u2019\u00c9vangile de la Passion selon saint Matthieu<\/i>. <b>Plus tard, \u00e0 l\u2019instigation des p\u00e8lerins de J\u00e9rusalem, cette eucharistie a \u00e9t\u00e9 pr\u00e9c\u00e9d\u00e9e de la procession des rameaux. <\/b><\/span><\/span><\/span><\/p>\n<p align=\"LEFT\"><span style=\"color: #000000\"><span style=\"font-family: Times New Roman, Times New Roman, serif\"><span style=\"font-size: medium\">La c\u00e9l\u00e9bration de ce jour se veut ainsi une v\u00e9ritable porte d\u2019entr\u00e9e dans la grande semaine o\u00f9 nous faisons solennellement m\u00e9moire du Myst\u00e8re central de la foi et de la vie de l\u2019\u00c9glise : Christ mort et ressuscit\u00e9 pour le salut de l\u2019humanit\u00e9. <\/span><\/span><\/span><\/p>\n<p align=\"LEFT\"><span style=\"color: #000000\"><span style=\"font-family: Times New Roman, Times New Roman, serif\"><span style=\"font-size: medium\">Dimanche donc des rameaux, mais aussi de la passion. <b>Le v\u00e9ritable chemin de gloire passe par la contemplation de la croix, lieu de l\u2019expression la plus aboutie de l\u2019amour de Dieu pour les hommes. Et c\u2019est ce chemin qui nous est propos\u00e9 au cours de cette semaine sainte&nbsp;<\/b>: marcher dans les pas du Christ, mourir \u00e0 toutes les formes de mort pour ressusciter avec lui et t\u00e9moigner de son amour. Chemin d\u2019abaissement, d\u2019humilit\u00e9 (cf. 2<sup>\u00e8me <\/sup>lecture de saint Paul) et parfois m\u00eame de solitude <i>(\u00ab Mon Dieu, mon Dieu pourquoi m\u2019as-tu abandonn\u00e9 ?&nbsp;\u00bb). <\/i>Mais v\u00e9ritable chemin de bonheur, car malgr\u00e9 les apparences, la mort n\u2019a pas eu le dernier mot. <\/span><\/span><\/span><\/p>\n<p align=\"LEFT\"><span style=\"color: #000000\"><span style=\"font-family: Times New Roman, Times New Roman, serif\"><span style=\"font-size: medium\">C\u2019est la 1<sup>\u00e8re <\/sup>certitude que nous pouvons nous r\u00e9approprier dans nos propres cheminements de vie, au temps de l\u2019adversit\u00e9. Quelle que soit la dur\u00e9e de la nuit, la lumi\u00e8re finira par briller. <b>\u00ab Tu m\u2019as r\u00e9pondu !&nbsp;\u00bb, dit le Christ \u00e0 la fin du psaume 21. <\/b>Quelque soit la difficult\u00e9 que nous traversons, sachons que le P\u00e8re ne nous abandonne jamais et que le Christ a d\u00e9j\u00e0 vaincu pour nous. Il pose son regard d\u2019amour sur nous, il marche avec nous, il tombe avec nous sous le poids de nos fardeaux, il se rel\u00e8ve avec nous. Et surtout, il a donn\u00e9 sa vie pour toi. <i>\u00ab&nbsp;Il n\u2019y a rien de plus grand que de donner sa vie pour ceux qu\u2019on aime&nbsp;\u00bb. <\/i>Y a-t-il une expression plus forte pour entendre l\u2019amour de Dieu pour nous&nbsp;? Ce qui m\u2019emm\u00e8ne \u00e0 dire qu\u2019au-del\u00e0 de la c\u00e9l\u00e9bration de cette m\u00e9moire, se pose une question plus fondamentale : celle de l\u2019identit\u00e9 r\u00e9elle du Christ qui traverse d\u2019ailleurs tout l\u2019\u00c9vangile de Marc. <b>Ce Christ que nous proclamons mort et ressuscit\u00e9, qui est-il pour toi aujourd\u2019hui&nbsp;? Comment en vis-tu&nbsp;? Comment en parles-tu&nbsp;? <\/b><\/span><\/span><\/span><\/p>\n<p align=\"LEFT\"><span style=\"color: #000000\"><span style=\"font-family: Times New Roman, Times New Roman, serif\"><span style=\"font-size: medium\">J\u00e9sus donne \u00e0 ses contemporains un signe fort, en orchestrant lui-m\u00eame soigneusement son entr\u00e9e \u00e0 J\u00e9rusalem, par r\u00e9f\u00e9rence \u00e0 la proph\u00e9tie de Zacharie sur le messie <i>\u00ab Exulte de toutes tes forces, fille de Sion ! Pousse des cris de joie, fille de J\u00e9rusalem ! Voici ton roi qui vient \u00e0 toi&nbsp;: il est juste victorieux, pauvre et mont\u00e9 sur un \u00e2ne, un \u00e2non, le petit d\u2019une \u00e2nesse&nbsp;\u00bb (Za 9, 9). <\/i>Mais tous n\u2019ont pas compris le message. <\/span><\/span><\/span><\/p>\n<p align=\"LEFT\"><span style=\"color: #000000\"><span style=\"font-family: Times New Roman, Times New Roman, serif\"><span style=\"font-size: medium\">Pour les scribes et docteurs de la Loi, aveugl\u00e9s par leur jalousie, c\u2019est un imposteur. Pour la foule c\u2019est plus un faiseur de miracles et quelqu\u2019un qui va les faire sortir du joug des Romains comme jadis le grand roi David. Ils finiront m\u00eame par lui pr\u00e9f\u00e9rer Barrabas, un bandit, et demander qu\u2019il soit crucifi\u00e9. Le c\u00f4t\u00e9 versatile du c\u0153ur de l\u2019homme. M\u00eame les ap\u00f4tres, face au myst\u00e8re de la croix l\u2019ont abandonn\u00e9. <b>\u00ab Je ne connais pas cet homme dont vous parlez&nbsp;\u00bb, nia Pierre. <\/b>Pourtant il les avait pr\u00e9par\u00e9s pour cette grande heure. Seuls les <i><b>Anawim <\/b><\/i>(les pauvres de Dieu), les plus petits, les c\u0153urs humbles et justes ont su toucher en lui ce qu\u2019il \u00e9tait r\u00e9ellement&nbsp;: <b>\u00ab Vraiment cet homme \u00e9tait Fils de Dieu&nbsp;!&nbsp;\u00bb, professa le centurion Romain. <\/b><\/span><\/span><\/span><\/p>\n<p align=\"LEFT\"><span style=\"color: #000000\"><span style=\"font-family: Times New Roman, Times New Roman, serif\"><span style=\"font-size: medium\"><i>Et toi, o\u00f9 te situes-tu dans tout cela ? J\u00e9sus, qui est-il r\u00e9ellement pour toi ? Et s\u2019il est ressuscit\u00e9 pour toi, qu\u2019est-ce que cela repr\u00e9sente dans ta vie ? <\/i><\/span><\/span><\/span><\/p>\n<p align=\"LEFT\"><span style=\"color: #000000\"><span style=\"font-family: Times New Roman, Times New Roman, serif\"><span style=\"font-size: medium\">Telle est au final, une des questions qui peuvent nous aider dans cette grande retraite que nous allons vivre \u00e0 travers les c\u00e9l\u00e9brations de la semaine sainte. Puisse l\u2019Esprit-Saint nous guider. Bonne marche vers P\u00e2ques&nbsp;! <\/span><\/span><\/span><\/p>\n<p style=\"text-align: right\" align=\"LEFT\"><em><span style=\"color: #000000\"><span style=\"font-family: Times New Roman, Times New Roman, serif\"><span style=\"font-size: medium\">In Christo,<br><\/span><\/span><\/span><span style=\"font-size: medium;font-family: 'Times New Roman', 'Times New Roman', serif;color: #000000\">P. Magloire KETEHOULI<\/span><\/em><\/p>\n","protected":false},"excerpt":{"rendered":"","protected":false},"author":2,"featured_media":0,"comment_status":"closed","ping_status":"closed","sticky":false,"template":"","format":"standard","meta":{"kt_blocks_editor_width":"","footnotes":""},"categories":[7,30],"tags":[4,23,29,38],"_links":{"self":[{"href":"https:\/\/eglise-catholique-valdorge.fr\/index.php?rest_route=\/wp\/v2\/posts\/4647"}],"collection":[{"href":"https:\/\/eglise-catholique-valdorge.fr\/index.php?rest_route=\/wp\/v2\/posts"}],"about":[{"href":"https:\/\/eglise-catholique-valdorge.fr\/index.php?rest_route=\/wp\/v2\/types\/post"}],"author":[{"embeddable":true,"href":"https:\/\/eglise-catholique-valdorge.fr\/index.php?rest_route=\/wp\/v2\/users\/2"}],"replies":[{"embeddable":true,"href":"https:\/\/eglise-catholique-valdorge.fr\/index.php?rest_route=%2Fwp%2Fv2%2Fcomments&post=4647"}],"version-history":[{"count":3,"href":"https:\/\/eglise-catholique-valdorge.fr\/index.php?rest_route=\/wp\/v2\/posts\/4647\/revisions"}],"predecessor-version":[{"id":4650,"href":"https:\/\/eglise-catholique-valdorge.fr\/index.php?rest_route=\/wp\/v2\/posts\/4647\/revisions\/4650"}],"wp:attachment":[{"href":"https:\/\/eglise-catholique-valdorge.fr\/index.php?rest_route=%2Fwp%2Fv2%2Fmedia&parent=4647"}],"wp:term":[{"taxonomy":"category","embeddable":true,"href":"https:\/\/eglise-catholique-valdorge.fr\/index.php?rest_route=%2Fwp%2Fv2%2Fcategories&post=4647"},{"taxonomy":"post_tag","embeddable":true,"href":"https:\/\/eglise-catholique-valdorge.fr\/index.php?rest_route=%2Fwp%2Fv2%2Ftags&post=4647"}],"curies":[{"name":"wp","href":"https:\/\/api.w.org\/{rel}","templated":true}]}}