{"id":4673,"date":"2021-04-01T09:00:00","date_gmt":"2021-04-01T07:00:00","guid":{"rendered":"https:\/\/eglise-catholique-valdorge.fr\/?p=4673"},"modified":"2021-05-28T15:00:34","modified_gmt":"2021-05-28T13:00:34","slug":"liturgie-familiale-du-jeudi-saint-1er-avril-2021","status":"publish","type":"post","link":"https:\/\/eglise-catholique-valdorge.fr\/?p=4673","title":{"rendered":"Liturgie familiale du <strong>Jeudi saint<\/strong> \u2013 Secteur du Val d&rsquo;Orge \u2013 1er avril 2021"},"content":{"rendered":"\n<table style=\"border-collapse: collapse;width: 100%;height: 131px\">\n<tbody>\n<tr style=\"height: 131px\">\n<td style=\"width: 100%;height: 150px;border-style: double;border-color: #996600;background-color: #faf684;text-align: center\">\n<p><span style=\"color: #999999\"><span style=\"font-size: xx-large\"><span style=\"font-size: x-large\"><b>SECTEUR DU VAL D&rsquo;ORGE<br \/><\/b><\/span><\/span><\/span><\/p>\n<span style=\"color: #999999\"><span style=\"font-size: xx-large\"><b><\/b><span style=\"color: #996600\">Liturgie familiale d<span style=\"color: #996600\">u<\/span> <b>Jeudi Saint<br \/><\/b><\/span><\/span><\/span>\n<p><span style=\"color: #999999\"><span style=\"font-family: inherit;font-weight: inherit;font-size: x-large\"><b>1<\/b><\/span><sup style=\"font-family: inherit;font-weight: inherit\"><span style=\"font-size: x-large\"><b>er<\/b><\/span><\/sup><span style=\"font-family: inherit;font-weight: inherit;font-size: x-large\"><b> avril 2021<\/b><\/span><\/span><\/p>\n<\/td>\n<\/tr>\n<\/tbody>\n<\/table>\n<p class=\"western\">\u00a0<\/p>\n<table style=\"border-collapse: collapse;width: 100%\">\n<tbody>\n<tr>\n<td style=\"width: 50%;border-style: solid;border-color: #996600;background-color: #faf6b1\">\n<h3 class=\"western\" style=\"text-align: center\"><strong><span style=\"color: #808080\">Pr\u00e9paration<\/span><\/strong><\/h3>\n<\/td>\n<\/tr>\n<\/tbody>\n<\/table>\n<p lang=\"fr-FR\">Peut-\u00eatre il ne vous est pas possible de rejoindre notre communaut\u00e9 paroissiale pour c\u00e9l\u00e9brer l&rsquo;office du Jeudi Saint. Voici une proposition pour c\u00e9l\u00e9brer \u00e0 la maison, que vous soyez seul ou en famille, n&rsquo;h\u00e9sitez pas \u00e0 l&rsquo;adapter.<\/p>\n<p lang=\"fr-FR\"><i>Commen\u00e7ons par pr\u00e9parer l&rsquo;endroit o\u00f9 nous allons prier\u00a0: en ce jeudi saint pourquoi ne pas se retrouver autour de la table pour prier: une table de f\u00eate pr\u00e9par\u00e9e pour le repas, avec belle nappe, des bougies, des fleurs avec une bible ou un nouveau testament ouvert.<br \/>Si possible, c\u00e9l\u00e9brer cette liturgie, le soir, juste avant le repas.<\/i><\/p>\n<p><span lang=\"fr-FR\">Si vous \u00eates plusieurs, vous d\u00e9signez celui ou celle qui va guider la pri\u00e8re (d\u00e9sign\u00e9 ensuite par G), par exemple, le p\u00e8re ou la m\u00e8re de famille ou le(la) plus ancien(ne).<\/span><span style=\"color: #cc0000\"><span style=\"font-family: Times New Roman, serif\"><span style=\"font-size: small\"><span lang=\"fr-FR\"><br \/>Les indications sur comment faire ou qui doit faire sont en rouge.<br \/><\/span><\/span><\/span><\/span><span lang=\"fr-FR\"><b>En gras<\/b><\/span><span lang=\"fr-FR\"> figurent les textes \u00e0 dire par tout le monde. <\/span><span lang=\"fr-FR\">Les liens apparaissent en surlign\u00e9s.<\/span> <span style=\"color: #2a6099\"><span style=\"font-family: Calibri, sans-serif\"><span lang=\"fr-FR\">Les chants sont indiqu\u00e9s par une petite note de musique\u00a0: \u266a<\/span><\/span><\/span><\/p>\n<p><span lang=\"fr-FR\"><i>S&rsquo;il y a des chanteurs et des musiciens \u00e0 la maison, ils peuvent participer en pr\u00e9parant un chant ou deux, par exemple\u00a0: <\/i><\/span><span style=\"color: #2a6099\"><span style=\"font-family: Calibri, sans-serif\"><span lang=\"fr-FR\">\u266a En m\u00e9moire du Seigneur D 304, <\/span><\/span><\/span><span style=\"color: #2a6099\"><span style=\"font-family: Calibri, sans-serif\"><span lang=\"fr-FR\">\u266a La nuit qu&rsquo;il fut livr\u00e9 HP3-C3, \u266a Ubi caritas (Taiz\u00e9), \u266a <\/span><\/span><\/span><span style=\"color: #2a6099\"><span style=\"font-family: Calibri, sans-serif\"><span lang=\"fr-FR\">Venez, approchez-vous ! EDIT16-28<\/span><\/span><\/span><\/p>\n<table style=\"border-collapse: collapse;width: 100%\">\n<tbody>\n<tr>\n<td style=\"width: 50%;border-style: solid;border-color: #996600;background-color: #faf6b1\">\n<h3 class=\"western\" style=\"text-align: center\"><strong><span style=\"color: #808080\">Liturgie familiale<\/span><\/strong><\/h3>\n<\/td>\n<\/tr>\n<\/tbody>\n<\/table>\n<p lang=\"fr-FR\"><span style=\"color: #cc0000\"><span style=\"font-family: Times New Roman, serif\"><span style=\"font-size: small\"><span lang=\"fr-FR\">G :<\/span><\/span><\/span><\/span><span lang=\"fr-FR\"> Aujourd\u2019hui, l\u2019Eglise nous invite \u00e0 faire m\u00e9moire du dernier repas du Christ. R\u00e9unis autour de sa Parole, nous voulons rester en communion. Ce soir, nous sommes r\u00e9unis comme J\u00e9sus avec ses ap\u00f4tres il y a tr\u00e8s longtemps. Que nous soyons seul(e) ou en famille, nous sommes en union de pri\u00e8re avec la communaut\u00e9 paroissiale tout enti\u00e8re et tous ceux que nous connaissons, pour former un peuple et faire \u00c9glise. <br \/><\/span><\/p>\n<p align=\"CENTER\"><span style=\"color: #cc0000\"><span style=\"font-family: Times New Roman, serif\"><span style=\"font-size: small\"><span lang=\"fr-FR\">Au moment de faire sur nous le signe de croix, prenons le temps de \u00ab\u00a0bien\u00a0\u00bb le faire\u00a0: <br \/>ce signe tout entier, nous enveloppe, nous marque du signe de la r\u00e9demption,<br \/>est signe de l&rsquo;amour et de la mis\u00e9ricorde.<br \/>Il marque la pr\u00e9sence de Dieu parmi nous et nous rappelle que, par le Christ, nous sommes tous fr\u00e8res.<\/span><\/span><\/span><\/span><\/p>\n<p><span style=\"color: #cc0000\"><span style=\"font-family: Times New Roman, serif\"><span style=\"font-size: small\"><span lang=\"fr-FR\">G\u00a0: <\/span><\/span><\/span><\/span><span lang=\"fr-FR\">En union avec notre \u00e9v\u00eaque et les chr\u00e9tiens de notre secteur, de notre dioc\u00e8se et du monde entier, en ce soir du jeudi saint tra\u00e7ons sur nous le signe de la Croix\u00a0: <\/span><\/p>\n<p align=\"CENTER\"><span lang=\"fr-FR\">AU NOM DU P\u00c8RE ET DU FILS ET DU SAINT ESPRIT. <\/span><span lang=\"fr-FR\"><b>AMEN<\/b><\/span><\/p>\n<p><span style=\"color: #cc0000\"><span style=\"font-family: Times New Roman, serif\"><span style=\"font-size: small\"><span lang=\"fr-FR\">G\u00a0:<\/span><\/span><\/span><\/span><span style=\"color: #000000\"><span lang=\"fr-FR\"> Que la gr\u00e2ce de J\u00e9sus notre Seigneur, l&rsquo;amour de Dieu le P\u00e8re et la communion de l&rsquo;Esprit Saint soient toujours avec vous<\/span><\/span><span lang=\"fr-FR\"><br \/><\/span><span style=\"color: #cc0000\"><span style=\"font-family: Times New Roman, serif\"><span style=\"font-size: small\"><span lang=\"fr-FR\">Tous\u00a0: <\/span><\/span><\/span><\/span><span lang=\"fr-FR\"><b>B\u00e9ni sois-tu notre Dieu, maintenant et toujours.<\/b><\/span><\/p>\n<p><span style=\"color: #cc0000\"><span style=\"font-family: Times New Roman, serif\"><span style=\"font-size: small\"><span lang=\"fr-FR\">G\u00a0<\/span><\/span><\/span><\/span><span lang=\"fr-FR\">: En ce jour o\u00f9 nous comm\u00e9morons son dernier repas, tournons-nous vers le Seigneur avec confiance : <\/span><\/p>\n<ul>\n<li>\n<p>Seigneur J\u00e9sus, toi qui nous guides sur le chemin de la vie. <br \/><b>B\u00e9ni sois-tu et prends piti\u00e9 de nous.<\/b><\/p>\n<\/li>\n<li>\n<p>\u00d4 Christ, tu partages avec tes amis le repas et tous les autres moments simples de la vie. <br \/><b>B\u00e9ni sois-tu et prends piti\u00e9 de nous.<\/b><\/p>\n<\/li>\n<li>\n<p>Seigneur, toi qui te mets au service des autres.<br \/><b>B\u00e9ni sois-tu et prends piti\u00e9 de nous.<\/b><\/p>\n<\/li>\n<\/ul>\n<p><span style=\"color: #cc0000\"><span style=\"font-family: Times New Roman, serif\"><span style=\"font-size: small\"><span lang=\"fr-FR\"><b>G\u00a0:<\/b><\/span><\/span><\/span><\/span><span lang=\"fr-FR\"> Dieu notre P\u00e8re, ce soir est la m\u00e9moire du jour o\u00f9 ton Fils J\u00e9sus o\u00f9 ton Fils a partag\u00e9 avec ses disciples son dernier repas et a confi\u00e9 \u00e0 son \u00c9glise, l&rsquo;Eucharistie. Nous ne pouvons pas nous rassembler avec nos fr\u00e8res et s\u0153urs chr\u00e9tiens pour c\u00e9l\u00e9brer le Repas du Seigneur alors nous sommes rassembl\u00e9s autour de la table familiale pour entendre ton message. <br \/>Ouvre nos c\u0153urs \u00e0 ta Parole, ouvre nos yeux \u00e0 tes derniers gestes avant de nous quitter. C&rsquo;est pour nous que tu as fait tout cela, afin que nous ayons la vie, et que nous servions la vie d\u00e8s maintenant, pour les si\u00e8cles des si\u00e8cles.<\/span><span lang=\"fr-FR\"><b><br \/>Amen<\/b><\/span><\/p>\n<h5 class=\"western\"><span style=\"color: #996600\">Premi\u00e8re lecture<\/span><\/h5>\n<p><span style=\"color: #cc0000\"><span style=\"font-family: Times New Roman, serif\"><span style=\"font-size: small\"><span lang=\"fr-FR\">G\u00a0:<\/span><\/span><\/span><\/span><span lang=\"fr-FR\"> En ce jeudi saint, nous sommes invit\u00e9s \u00e0 relire cet extrait du livre de l&rsquo;Exode, dans lequel le Seigneur donne aux h\u00e9breux des consignes pour la pr\u00e9paration du repas pascal et annonce le passage (P\u00e2que) qui d\u00e9livrera les h\u00e9breux de l&rsquo;oppression \u00e9gyptienne. Bien au-del\u00e0 des instructions, ces prescriptions sont une invitation \u00e0 faire m\u00e9moire et \u00e0 rendre gr\u00e2ce.<\/span><\/p>\n<p><span lang=\"fr-FR\"><a href=\"https:\/\/www.aelf.org\/2021-04-01\/romain\/messe#messe2_lecture1\" target=\"_blank\" rel=\"noopener\">Lecture du livre de l\u2019Exode<\/a> (Ex 12, 1-8.11-14)<\/span><span lang=\"fr-FR\"><i><br \/>Prescriptions concernant le repas pascal<\/i><\/span><\/p>\n<h5 class=\"western\"><span style=\"color: #996600\">Psaume<\/span><\/h5>\n<p><span lang=\"fr-FR\"><span style=\"background-color: #ffff99\"><a style=\"background-color: #ffff99\" href=\"https:\/\/www.aelf.org\/2021-04-01\/romain\/messe#messe2_lecture2\" target=\"_blank\" rel=\"noopener\">Psaume 115<\/a><\/span> (116b), 12-13, 15-16ac, 17-18<br \/><\/span><span style=\"color: #2a6099\"><span style=\"font-family: Calibri, sans-serif\"><span lang=\"fr-FR\">\u266a La coupe de b\u00e9n\u00e9diction est communion au sang du Christ.<\/span><\/span><\/span><\/p>\n<h5 class=\"western\"><span style=\"color: #996600\">Deuxi\u00e8me lecture<\/span><\/h5>\n<p><span style=\"color: #cc0000\"><span style=\"font-family: Times New Roman, serif\"><span style=\"font-size: small\"><span lang=\"fr-FR\">G\u00a0:<\/span><\/span><\/span><\/span><span lang=\"fr-FR\"> St Paul nous transmet le r\u00e9cit de la C\u00e8ne\u00a0; r\u00e9cit qu&rsquo;il a lui-m\u00eame re\u00e7u des disciples qui ont partag\u00e9 ce repas avec J\u00e9sus. Si nous sommes croyants aujourd\u2019hui, c\u2019est parce que depuis l&rsquo;\u00e9poque de J\u00e9sus, les chr\u00e9tiens ont fait, font et continuent de faire m\u00e9moire de ce repas.<\/span><\/p>\n<p><span lang=\"fr-FR\"><span style=\"background-color: #ffff99\"><a style=\"background-color: #ffff99\" href=\"https:\/\/www.aelf.org\/2021-04-01\/romain\/messe#messe2_lecture3\" target=\"_blank\" rel=\"noopener\">Lecture de la premi\u00e8re lettre de saint Paul ap\u00f4tre aux Corinthiens<\/a><\/span> (1 Co 11, 23-26)<br \/><\/span><span lang=\"fr-FR\"><i>\u00ab Chaque fois que vous mangez ce pain et que vous buvez cette coupe, vous proclamez la mort du Seigneur \u00bb<\/i><\/span><\/p>\n<h5 class=\"western\"><span style=\"color: #996600\">Proclamation de l\u2019\u00e9vangile<\/span><\/h5>\n<p><span style=\"color: #cc0000\"><span style=\"font-family: Times New Roman, serif\"><span style=\"font-size: small\"><span lang=\"fr-FR\">G :<\/span><\/span><\/span><\/span><span lang=\"fr-FR\"> J\u00e9sus, que ses disciples voyaient comme un Ma\u00eetre et Seigneur, et accomplit une t\u00e2che consid\u00e9r\u00e9e comme ingrate et indigne, r\u00e9serv\u00e9e aux esclaves. A notre tour, nous sommes appel\u00e9 \u00e0 faire m\u00e9moire de ce geste afin que nous devenions, \u00e0 notre tour, les serviteurs les uns des autres.<\/span><\/p>\n<p><span style=\"color: #cc0000\"><span style=\"font-family: Times New Roman, serif\"><span style=\"font-size: small\"><span lang=\"fr-FR\">Acclamons l&rsquo;\u00e9vangile\u00a0: <\/span><\/span><\/span><\/span><span style=\"color: #2a6099\"><span style=\"font-family: Calibri, sans-serif\"><span lang=\"fr-FR\">\u266a Gloire et louange \u00e0 toi, Seigneur J\u00e9sus ! <br \/><\/span><\/span><\/span><span style=\"color: #cc0000\"><span style=\"font-family: Times New Roman, serif\"><span style=\"font-size: small\"><span lang=\"fr-FR\">G\u00a0:<\/span><\/span><\/span><\/span> <span style=\"color: #000000\"><span style=\"font-size: medium\"><span lang=\"fr-FR\">Je vous donne un commandement nouveau, dit le Seigneur : \u00ab Aimez-vous les uns les autres comme je vous ai aim\u00e9s. \u00bb<\/span><\/span><\/span><\/p>\n<p><span style=\"color: #cc0000\"><span style=\"font-family: Times New Roman, serif\"><span style=\"font-size: small\"><span lang=\"fr-FR\">L&rsquo;un d&rsquo;entre vous lit l&rsquo;\u00c9vangile lentement\u00a0: <\/span><\/span><\/span><\/span><span lang=\"fr-FR\"><span style=\"background-color: #ffff99\"><a style=\"background-color: #ffff99\" href=\"https:\/\/www.aelf.org\/2021-04-01\/romain\/messe#messe2_lecture4\" target=\"_blank\" rel=\"noopener\">\u00c9vangile de J\u00e9sus Christ selon saint Jean<\/a><\/span> (Jn 13, 1-15)<br \/><\/span><span lang=\"fr-FR\"><i>\u00ab Il les aima jusqu\u2019au bout \u00bb<\/i><\/span><span lang=\"fr-FR\"><br \/><\/span><\/p>\n<h5 class=\"western\"><span style=\"color: #996600\">Profession de foi<\/span><\/h5>\n<p><span style=\"color: #cc0000\"><span style=\"font-family: Times New Roman, serif\"><span style=\"font-size: small\"><span lang=\"fr-FR\">Apr\u00e8s un temps de silence nous proclamons ensemble la foi de notre bapt\u00eame\u00a0:<br \/><\/span><\/span><\/span><\/span><span style=\"color: #cc0000\"><span style=\"font-family: Times New Roman, serif\"><span style=\"font-size: small\"><span lang=\"fr-FR\">G\u00a0:<\/span><\/span><\/span><\/span><span lang=\"fr-FR\"> Professons ensemble notre foi en ce Dieu qui, par amour, a tout fait pour nous sauver\u00a0:<\/span><\/p>\n<p align=\"CENTER\"><b>Je crois en Dieu, le P\u00e8re tout-puissant, Cr\u00e9ateur du ciel et de la terre.<br \/>Et en J\u00e9sus Christ, son Fils unique, notre Seigneur\u00a0;<br \/>qui a \u00e9t\u00e9 con\u00e7u du Saint Esprit, est n\u00e9 de la Vierge Marie,<br \/>a souffert sous Ponce Pilate, a \u00e9t\u00e9 crucifi\u00e9,<br \/>est mort et a \u00e9t\u00e9 enseveli, est descendu aux enfers\u00a0;<br \/>le troisi\u00e8me jour est ressuscit\u00e9 des morts,<br \/>est mont\u00e9 aux cieux, est assis \u00e0 la droite de Dieu le P\u00e8re tout-puissant,<br \/>d\u2019o\u00f9 il viendra juger les vivants et les morts.<br \/>Je crois en l\u2019Esprit Saint, \u00e0 la sainte \u00c9glise catholique, \u00e0 la communion des saints,<br \/>\u00e0 la r\u00e9mission des p\u00e9ch\u00e9s, \u00e0 la r\u00e9surrection de la chair, \u00e0 la vie \u00e9ternelle.<\/b><\/p>\n<h5 class=\"western\"><span style=\"color: #996600\">Pri\u00e8re universelle<\/span><\/h5>\n<p><span style=\"color: #cc0000\"><span style=\"font-family: Times New Roman, serif\"><span style=\"font-size: small\"><span lang=\"fr-FR\">Apr\u00e8s un temps de silence nous partageons des intentions de pri\u00e8re. Vous pouvez les partager \u00e0 plusieurs voix. Un refrain peut \u00eatre repris entre chaque intentions. <\/span><\/span><\/span><\/span><\/p>\n<p><span style=\"color: #cc0000\"><span style=\"font-family: Times New Roman, serif\"><span style=\"font-size: small\"><span lang=\"fr-FR\">G\u00a0<\/span><\/span><\/span><\/span><span lang=\"fr-FR\">: Partageant la m\u00eame foi et la m\u00eame charit\u00e9, unis dans le m\u00eame Esprit et la m\u00eame esp\u00e9rance, faisons monter vers Dieu notre pri\u00e8re.<\/span><\/p>\n<p><span style=\"color: #2a6099\">\u266a<\/span><span style=\"color: #2a6099\"> <span style=\"font-family: Calibri, sans-serif\"><span lang=\"fr-FR\">Ubi caritas et amor, Ubi caritas, Deus ibi est<\/span><\/span><\/span><\/p>\n<ul>\n<li>\n<p>Le Christ appelle son Eglise \u00e0 c\u00e9l\u00e9brer l\u2019Eucharistie jusqu\u2019\u00e0 son retour.<br \/>Merci Seigneur pour toutes les fois o\u00f9 nous pouvons c\u00e9l\u00e9brer l&rsquo;Eucharistie.<br \/>Nous te prions pour les pr\u00eatres. Nous te prions pour les jeunes se pr\u00e9parant au sacerdoce et pour que chaque jeune discerne sa vocation. Que ton amour et ta charit\u00e9 soient pr\u00e9sents au coeur de chaque vocation.<\/p>\n<\/li>\n<\/ul>\n<ul>\n<li>\n<p>Le Christ s\u2019agenouille devant l\u2019homme.<br \/>Merci Seigneur pour tous ceux qui se mettent au service de la cit\u00e9.<br \/>P\u00e8re, nous te prions pour tous ceux qui d\u00e9tiennent l&rsquo;autorit\u00e9 politique, \u00e9conomique et scientifique. Que ton amour et ta charit\u00e9 alimentent leurs d\u00e9cisions.<\/p>\n<\/li>\n<li>\n<p>Le Christ s\u2019est offert pour sauver l\u2019humanit\u00e9.<br \/>Merci Seigneur pour tous ceux qui viennent en aide aux plus petits, aux plus d\u00e9munis, ceux frapp\u00e9s par la mis\u00e8re mat\u00e9rielle, morale ou spirituelle.<br \/>P\u00e8re, b\u00e9nis-les, soutiens-les, et que ton amour et ta charit\u00e9 leur donne la gr\u00e2ce de toujours regarder et agir \u00e0 ton exemple<\/p>\n<\/li>\n<\/ul>\n<p><span style=\"color: #cc0000\"><span style=\"font-family: Times New Roman, serif\"><span style=\"font-size: small\"><span lang=\"fr-FR\">Chacun pourra ensuite poursuivre avec des intentions personnelles de pri\u00e8re.<\/span><\/span><\/span><\/span><\/p>\n<p><span style=\"color: #cc0000\"><span style=\"font-family: Times New Roman, serif\"><span style=\"font-size: small\"><span lang=\"fr-FR\">G\u00a0<\/span><\/span><\/span><\/span><span lang=\"fr-FR\">: Dieu notre P\u00e8re, accueille nos pri\u00e8res de ce jour, par ton fils, le Christ, notre Seigneur qui se donne \u00e0 toi, qui se donne \u00e0 nous. <br \/><\/span><span lang=\"fr-FR\"><b>Amen<\/b><\/span><span lang=\"fr-FR\">.<\/span><\/p>\n<h5 class=\"western\"><span style=\"color: #996600\">Notre P\u00e8re<\/span><\/h5>\n<p><span style=\"color: #cc0000\"><span style=\"font-family: Times New Roman, serif\"><span style=\"font-size: small\"><span lang=\"fr-FR\">G\u00a0:<\/span><\/span><\/span><\/span><span lang=\"fr-FR\"> Unis \u00e0 tous ceux qui, \u00e0 travers le monde, font m\u00e9moire du dernier repas de J\u00e9sus, nous pouvons dire en toute confiance les mots qu&rsquo;il nous a donn\u00e9s pour prier : <\/span><\/p>\n<p align=\"CENTER\"><span lang=\"fr-FR\"><b>Notre P\u00e8re, qui es aux cieux, <br \/>que ton nom soit sanctifi\u00e9,<br \/>que ton r\u00e8gne vienne,<br \/>que ta volont\u00e9 soit faite sur la terre comme au ciel.<br \/>Donne-nous aujourd&rsquo;hui notre pain de ce jour.<br \/><\/b><\/span><b> <\/b><span lang=\"fr-FR\"><b>Pardonne-nous nos offenses,<br \/>comme nous pardonnons aussi \u00e0 ceux qui nous ont offens\u00e9s.<br \/>Et ne nous laisse pas entrer en tentation<br \/>mais d\u00e9livre-nous du Mal.<br \/>Amen<\/b><\/span><\/p>\n<p><span style=\"color: #cc0000\"><span style=\"font-family: Times New Roman, serif\"><span style=\"font-size: small\"><span lang=\"fr-FR\">Nous pouvons poursuivre\u00a0: <\/span><\/span><\/span><\/span><span lang=\"fr-FR\">D\u00e9livre-nous de tout mal Seigneur et donne la paix \u00e0 notre temps. Par ta mis\u00e9ricorde lib\u00e8re-nous du p\u00e9ch\u00e9, rassure-nous devant les \u00e9preuves en cette vie o\u00f9 nous esp\u00e9rons le bonheur que tu promets dans la venue de J\u00e9sus-Christ notre Sauveur.<br \/>Car c&rsquo;est \u00e0 Toi qu&rsquo;appartiennent le R\u00e8gne, la Puissance et la Gloire pour les si\u00e8cles des si\u00e8cles.<br \/><\/span><b>Amen<\/b><\/p>\n<h5 class=\"western\"><span style=\"color: #996600\">Pri\u00e8re de communion spirituelle<\/span><\/h5>\n<p><span style=\"color: #cc0000\"><span style=\"font-family: Times New Roman, serif\"><span style=\"font-size: small\"><span lang=\"fr-FR\">G : <\/span><\/span><\/span><\/span><span lang=\"fr-FR\">Nous aurions aim\u00e9 communier en ce soir de la C\u00e8ne, faisons monter cette pri\u00e8re\u00a0:<\/span><\/p>\n<p align=\"CENTER\"><span style=\"color: #543800\"><span style=\"font-family: Delius\"><span style=\"font-size: medium\"><span lang=\"fr-FR\">Seigneur J\u00e9sus, je crois \u00e0 ta v\u00e9ritable pr\u00e9sence dans le pain et dans le vin consacr\u00e9s.<br \/>Je t&rsquo;aime toi le Seigneur de ma vie.<br \/>Je d\u00e9sire profond\u00e9ment r\u00e9pondre \u00e0 ton invitation, <\/span><span lang=\"fr-FR\"><br \/><\/span><span lang=\"fr-FR\">communier, te recevoir au plus intime de ma vie.<br \/>Je ne peux maintenant te recevoir sacramentellement.<br \/>Viens Seigneur habiter spirituellement ma vie.<br \/>J&rsquo;ai faim de ton amour, j&rsquo;ai faim de ta vie donn\u00e9e pour nourrir toute ma vie.<br \/>Au jour le jour que j&rsquo;apprenne de toi \u00e0 donner ma vie, \u00e0 aimer.<br \/>Oui, Seigneur J\u00e9sus que je demeure fid\u00e8le \u00e0 ton commandement <\/span><span lang=\"fr-FR\"><br \/><\/span><span lang=\"fr-FR\">et que jamais je ne sois s\u00e9par\u00e9 de toi. <br \/><\/span><span lang=\"fr-FR\"><b>Amen<\/b><\/span><\/span><\/span><\/span><\/p>\n<p><span style=\"color: #cc0000\"><span style=\"font-family: Times New Roman, serif\"><span style=\"font-size: small\"><span lang=\"fr-FR\">Cette pri\u00e8re est suivie d&rsquo;un bon moment de silence, de communion spirituelle.<\/span><\/span><\/span><\/span><\/p>\n<p><span style=\"color: #cc0000\"><span style=\"font-family: Times New Roman, serif\"><span style=\"font-size: small\"><span lang=\"fr-FR\">Puis le ou la plus ancien(ne) b\u00e9nit le repas que vous allez partager ensemble :<br \/><\/span><\/span><\/span><\/span>En ce soir de la C\u00e8ne, sois b\u00e9ni Dieu notre P\u00e8re pour tous tes bienfaits,<br \/><span lang=\"fr-FR\">Sois b\u00e9ni pour J\u00e9sus, le pain de vie que tu nous offres, sois b\u00e9ni pour le repas que nous allons maintenant partager ensemble garde unis les uns aux autres dans ton amiti\u00e9 et la joie de l&rsquo;\u00c9vangile<br \/><\/span><span lang=\"fr-FR\"><b>Amen<\/b><\/span><\/p>\n<p><span style=\"color: #cc0000\"><span style=\"font-family: Times New Roman, serif\"><span style=\"font-size: small\"><span lang=\"fr-FR\">Nous faisons le signe de la croix. Puis vous partagez maintenant le repas. Bon app\u00e9tit.<\/span><\/span><\/span><\/span><\/p>\n<p>\u00a0<\/p>\n<table style=\"border-collapse: collapse;width: 100%\">\n<tbody>\n<tr>\n<td style=\"width: 50%;border-style: solid;border-color: #996600;background-color: #faf6b1\">\n<h3 class=\"western\" style=\"text-align: center\"><strong><span style=\"color: #808080\">Et aussi&#8230;<\/span><\/strong><\/h3>\n<\/td>\n<\/tr>\n<\/tbody>\n<\/table>\n<h5 class=\"western\"><span style=\"color: #996600\">Vivre en \u00c9glise et faire vivre l\u2019\u00c9glise<\/span><\/h5>\n<p><span lang=\"fr-FR\">N\u2019oublions pas de participer \u00e9galement \u00e0 la vie financi\u00e8re de notre paroisse\u00a0: par l\u2019application la Qu\u00eate <\/span><span style=\"color: #000080;background-color: #ccffff\"><span lang=\"zxx\"><u><a class=\"western\" style=\"background-color: #ccffff\" href=\"https:\/\/www.appli-laquete.fr\/\"><span lang=\"fr-FR\">https:\/\/www.appli-laquete.fr\/<\/span><\/a><\/u><\/span><\/span><span lang=\"fr-FR\">, en ligne <\/span><span style=\"color: #000080;background-color: #ccffff\"><span lang=\"zxx\"><u><a class=\"western\" style=\"background-color: #ccffff\" href=\"https:\/\/donner.catholique.fr\/quete-v2\/~mon-don?_cv=1quete.catholique.fr\" target=\"_blank\" rel=\"noopener\"><span lang=\"fr-FR\">https:\/\/donner.catholique.fr\/quete-v2\/~mon-don?_cv=1quete.catholique.fr<\/span><\/a><\/u><\/span><\/span><span lang=\"fr-FR\"> ou bien en faisant parvenir directement \u00e0 la paroisse notre participation.<\/span><\/p>\n<h5 class=\"western\"><span style=\"color: #996600\">Chants du synode<\/span><\/h5>\n<p><span lang=\"fr-FR\">Les chants du synode peuvent aussi participer \u00e0 notre pri\u00e8re, en particulier en ce dimanche des Rameaux et de la Passion du Christ\u00a0: <\/span><span style=\"color: #2a6099\"><span style=\"font-family: Calibri, sans-serif\"><span lang=\"fr-FR\">\u266a Peuple de Dieu, va sur ton chemin<\/span><\/span><\/span><span lang=\"fr-FR\">, couplet 4 et 6 ou <\/span><span style=\"color: #2a6099\"><span style=\"font-family: Calibri, sans-serif\"><span lang=\"fr-FR\">\u266a<\/span><\/span><\/span><span style=\"color: #2a6099\"><span style=\"font-family: Calibri, sans-serif\"><span lang=\"fr-FR\">\u00a0<\/span><\/span><\/span><span style=\"color: #2a6099\"><span style=\"font-family: Calibri, sans-serif\"><span lang=\"fr-FR\">Prenons soin les uns de autres<\/span><\/span><\/span><span lang=\"fr-FR\">, couplet 4.<\/span><\/p>\n<p><span style=\"color: #2a6099\"><span style=\"font-family: Calibri, sans-serif\"><span lang=\"fr-FR\">\u266a Prenons soin les uns de autres<\/span><\/span><\/span><span lang=\"fr-FR\">\u00a0<\/span>(<span style=\"background-color: #ccffff\"><a style=\"background-color: #ccffff\" href=\"https:\/\/evry.catholique.fr\/wp-content\/uploads\/2020\/09\/Prenons-soin-les-uns-des-autres-paroles.pdf\" rel=\"noopener\">Paroles<\/a><\/span>\u00a0&amp;\u00a0<span style=\"background-color: #ccffff\"><a style=\"background-color: #ccffff\" href=\"https:\/\/youtu.be\/sUqFbYHsRes\" rel=\"noopener\">Musique<\/a><\/span>)<br \/><span lang=\"fr-FR\"><span style=\"color: #2a6099\">\u266a<\/span> <span style=\"color: #2a6099\"><span style=\"font-family: Calibri, sans-serif\">Peuple de Dieu, va sur ton chemin<\/span><\/span> <\/span>(<span style=\"background-color: #ccffff\"><a style=\"background-color: #ccffff\" href=\"https:\/\/evry.catholique.fr\/wp-content\/uploads\/2020\/09\/Peuple-de-Dieu-va-sur-ton-chemin-paroles.pdf\" rel=\"noopener\">Paroles<\/a><\/span>\u00a0&amp;\u00a0<span style=\"background-color: #ccffff\"><a style=\"background-color: #ccffff\" href=\"https:\/\/youtu.be\/ZHje-NOe3b4\" rel=\"noopener\">Musique<\/a><\/span>)<\/p>\n","protected":false},"excerpt":{"rendered":"","protected":false},"author":2,"featured_media":4674,"comment_status":"closed","ping_status":"closed","sticky":false,"template":"","format":"standard","meta":{"kt_blocks_editor_width":"","footnotes":""},"categories":[7,30],"tags":[4,23,29,38],"_links":{"self":[{"href":"https:\/\/eglise-catholique-valdorge.fr\/index.php?rest_route=\/wp\/v2\/posts\/4673"}],"collection":[{"href":"https:\/\/eglise-catholique-valdorge.fr\/index.php?rest_route=\/wp\/v2\/posts"}],"about":[{"href":"https:\/\/eglise-catholique-valdorge.fr\/index.php?rest_route=\/wp\/v2\/types\/post"}],"author":[{"embeddable":true,"href":"https:\/\/eglise-catholique-valdorge.fr\/index.php?rest_route=\/wp\/v2\/users\/2"}],"replies":[{"embeddable":true,"href":"https:\/\/eglise-catholique-valdorge.fr\/index.php?rest_route=%2Fwp%2Fv2%2Fcomments&post=4673"}],"version-history":[{"count":16,"href":"https:\/\/eglise-catholique-valdorge.fr\/index.php?rest_route=\/wp\/v2\/posts\/4673\/revisions"}],"predecessor-version":[{"id":4701,"href":"https:\/\/eglise-catholique-valdorge.fr\/index.php?rest_route=\/wp\/v2\/posts\/4673\/revisions\/4701"}],"wp:featuredmedia":[{"embeddable":true,"href":"https:\/\/eglise-catholique-valdorge.fr\/index.php?rest_route=\/wp\/v2\/media\/4674"}],"wp:attachment":[{"href":"https:\/\/eglise-catholique-valdorge.fr\/index.php?rest_route=%2Fwp%2Fv2%2Fmedia&parent=4673"}],"wp:term":[{"taxonomy":"category","embeddable":true,"href":"https:\/\/eglise-catholique-valdorge.fr\/index.php?rest_route=%2Fwp%2Fv2%2Fcategories&post=4673"},{"taxonomy":"post_tag","embeddable":true,"href":"https:\/\/eglise-catholique-valdorge.fr\/index.php?rest_route=%2Fwp%2Fv2%2Ftags&post=4673"}],"curies":[{"name":"wp","href":"https:\/\/api.w.org\/{rel}","templated":true}]}}