{"id":4702,"date":"2021-04-02T09:00:00","date_gmt":"2021-04-02T07:00:00","guid":{"rendered":"https:\/\/eglise-catholique-valdorge.fr\/?p=4702"},"modified":"2021-05-28T15:00:40","modified_gmt":"2021-05-28T13:00:40","slug":"liturgie-familiale-du-vendredi-saint-secteur-du-val-dorge-2-avril-2021","status":"publish","type":"post","link":"https:\/\/eglise-catholique-valdorge.fr\/?p=4702","title":{"rendered":"Liturgie familiale du <strong>Vendredi saint<\/strong> \u2013 Secteur du Val d&rsquo;Orge \u2013 2 avril 2021"},"content":{"rendered":"\n<table style=\"border-collapse: collapse;width: 100%\">\n<tbody>\n<tr>\n<td style=\"width: 100%;border-style: solid;border-color: #2b2b2b;background-color: #ababab;text-align: center\"><span style=\"color: #999999\"><span style=\"font-size: xx-large\"><span style=\"color: #1c1c1c\"><span style=\"font-size: x-large\"><b>SECTEUR DU VAL D&rsquo;ORGE<\/b><\/span><\/span><b><br \/><\/b><span style=\"color: #990000\"><b>Liturgie familiale du Vendredi Saint<br \/>C\u00e9l\u00e9bration de la Passion de notre Seigneur<\/b><\/span><b><br \/><\/b><span style=\"color: #1c1c1c\"><span style=\"font-size: x-large\"><b>2<\/b><\/span><\/span><\/span><\/span><span style=\"color: #1c1c1c\"><b> <\/b><span style=\"font-size: xx-large\"><span style=\"font-size: x-large\"><b>avri<\/b><\/span><\/span><\/span><span style=\"color: #999999\"><span style=\"font-size: xx-large\"><span style=\"color: #1c1c1c\"><span style=\"font-size: x-large\"><b>l 2021<\/b><\/span><\/span><\/span><\/span><\/td>\n<\/tr>\n<\/tbody>\n<\/table>\n<p align=\"CENTER\">\u00a0<\/p>\n<table style=\"border-collapse: collapse;width: 100%;height: 23px\">\n<tbody>\n<tr style=\"height: 23px;border-color: #1c1c1c;background-color: #bababa\">\n<td style=\"width: 100%;height: 23px;border-color: #990000;border-style: solid\">\n<h3 class=\"western\" style=\"text-align: center\">Pr\u00e9paration<\/h3>\n<\/td>\n<\/tr>\n<\/tbody>\n<\/table>\n<p lang=\"fr-FR\">Peut-\u00eatre il ne vous est pas possible de rejoindre notre communaut\u00e9 paroissiale pour c\u00e9l\u00e9brer l&rsquo;office du Vendredi Saint. Voici une proposition pour c\u00e9l\u00e9brer \u00e0 la maison, que vous soyez seul ou en famille, n&rsquo;h\u00e9sitez pas \u00e0 l&rsquo;adapter.<\/p>\n<p lang=\"fr-FR\"><i>Commen\u00e7ons par pr\u00e9parer l&rsquo;endroit o\u00f9 nous allons prier\u00a0: en ce jour du vendredi saint nous allons prier devant un crucifix ou une croix qui sera voil\u00e9(e) \u2013 en signe de deuil \u2013 Votre espace pri\u00e8re comprendra \u00e9galement une bougie \u00e9teinte et une bible ou un nouveau testament sera ouvert \u00e0 la page de l&rsquo;\u00e9vangile de St Jean. Le lieu sera sobre, d\u00e9pouill\u00e9.<\/i><\/p>\n<p><span lang=\"fr-FR\">Si vous \u00eates plusieurs, vous d\u00e9signez celui ou celle qui va guider la pri\u00e8re (d\u00e9sign\u00e9 ensuite par G), par exemple, le p\u00e8re ou la m\u00e8re de famille ou le(la) plus ancien(ne).<\/span><span style=\"color: #cc0000\"><span style=\"font-family: Times New Roman, serif\"><span style=\"font-size: small\"><span lang=\"fr-FR\"><br \/>Les indications sur comment faire ou qui doit faire sont en rouge.<br \/><\/span><\/span><\/span><\/span><span lang=\"fr-FR\"><b>En gras<\/b><\/span><span lang=\"fr-FR\"> figurent les textes \u00e0 dire par tout le monde. <\/span><span lang=\"fr-FR\">Les liens apparaissent en surlign\u00e9s.<\/span> <span style=\"color: #2a6099\"><span style=\"font-family: Calibri, sans-serif\"><span lang=\"fr-FR\">Les chants sont indiqu\u00e9s par une petite note de musique\u00a0: \u266a<\/span><\/span><\/span><\/p>\n<p><span lang=\"fr-FR\"><i>S&rsquo;il y a des chanteurs et des musiciens \u00e0 la maison, ils peuvent participer en pr\u00e9parant un chant ou deux, par exemple :\u00a0<\/i><\/span><span style=\"color: #2a6099\">\u266a <\/span><span style=\"color: #2a6099\"><span style=\"font-family: Calibri, sans-serif\"><span lang=\"fr-FR\">Entre Tes mains X923\/P160, \u266a Fais para\u00eetre ton jour HY53\/Y53, \u266a Fils d&rsquo;homme X890\/T133, \u266a \u00d4 Croix dress\u00e9e sur le monde H30<\/span><\/span><\/span><\/p>\n<table style=\"border-collapse: collapse;width: 100%\">\n<tbody>\n<tr>\n<td style=\"width: 100%;border-style: solid;border-color: #990000;background-color: #bababa\">\n<h3 class=\"western\" style=\"text-align: center\">Liturgie familiale<\/h3>\n<\/td>\n<\/tr>\n<\/tbody>\n<\/table>\n<p><span style=\"color: #cc0000\"><span style=\"font-family: Times New Roman, serif\"><span style=\"font-size: small\"><span lang=\"fr-FR\">La c\u00e9l\u00e9bration de ce jour commence dans le silence, en contemplant la croix.<\/span><\/span><\/span><\/span><\/p>\n<p><span style=\"color: #cc0000\"><span style=\"font-family: Times New Roman, serif\"><span style=\"font-size: small\"><span lang=\"fr-FR\">G\u00a0: <\/span><\/span><\/span><\/span><span lang=\"fr-FR\">Dieu notre P\u00e8re, nous voici rassembl\u00e9s pour contempler la Passion et la mort de J\u00e9sus, ton Fils bien-aim\u00e9, ton parfait Serviteur. <br \/>Par amour pour nous, il a voulu partager la vie humaine jusque dans ce qu&rsquo;elle a de plus dur\u00a0; il a connu le temps de l&rsquo;\u00e9chec et de l&rsquo;incompr\u00e9hension, l&rsquo;abandon de l&rsquo;ami et la tentation du d\u00e9sespoir.<br \/>Accorde-nous de d\u00e9couvrir en lui ton amour sans mesure pour les p\u00e9cheurs que nous sommes; apprends-nous \u00e0 mettre nos pas dans les siens\u00a0: qu&rsquo;en partageant sa fid\u00e9lit\u00e9 jusque dans la mort, nous passions avec lui dans la vie nouvelle. A toi notre louange aujourd&rsquo;hui et pour les si\u00e8cles des si\u00e8cles. <\/span><span lang=\"fr-FR\"><b><br \/>Amen<\/b><\/span><\/p>\n<h5 class=\"western\">Premi\u00e8re lecture<\/h5>\n<p><span style=\"color: #cc0000\"><span style=\"font-family: Times New Roman, serif\"><span style=\"font-size: small\"><span lang=\"fr-FR\">G\u00a0:<\/span><\/span><\/span><\/span><span lang=\"fr-FR\"> Isa\u00efe nous relate les souffrances endur\u00e9es par un serviteur souffrant. Comment ne pas y reconna\u00eetre plusieurs annonces de la Passion de J\u00e9sus et de son rel\u00e8vement par Dieu, son P\u00e8re\u00a0?<\/span><\/p>\n<p><span lang=\"fr-FR\"><span style=\"background-color: #ffff99\"><a style=\"background-color: #ffff99\" href=\"https:\/\/www.aelf.org\/2021-04-02\/romain\/messe#messe1_lecture1\" target=\"_blank\" rel=\"noopener\"><span style=\"background-color: #ccffff\">Lecture du livre du proph\u00e8te Isa\u00efe<\/span><\/a><\/span> (52, 13 \u2013 53, 12)<br \/><\/span><span lang=\"fr-FR\"><i>\u00ab C\u2019est \u00e0 cause de nos fautes qu\u2019il a \u00e9t\u00e9 broy\u00e9 \u00bb<\/i><\/span><\/p>\n<h5 class=\"western\">Psaume<\/h5>\n<p><span lang=\"fr-FR\"><span style=\"background-color: #ffff99\"><a style=\"background-color: #ffff99\" href=\"https:\/\/www.aelf.org\/2021-04-02\/romain\/messe#messe1_lecture2\" target=\"_blank\" rel=\"noopener\"><span style=\"background-color: #ccffff\">Psaume 30<\/span><\/a><\/span> (31), 2ab.6, 12, 13-14ad, 15-16, 17.25<br \/><\/span><span style=\"color: #2a6099\"><span style=\"font-family: Calibri, sans-serif\"><span lang=\"fr-FR\">\u266a \u00d4 P\u00e8re, en tes mains je remets mon esprit.<\/span><\/span><\/span><span lang=\"fr-FR\"><br \/><\/span><\/p>\n<h5 class=\"western\">Deuxi\u00e8me lecture<\/h5>\n<p><span style=\"color: #cc0000\"><span style=\"font-family: Times New Roman, serif\"><span style=\"font-size: small\"><span lang=\"fr-FR\">G\u00a0:<\/span><\/span><\/span><\/span><span lang=\"fr-FR\"> .Dans ce passage de la lettre aux H\u00e9breux, l&rsquo;auteur donne sens \u00e0 la souffrance endur\u00e9e par le Christ\u2009: celui qui a port\u00e9 nos souffrances et nos p\u00e9ch\u00e9s est cause de notre salut. C\u2019est par lui que nous sommes sauv\u00e9s, sa mort nous ouvre la vie.<\/span><\/p>\n<p><span lang=\"fr-FR\"><a href=\"https:\/\/www.aelf.org\/2021-04-02\/romain\/messe#messe1_lecture3\" target=\"_blank\" rel=\"noopener\"><span style=\"background-color: #ccffff\">Lecture de la lettre aux H\u00e9breux<\/span><\/a> (He 4, 14-16 ; 5, 7-9)<br \/><\/span><span lang=\"fr-FR\"><i>Il apprit l\u2019ob\u00e9issance et il est devenu pour tous ceux qui lui ob\u00e9issent la cause du salut \u00e9ternel<\/i><\/span><\/p>\n<h5 class=\"western\">Passion de notre Seigneur J\u00e9sus Christ<\/h5>\n<p><span style=\"color: #cc0000\"><span style=\"font-family: Times New Roman, serif\"><span style=\"font-size: small\"><span lang=\"fr-FR\">La proclamation de la Passion peut \u2013 si cela est possible \u2013 se faire sous forme de lecture dialogu\u00e9e. <br \/>Les sigles d\u00e9signant les divers interlocuteurs sont les suivants X = J\u00e9sus ; L = Lecteur ; D = Disciples et amis ; F = Foule\u00a0; A = Autres personnages.<\/span><\/span><\/span><\/span><\/p>\n<p><span style=\"color: #cc0000\"><span style=\"font-family: Times New Roman, serif\"><span style=\"font-size: small\"><span lang=\"fr-FR\">G :<\/span><\/span><\/span><\/span><span lang=\"fr-FR\"> Le r\u00e9cit de la Passion que nous allons prendre est bien plus qu&rsquo;une chronique judiciaire : ce r\u00e9cit nous fait d\u00e9couvrir la pr\u00e9sence du Dieu sauveur, qui n\u2019a abandonn\u00e9 ni son Fils, ni l&rsquo;humanit\u00e9. <\/span><\/p>\n<p><span style=\"color: #cc0000\"><span style=\"font-family: Times New Roman, serif\"><span style=\"font-size: small\"><span lang=\"fr-FR\">Acclamons l&rsquo;\u00e9vangile\u00a0: <\/span><\/span><\/span><\/span><span style=\"color: #2a6099\"><span style=\"font-family: Calibri, sans-serif\"><span lang=\"fr-FR\">\u266a Le Christ s\u2019est an\u00e9anti, prenant la condition de serviteur. <br \/><\/span><\/span><\/span><span style=\"color: #cc0000\"><span style=\"font-family: Times New Roman, serif\"><span style=\"font-size: small\"><span lang=\"fr-FR\">G\u00a0:<\/span><\/span><\/span><\/span> <span lang=\"fr-FR\">Pour nous, le Christ est devenu ob\u00e9issant, jusqu\u2019\u00e0 la mort, et la mort de la croix. C\u2019est pourquoi Dieu l\u2019a exalt\u00e9 : il l\u2019a dot\u00e9 du Nom qui est au-dessus de tout nom.<\/span><\/p>\n<p><span style=\"color: #cc0000\"><span style=\"font-family: Times New Roman, serif\"><span style=\"font-size: small\"><span lang=\"fr-FR\">Lentement, et l&rsquo;on peut entrecouper ce r\u00e9cit de pauses \u00a0: <\/span><\/span><\/span><\/span><span lang=\"fr-FR\"><span style=\"background-color: #ccffff\"><a style=\"background-color: #ccffff\" href=\"https:\/\/www.aelf.org\/2021-04-02\/romain\/messe#messe1_lecture4\" target=\"_blank\" rel=\"noopener\">La Passion de notre Seigneur J\u00e9sus Christ selon saint Jean<\/a><\/span> (Jn 18, 1 \u2013 19, 42)<\/span><\/p>\n<p><span style=\"color: #cc0000\"><span style=\"font-family: Times New Roman, serif\"><span style=\"font-size: small\">Apr\u00e8s la lecture de la Passion, prenons un temps de silence<\/span><\/span><\/span><\/p>\n<h5 class=\"western\">Pri\u00e8re universelle<\/h5>\n<p><span style=\"color: #cc0000\"><span style=\"font-family: Times New Roman, serif\"><span style=\"font-size: small\"><span lang=\"fr-FR\">Le Vendredi Saint est le jour o\u00f9 les chr\u00e9tiens partagent une pri\u00e8re universelle tr\u00e8s d\u00e9velopp\u00e9e. Chaque intention sera suivie d&rsquo;un temps de silence.<\/span><\/span><\/span><\/span><\/p>\n<ul>\n<li>\n<p><span lang=\"fr-FR\"><b>Prions pour la sainte Eglise de Dieu :<\/b><\/span><span lang=\"fr-FR\"><br \/>que le Christ lui donne la paix et l&rsquo;unit\u00e9 et la garde in\u00e9branlable dans la foi pour proclamer le nom du P\u00e8re.<\/span><\/p>\n<\/li>\n<li>\n<p><span lang=\"fr-FR\"><b>Prions pour notre saint P\u00e8re le pape Fran\u00e7ois,<\/b><\/span><span lang=\"fr-FR\"><br \/>que le Seigneur le garde sain et sauf pour conduire le peuple de Dieu.<\/span><\/p>\n<\/li>\n<li>\n<p><span lang=\"fr-FR\"><b>Prions pour notre \u00e9v\u00eaque Michel, pour tous les \u00e9v\u00eaques, les pr\u00eatres, les diacres, ceux qui remplissent des minist\u00e8res dans l&rsquo;Eglise et l&rsquo;ensemble du peuple des croyants.<\/b><\/span><span lang=\"fr-FR\"><br \/>Que tous, par le don de ta gr\u00e2ce, servent Dieu avec fid\u00e9lit\u00e9. <\/span><\/p>\n<\/li>\n<li>\n<p><span lang=\"fr-FR\"><b>Prions pour les cat\u00e9chum\u00e8nes :<\/b><\/span><span lang=\"fr-FR\"><br \/>Que J\u00e9sus Christ notre Seigneur ouvre leur intelligence et leur c\u0153ur et les accueille dans sa mis\u00e9ricorde. Qu&rsquo;ils renaissent \u00e0 la source du bapt\u00eame et prennent place \u00e0 la table de Dieu.<\/span><\/p>\n<\/li>\n<li>\n<p><span lang=\"fr-FR\"><b>Prions pour les chr\u00e9tiens de toutes confessions.<\/b><\/span><span lang=\"fr-FR\"><br \/>Que le Seigneur les garde dans l&rsquo;unit\u00e9 de son amour et le m\u00eame t\u00e9moignage de l&rsquo;Evangile.<\/span><\/p>\n<\/li>\n<li>\n<p><span lang=\"fr-FR\"><b>Prions pour nos fr\u00e8res juifs \u00e0 qui Dieu a parl\u00e9 en premier.<\/b><\/span><span lang=\"fr-FR\"><br \/>Qu&rsquo;ils manifestent l&rsquo;Alliance de Dieu avec les hommes et s&rsquo;ouvrent au dialogue avec les autres croyants.<\/span><\/p>\n<\/li>\n<li>\n<p><span lang=\"fr-FR\"><b>Prions pour les croyants de toutes religions, pour ceux qui ne connaissent pas le Christ.<\/b><\/span><span lang=\"fr-FR\"><br \/>Que leur foi soit source d&rsquo;amour pour leurs fr\u00e8res.<\/span><\/p>\n<\/li>\n<li>\n<p><span lang=\"fr-FR\"><b>Prions pour ceux qui ne connaissent pas Dieu<\/b><\/span><span lang=\"fr-FR\"><br \/>Que ta bont\u00e9 et ta mis\u00e9ricorde, Seigneur, soient parmi eux, que leurs c\u0153urs s&rsquo;ouvrent \u00e0 ta pr\u00e9sence.<\/span><\/p>\n<\/li>\n<\/ul>\n<ul>\n<li>\n<p><span lang=\"fr-FR\"><b>Prions pour tous les \u00e9lus, pour les chefs d&rsquo;\u00c9tat et de gouvernement, pour tous les responsables des affaires publiques.<\/b><\/span><span lang=\"fr-FR\"><br \/>Que leur action soit inspir\u00e9e par la justice et le souci de la paix.<\/span><\/p>\n<\/li>\n<\/ul>\n<ul>\n<li>\n<p><span lang=\"fr-FR\"><b>Prions Dieu le P\u00e8re tout-puissant d&rsquo;avoir piti\u00e9 des hommes dans l&rsquo;\u00e9preuve\u00a0: <\/b><\/span><span lang=\"fr-FR\"><br \/>J\u00e9sus, toi qui sais ce que c\u2019est que la souffrance, accompagne-les de ta pr\u00e9sence et de ton amiti\u00e9, et apprends-nous \u00e0 \u00eatre attentifs aux personnes qui souffrent.<\/span><\/p>\n<\/li>\n<\/ul>\n<p><span style=\"color: #cc0000\"><span style=\"font-family: Times New Roman, serif\"><span style=\"font-size: small\"><span lang=\"fr-FR\">Chacun pourra ensuite poursuivre avec des intentions personnelles de pri\u00e8re.<\/span><\/span><\/span><\/span><\/p>\n<p><span style=\"color: #cc0000\"><span style=\"font-family: Times New Roman, serif\"><span style=\"font-size: small\"><span lang=\"fr-FR\">G\u00a0<\/span><\/span><\/span><\/span><span lang=\"fr-FR\">: Dieu \u00e9ternel et tout-puissant, consolation des afflig\u00e9s, force de ceux qui peinent, entends les pri\u00e8res des hommes qui t&rsquo;appellent. Quelles que soient leurs souffrances, qu&rsquo;ils aient la joie de trouver dans leurs d\u00e9tresses le secours de ta mis\u00e9ricorde. Par J\u00e9sus, le Christ, notre Seigneur.<br \/><\/span><span lang=\"fr-FR\"><b>Amen<\/b><\/span><span lang=\"fr-FR\">.<\/span><\/p>\n<h5 class=\"western\">V\u00e9n\u00e9ration de la croix<\/h5>\n<p><span style=\"color: #cc0000\"><span style=\"font-family: Times New Roman, serif\"><span style=\"font-size: small\"><span lang=\"fr-FR\">Puis vient le temps de la v\u00e9n\u00e9ration de la croix pour lequel vous allumez la bougie ou le cierge qui se trouve dans votre espace pri\u00e8re. Pendant un long temps de silence, vous contemplez la croix. Vous pouvez vous mettre \u00e0 genoux.<\/span><\/span><\/span><\/span><\/p>\n<p><span style=\"color: #cc0000\"><span style=\"font-family: Times New Roman, serif\"><span style=\"font-size: small\"><span lang=\"fr-FR\">La v\u00e9n\u00e9ration peut se faire de plusieurs mani\u00e8res : soit en d\u00e9posant un baiser sur le bois de la croix, soit en faisant une g\u00e9nuflexion ou encore une profonde inclinaison devant la croix ou le crucifix.<\/span><\/span><\/span><\/span><\/p>\n<p><span style=\"color: #cc0000\"><span style=\"font-family: Times New Roman, serif\"><span style=\"font-size: small\"><span lang=\"fr-FR\">Si votre foyer se compose de plusieurs membres, notamment des enfants, vous pouvez par exemple \u00ab\u00a0construire\u00a0\u00bb une croix avec un lumignon que chacun apporte (pr\u00e9voir au moins 5 lumignons).<\/span><\/span><\/span><\/span><\/p>\n<p><span style=\"color: #cc0000\"><span style=\"font-family: Times New Roman, serif\"><span style=\"font-size: small\"><span lang=\"fr-FR\">A la fin de la v\u00e9n\u00e9ration vous \u00e9teignez la bougie que vous aurez soin de retirer de votre espace pri\u00e8re.<\/span><\/span><\/span><\/span><\/p>\n<h5 class=\"western\">Notre P\u00e8re<\/h5>\n<p><span style=\"color: #cc0000\"><span style=\"font-family: Times New Roman, serif\"><span style=\"font-size: small\"><span lang=\"fr-FR\">G\u00a0:<\/span><\/span><\/span><\/span><span lang=\"fr-FR\"> Ensemble\u00a0: <\/span><\/p>\n<p align=\"CENTER\"><span lang=\"fr-FR\"><b>Notre P\u00e8re, qui es aux cieux, <br \/>que ton nom soit sanctifi\u00e9,<br \/>que ton r\u00e8gne vienne,<br \/>que ta volont\u00e9 soit faite sur la terre comme au ciel.<br \/>Donne-nous aujourd&rsquo;hui notre pain de ce jour.<br \/><\/b><\/span><b> <\/b><span lang=\"fr-FR\"><b>Pardonne-nous nos offenses,<br \/>comme nous pardonnons aussi \u00e0 ceux qui nous ont offens\u00e9s.<br \/>Et ne nous laisse pas entrer en tentation<br \/>mais d\u00e9livre-nous du Mal.<br \/>Amen<\/b><\/span><\/p>\n<p><span style=\"color: #cc0000\"><span style=\"font-family: Times New Roman, serif\"><span style=\"font-size: small\"><span lang=\"fr-FR\">Puis le ou la plus ancien(ne) b\u00e9nit le repas que vous allez partager ensemble : <\/span><\/span><\/span><\/span><\/p>\n<p><span lang=\"fr-FR\">Que ta b\u00e9n\u00e9diction, Seigneur, descende en abondance sur ton peuple qui a c\u00e9l\u00e9br\u00e9 la mort de ton Fils dans l\u2019esp\u00e9rance de sa propre r\u00e9surrection : Accorde-lui pardon et r\u00e9confort, augmente sa foi, assure son \u00e9ternelle r\u00e9demption.<br \/><\/span><span lang=\"fr-FR\"><b>Amen<\/b><\/span><\/p>\n<p><span style=\"color: #cc0000\"><span style=\"font-family: Times New Roman, serif\"><span style=\"font-size: small\"><span lang=\"fr-FR\">Nous faisons le signe de la croix. <\/span><\/span><\/span><\/span><\/p>\n<table style=\"border-collapse: collapse;width: 100%\">\n<tbody>\n<tr>\n<td style=\"width: 100%;border-style: solid;border-color: #990000;background-color: #bababa\">\n<h3 class=\"western\" style=\"text-align: center\">Et aussi&#8230; L&rsquo;Eglise en Terre Sainte<\/h3>\n<\/td>\n<\/tr>\n<\/tbody>\n<\/table>\n<p lang=\"fr-FR\">Chaque ann\u00e9e, dans le monde entier, une qu\u00eate imp\u00e9r\u00e9e soutient nos fr\u00e8res et s\u0153urs chr\u00e9tiens de Terre Sainte. N&rsquo;h\u00e9sitez pas \u00e0 faire parvenir votre don \u00e0 la paroisse.<\/p>\n<p><span lang=\"fr-FR\"><a class=\"western\" href=\"https:\/\/vendredisaint.franciscains.fr\/wp-content\/uploads\/2021\/03\/75010-2021-03-Journal-BD.pdf\">https:\/\/vendredisaint.franciscains.fr\/wp-content\/uploads\/2021\/03\/75010-2021-03-Journal-BD.pdf<\/a> <\/span><\/p>\n","protected":false},"excerpt":{"rendered":"","protected":false},"author":2,"featured_media":4704,"comment_status":"closed","ping_status":"closed","sticky":false,"template":"","format":"standard","meta":{"kt_blocks_editor_width":"","footnotes":""},"categories":[7,30],"tags":[4,23,29,38],"_links":{"self":[{"href":"https:\/\/eglise-catholique-valdorge.fr\/index.php?rest_route=\/wp\/v2\/posts\/4702"}],"collection":[{"href":"https:\/\/eglise-catholique-valdorge.fr\/index.php?rest_route=\/wp\/v2\/posts"}],"about":[{"href":"https:\/\/eglise-catholique-valdorge.fr\/index.php?rest_route=\/wp\/v2\/types\/post"}],"author":[{"embeddable":true,"href":"https:\/\/eglise-catholique-valdorge.fr\/index.php?rest_route=\/wp\/v2\/users\/2"}],"replies":[{"embeddable":true,"href":"https:\/\/eglise-catholique-valdorge.fr\/index.php?rest_route=%2Fwp%2Fv2%2Fcomments&post=4702"}],"version-history":[{"count":9,"href":"https:\/\/eglise-catholique-valdorge.fr\/index.php?rest_route=\/wp\/v2\/posts\/4702\/revisions"}],"predecessor-version":[{"id":4712,"href":"https:\/\/eglise-catholique-valdorge.fr\/index.php?rest_route=\/wp\/v2\/posts\/4702\/revisions\/4712"}],"wp:featuredmedia":[{"embeddable":true,"href":"https:\/\/eglise-catholique-valdorge.fr\/index.php?rest_route=\/wp\/v2\/media\/4704"}],"wp:attachment":[{"href":"https:\/\/eglise-catholique-valdorge.fr\/index.php?rest_route=%2Fwp%2Fv2%2Fmedia&parent=4702"}],"wp:term":[{"taxonomy":"category","embeddable":true,"href":"https:\/\/eglise-catholique-valdorge.fr\/index.php?rest_route=%2Fwp%2Fv2%2Fcategories&post=4702"},{"taxonomy":"post_tag","embeddable":true,"href":"https:\/\/eglise-catholique-valdorge.fr\/index.php?rest_route=%2Fwp%2Fv2%2Ftags&post=4702"}],"curies":[{"name":"wp","href":"https:\/\/api.w.org\/{rel}","templated":true}]}}