{"id":4713,"date":"2021-04-03T09:00:00","date_gmt":"2021-04-03T07:00:00","guid":{"rendered":"https:\/\/eglise-catholique-valdorge.fr\/?p=4713"},"modified":"2021-05-28T15:00:45","modified_gmt":"2021-05-28T13:00:45","slug":"liturgie-familiale-du-celebration-de-la-paque-secteur-du-val-dorge-3-avril-2021","status":"publish","type":"post","link":"https:\/\/eglise-catholique-valdorge.fr\/?p=4713","title":{"rendered":"Liturgie familiale du <strong>C\u00e9l\u00e9bration de la P\u00e2que<\/strong> \u2013 Secteur du Val d&rsquo;Orge \u2013 3 avril 2021"},"content":{"rendered":"\n<table style=\"height: 23px;width: 100%;border-collapse: collapse;border-color: #996600;border-style: solid;background-color: #faf684\">\n<tbody>\n<tr style=\"height: 23px\">\n<td style=\"width: 100%;height: 23px;text-align: center\">\n<h2><span style=\"color: #999999\"><span style=\"font-size: x-large\"><span lang=\"fr-FR\"><b>SECTEUR DU VAL D&rsquo;ORGE\u00a0<\/b><\/span><\/span><\/span><\/h2>\n<span style=\"color: #996600\"><span style=\"color: #996600\"><span style=\"font-size: xx-large\"><span lang=\"fr-FR\"><b>Liturgie familiale<br \/><\/b><\/span><\/span><\/span><\/span>\n<p align=\"CENTER\"><span style=\"color: #996600\"><span style=\"font-size: xx-large\"><span lang=\"fr-FR\"><b>C\u00e9l\u00e9bration de la P\u00e2que<\/b><\/span><\/span><\/span><\/p>\n<h2><span style=\"color: #999999\"><span style=\"font-size: x-large\"><span lang=\"fr-FR\"><b>3 avril 2021\u00a0\u00a0<\/b><\/span><\/span><\/span><\/h2>\n<\/td>\n<\/tr>\n<\/tbody>\n<\/table>\n<p align=\"CENTER\">\u00a0<\/p>\n<h3 class=\"western\" style=\"text-align: center\">Pr\u00e9paration<\/h3>\n<p lang=\"fr-FR\">Peut-\u00eatre il ne vous est pas possible de rejoindre notre communaut\u00e9 paroissiale pour c\u00e9l\u00e9brer la messe en assembl\u00e9e dominicale.<br \/>Voici une proposition pour c\u00e9l\u00e9brer \u00e0 la maison, que vous soyez seul ou en famille, n&rsquo;h\u00e9sitez pas \u00e0 l&rsquo;adapter.<\/p>\n<p lang=\"fr-FR\"><i>Commen\u00e7ons par pr\u00e9parer l&rsquo;endroit o\u00f9 nous allons prier\u00a0: attendons que la nuit se soit install\u00e9e et qu&rsquo;il fasse noir. Sur une belle table (si possible une jolie nappe blanche, des fleurs) disposer une ic\u00f4ne ou une image de la r\u00e9surrection du Christ\u00a0: cette image est \u00e0 plat sur la table, de nombreuses bougies ou cierges (dont une pour la mettre \u00e0 la fen\u00eatre \u2013 autant de bougies\/lumignons que de lectures pour cette c\u00e9l\u00e9bration de la nuit de P\u00e2ques), et une bible ou un nouveau testament ouvert sur la page de l\u2019\u00c9vangile de la messe de la nuit.<\/i><\/p>\n<p><span lang=\"fr-FR\">Si vous \u00eates plusieurs, vous d\u00e9signez celui ou celle qui va guider la pri\u00e8re (d\u00e9sign\u00e9 ensuite par G), par exemple, le p\u00e8re ou la m\u00e8re de famille ou le(la) plus ancien(ne).<\/span><span style=\"color: #cc0000\"><span style=\"font-family: Times New Roman, serif\"><span style=\"font-size: small\"><span lang=\"fr-FR\"><br \/>Les indications sur comment faire ou qui doit faire sont en rouge.<br \/><\/span><\/span><\/span><\/span><span lang=\"fr-FR\"><b>En gras<\/b><\/span><span lang=\"fr-FR\"> figurent les textes \u00e0 dire par tout le monde. <\/span><span lang=\"fr-FR\">Les liens apparaissent en surlign\u00e9s.<\/span> <span style=\"color: #0084d1\"><span lang=\"fr-FR\">Les chants sont indiqu\u00e9s par une petite note de musique\u00a0: \u266a<\/span><\/span><\/p>\n<h3 class=\"western\" style=\"text-align: center\">Liturgie familiale<\/h3>\n<h4 class=\"western\"><span style=\"color: #996600\">Liturgie de la Lumi\u00e8re<\/span><\/h4>\n<p><span style=\"color: #cc0000\"><span style=\"font-family: Times New Roman, serif\"><span style=\"font-size: small\"><span lang=\"fr-FR\">La c\u00e9l\u00e9bration commence par un court temps de silence pour se mettre en pr\u00e9sence du Seigneur. Puis on fait le signe de la croix\u00a0: ce signe tout entier, nous enveloppe, nous marque du signe de la r\u00e9demption, est signe de l&rsquo;amour et de la mis\u00e9ricorde. Il marque la pr\u00e9sence de Dieu parmi nous et nous rappelle que, par le Christ, nous sommes tous fr\u00e8res.<\/span><\/span><\/span><\/span><\/p>\n<p><span style=\"color: #cc0000\"><span style=\"font-family: Times New Roman, serif\"><span style=\"font-size: small\"><span lang=\"fr-FR\">G\u00a0: <\/span><\/span><\/span><\/span><span lang=\"fr-FR\">En union avec notre \u00e9v\u00eaque et les chr\u00e9tiens de notre secteur, de notre dioc\u00e8se et du monde entier, tra\u00e7ons sur nous le signe de la Croix\u00a0: <\/span><\/p>\n<p align=\"CENTER\"><span lang=\"fr-FR\">AU NOM DU P\u00c8RE ET DU FILS ET DU SAINT ESPRIT. <\/span><span lang=\"fr-FR\"><b>AMEN<\/b><\/span><\/p>\n<p><span style=\"color: #cc0000\"><span style=\"font-family: Times New Roman, serif\"><span style=\"font-size: small\"><span lang=\"fr-FR\">Puis si cela est possible, allumer une bougie et la disposer \u00e0 la fen\u00eatre, en union avec tous les chr\u00e9tiens qui c\u00e9l\u00e8brent P\u00e2ques.<\/span><\/span><\/span><\/span><\/p>\n<p><span style=\"color: #cc0000\"><span style=\"font-family: Times New Roman, serif\"><span style=\"font-size: small\"><span lang=\"fr-FR\">G\u00a0:<\/span><\/span><\/span><\/span><span lang=\"fr-FR\"> Sois b\u00e9ni, Seigneur notre Dieu. Tu as donn\u00e9 aux hommes la clart\u00e9 de la vraie lumi\u00e8re en leur envoyant ton Fils J\u00e9sus. Que cette lumi\u00e8re qui brille \u00e0 notre fen\u00eatre en cette nuit de P\u00e2ques fasse de nous des foyers de lumi\u00e8re au c\u0153ur du monde. Par J\u00e9sus, le Christ, notre Seigneur.<br \/><\/span><span lang=\"fr-FR\"><b>Amen.<\/b><\/span><\/p>\n<p><span style=\"color: #cc0000\"><span style=\"font-family: Times New Roman, serif\"><span style=\"font-size: small\"><span lang=\"fr-FR\">On peut chanter un chant qui acclame la lumi\u00e8re, par exemple <\/span><\/span><\/span><\/span><span style=\"color: #0084d1\"><span lang=\"fr-FR\">\u266a Joyeuse lumi\u00e8re \u2013 I17 <\/span><\/span><span style=\"color: #cc0000\"><span style=\"font-family: Times New Roman, serif\"><span style=\"font-size: small\"><span lang=\"fr-FR\">ou<\/span><\/span><\/span><\/span> <span style=\"color: #0084d1;background-color: #ccffff\"><span lang=\"fr-FR\"><a style=\"background-color: #ccffff\" href=\"https:\/\/www.youtube.com\/watch?v=N_8CO5DxbWo\" target=\"_blank\" rel=\"noopener\">Exultet d&rsquo;Hautecombe<\/a><\/span><\/span><\/p>\n<p><span style=\"color: #996600;font-size: 1.25em;font-weight: 600\">Liturgie de la Parole<\/span><\/p>\n<p><span style=\"color: #cc0000\"><span style=\"font-family: Times New Roman, serif\"><span style=\"font-size: small\">La Vigile pascale propose jusqu&rsquo;\u00e0 7 lectures qui parcourent l&rsquo;Ancien testament qui nous rappellent le projet de Dieu et sa p\u00e9dagogie qui est de nous r\u00e9v\u00e9ler son amour, de nous sauver par J\u00e9sus le Christ. Ce soir nous vous en proposons 3. Il est possible de trouver<span style=\"background-color: #ffff99\"> <a style=\"background-color: #ffff99\" href=\"https:\/\/www.aelf.org\/2021-04-04\/romain\/messe\" target=\"_blank\" rel=\"noopener\">l&rsquo;int\u00e9gralit\u00e9 des lectures de la Vigile pascale sous l&rsquo;onglet \u00ab\u00a0Veill\u00e9e pascale\u00a0\u00bb.<\/a><\/span><\/span><\/span><\/span><\/p>\n<p><span style=\"color: #cc0000\"><span style=\"font-family: Times New Roman, serif\"><span style=\"font-size: small\">A chaque lecture, allumer une nouvelle bougie.<\/span><\/span><\/span><\/p>\n<h5 class=\"western\"><span style=\"color: #616161\">Premi\u00e8re lecture<\/span><\/h5>\n<p><span style=\"color: #cc0000\"><span style=\"font-family: Times New Roman, serif\"><span style=\"font-size: small\"><span lang=\"fr-FR\">Toujours dans la p\u00e9nombre, on allume la premi\u00e8re bougie.<br \/><\/span><\/span><\/span><\/span><span style=\"color: #cc0000\"><span style=\"font-family: Times New Roman, serif\"><span style=\"font-size: small\"><span lang=\"fr-FR\">G\u00a0:<\/span><\/span><\/span><\/span><span lang=\"fr-FR\"> Ce soir, comme dans une veill\u00e9e pascale, nous nous mettons \u00e0 l\u2019\u00e9coute de ce que Dieu a fait dans l\u2019histoire des hommes. \u00ab\u00a0Seigneur donne nous ton Esprit-Saint pour qu\u2019il ouvre nos oreilles, notre intelligence et notre c\u0153ur pour d\u00e9couvrir dans les \u00e9critures ce qui concerne ton Fils J\u00e9sus\u00a0\u00bb.<br \/>\u00c9coutons tout d&rsquo;abord le po\u00e8me de la cr\u00e9ation de l&rsquo;univers. Dieu s&rsquo;y r\u00e9v\u00e8le cr\u00e9ateur.<\/span><\/p>\n<p><span lang=\"fr-FR\"><a href=\"https:\/\/www.aelf.org\/2021-04-04\/romain\/messe\" target=\"_blank\" rel=\"noopener\"><span style=\"background-color: #ffff99\">Lecture du livre de la Gen\u00e8se<\/span><\/a> (Gn 1, 1 \u2013 2, 2)<br \/><\/span><span lang=\"fr-FR\"><i>\u00ab Dieu vit tout ce qu\u2019il avait fait : cela \u00e9tait tr\u00e8s bon \u00bb<\/i><\/span><u><\/u><\/p>\n<h5 class=\"western\"><span style=\"color: #616161\">Psaume<\/span><\/h5>\n<p><span lang=\"fr-FR\"><span style=\"background-color: #ffff99\"><a style=\"background-color: #ffff99\" href=\"https:\/\/www.aelf.org\/2021-04-04\/romain\/messe#messe1_lecture2\" target=\"_blank\" rel=\"noopener\">Psaume 103<\/a><\/span> (104), 1\u20132a, 5\u20136, 10.12, 13\u201314ab, 24.35c)<br \/><\/span><span style=\"color: #0084d1\"><span lang=\"fr-FR\">\u266a \u00d4 Seigneur, envoie ton Esprit qui renouvelle la face de la terre !<\/span><\/span><u><\/u><\/p>\n<h5 class=\"western\"><span style=\"color: #616161\">Deuxi\u00e8me lecture<\/span><\/h5>\n<p><span style=\"color: #cc0000\"><span style=\"font-family: Times New Roman, serif\"><span style=\"font-size: small\"><span lang=\"fr-FR\">On allume la deuxi\u00e8me bougie.<br \/><\/span><\/span><\/span><\/span><span style=\"color: #cc0000\"><span style=\"font-family: Times New Roman, serif\"><span style=\"font-size: small\"><span lang=\"fr-FR\">G\u00a0:<\/span><\/span><\/span><\/span><span lang=\"fr-FR\"> Le peuple h\u00e9breu avait fui l\u2019\u00c9gypte de nuit, pour \u00e9chapper au dur esclavage auquel le soumettaient le pharaon et son administration. Le voil\u00e0 pi\u00e9g\u00e9 entre la Mer Rouge et les chars \u00e9gyptiens. Le Dieu cr\u00e9ateur devient un Dieu sauveur.<\/span><\/p>\n<p><span lang=\"fr-FR\"><a href=\"https:\/\/www.aelf.org\/2021-04-04\/romain\/messe#messe1_lecture6\" target=\"_blank\" rel=\"noopener\"><span style=\"background-color: #ffff99\">Lecture du livre de l\u2019Exode<\/span><\/a> (Ex 14, 15 \u2013 15, 1a)<br \/><\/span><span lang=\"fr-FR\"><i>\u00ab Les fils d\u2019Isra\u00ebl avaient march\u00e9 \u00e0 pied sec au milieu de la mer \u00bb<\/i><\/span><u><\/u><\/p>\n<h5 class=\"western\"><span style=\"color: #616161\">Cantique de Mo\u00efse<\/span><\/h5>\n<p><span style=\"color: #cc0000\"><span style=\"font-family: Times New Roman, serif\"><span style=\"font-size: small\"><span lang=\"fr-FR\">Vous pouvez prendre le cantique de Mo\u00efse\u00a0: <\/span><\/span><\/span><\/span><span lang=\"fr-FR\"><span style=\"background-color: #ffff99\"><a style=\"background-color: #ffff99\" href=\"https:\/\/www.aelf.org\/2021-04-04\/romain\/messe#messe1_lecture7\" target=\"_blank\" rel=\"noopener\">Cantique<\/a><\/span> Ex 15, 1b, 2, 3-4, 5-6, 17-18<br \/><\/span><span style=\"color: #0084d1\"><span lang=\"fr-FR\">\u266a Chantons pour le Seigneur ! \u00c9clatante est sa gloire !<br \/><\/span><\/span><u><\/u><span style=\"color: #cc0000\"><span style=\"font-family: Times New Roman, serif\"><span style=\"font-size: small\"><span lang=\"fr-FR\">ou bien prendre le chant <\/span><\/span><\/span><\/span><span style=\"color: #0084d1\"><span lang=\"fr-FR\">\u266a <span style=\"background-color: #ccffff\"><a style=\"background-color: #ccffff\" href=\"https:\/\/youtu.be\/_NlbYPnzT2s\" target=\"_blank\" rel=\"noopener\">Chant de victoire<\/a><\/span><\/span><\/span>\u00a0<u><\/u><\/p>\n<h5 class=\"western\"><span style=\"color: #616161\">Troisi\u00e8me lecture<\/span><\/h5>\n<p><span style=\"color: #cc0000\"><span style=\"font-family: Times New Roman, serif\"><span style=\"font-size: small\"><span lang=\"fr-FR\">On allume la troisi\u00e8me bougie.<br \/><\/span><\/span><\/span><\/span><span style=\"color: #cc0000\"><span style=\"font-family: Times New Roman, serif\"><span style=\"font-size: small\"><span lang=\"fr-FR\">G\u00a0:<\/span><\/span><\/span><\/span><span lang=\"fr-FR\"> A travers l&rsquo;histoire du peuple de Dieu, les proph\u00e8tes ont relay\u00e9 les multiples invitations \u00e0 changer et des propositions d&rsquo;alliance. Isa\u00efe dans ce texte, pr\u00e9sente une nouvelle alliance, une alliance qui est ouverte \u00e0 tous et toutes, \u00e0 tous ceux qui cherchent Dieu. Cette alliance qui nous est propos\u00e9e est f\u00e9conde, comme la pluie qui abreuve la terre.<\/span><\/p>\n<p><span lang=\"fr-FR\"><span style=\"background-color: #ffff99\"><a style=\"background-color: #ffff99\" href=\"https:\/\/www.aelf.org\/2021-04-04\/romain\/messe#messe1_lecture6\" target=\"_blank\" rel=\"noopener\">Lecture du livre du proph\u00e8te Isa\u00efe<\/a><\/span> (Is 55, 1-11)<br \/><\/span><span lang=\"fr-FR\"><i>Venez \u00e0 moi, et vous vivrez ; je m\u2019engagerai envers vous par une alliance \u00e9ternelle<\/i><\/span><span lang=\"fr-FR\"><br \/><\/span><\/p>\n<h5><span style=\"color: #616161\">Cantique d&rsquo;Isa\u00efe<\/span><\/h5>\n<p><span lang=\"fr-FR\"><span style=\"background-color: #ffff99\">Cantique Is 12<\/span>, 2, 4bcd, 5-6<br \/><\/span><span style=\"color: #0084d1\"><span lang=\"fr-FR\">\u266a Exultant de joie, vous puiserez les eaux aux sources du salut !<\/span><\/span><u><\/u><\/p>\n<p><span style=\"color: #cc0000\"><span style=\"font-family: Times New Roman, serif\"><span style=\"font-size: small\"><span lang=\"fr-FR\">Proposition de mise en musique\u00a0:<\/span><\/span><\/span><\/span> <span style=\"background-color: #ccffff\"><a style=\"background-color: #ccffff\" href=\"https:\/\/youtu.be\/Tbc_t7lRtfI\" target=\"_blank\" rel=\"noopener\">Cantique d&rsquo;Isa\u00efe &#8211; Exultant de Joie !<\/a><\/span>\u00a0<span style=\"color: #cc0000\"><span style=\"font-family: Times New Roman, serif\"><span style=\"font-size: small\"><span lang=\"fr-FR\">ou bien<\/span><\/span><\/span><\/span> <span style=\"background-color: #ccffff\"><a style=\"background-color: #ccffff\" href=\"https:\/\/youtu.be\/4r9tpohNjz4\" target=\"_blank\" rel=\"noopener\">Ivres de joie vous puiserez<\/a><\/span><u><\/u><\/p>\n<h5 class=\"western\"><span style=\"color: #616161\">Gloire \u00e0 Dieu<\/span><\/h5>\n<p><span style=\"color: #cc0000\"><span style=\"font-family: Times New Roman, serif\"><span style=\"font-size: small\"><span lang=\"fr-FR\">G\u00a0: <\/span><\/span><\/span><\/span><span lang=\"fr-FR\">Au c\u0153ur de cette ample liturgie de la Parole, le chant du Gloire \u00e0 Dieu nous fait passer de l&rsquo;Ancien au Nouveau Testament. Laissons \u00e9clater joyeusement notre louange \u00e0 Dieu.<\/span><\/p>\n<p><span style=\"color: #cc0000\"><span style=\"font-family: Times New Roman, serif\"><span style=\"font-size: small\"><span lang=\"fr-FR\">On peut allumer les lumi\u00e8res de la maison et on peut laisser \u00e9clater un tr\u00e8s joyeux <\/span><\/span><\/span><\/span><span style=\"color: #0084d1\"><span lang=\"fr-FR\">\u266a Gloire \u00e0 Dieu<\/span><\/span><span style=\"color: #cc0000\"><span style=\"font-family: Times New Roman, serif\"><span style=\"font-size: small\"><span lang=\"fr-FR\"> (par exemple : <span style=\"background-color: #ccffff\"><a style=\"background-color: #ccffff\" href=\"https:\/\/youtu.be\/jNsO7cuA_DU\" target=\"_blank\" rel=\"noopener\"><span style=\"color: #0084d1\">Gloire \u00e0 Dieu de la Messe de St Fran\u00e7ois Xavier<\/span><\/a><\/span>\u00a0ou <span style=\"background-color: #ccffff\"><a style=\"background-color: #ccffff\" href=\"https:\/\/youtu.be\/ThpBfNtHAQs\" target=\"_blank\" rel=\"noopener\"><span style=\"color: #0084d1\">Gloire \u00e0 Dieu &#8211; Messe du Frat (Glorious)<\/span><\/a><\/span> )<\/span><\/span><\/span><\/span><\/p>\n<h5 class=\"western\"><span style=\"color: #616161\">\u00c9p\u00eetre<\/span><\/h5>\n<p><span style=\"color: #cc0000\"><span style=\"font-family: Times New Roman, serif\"><span style=\"font-size: small\"><span lang=\"fr-FR\">G\u00a0:<\/span><\/span><\/span><\/span><span lang=\"fr-FR\"> Dans ce texte destin\u00e9 aux chr\u00e9tiens de Rome, Paul rappelle la signification profonde du bapt\u00eame qui nous fait participer \u00e0 la mort et \u00e0 la r\u00e9surrection du Christ.<\/span><\/p>\n<p><span lang=\"fr-FR\"><span style=\"background-color: #ffff99\"><a style=\"background-color: #ffff99\" href=\"https:\/\/www.aelf.org\/2021-04-04\/romain\/messe#messe1_lecture6\" target=\"_blank\" rel=\"noopener\">Lecture de la lettre de saint Paul ap\u00f4tre aux Romains<\/a><\/span> (Rm 6, 3b-11)<br \/><\/span><span lang=\"fr-FR\"><i>\u00ab Ressuscit\u00e9 d\u2019entre les morts, le Christ ne meurt plus \u00bb<\/i><\/span><span lang=\"fr-FR\"><br \/><\/span><u><\/u><\/p>\n<h5 class=\"western\"><span style=\"color: #616161\">Psaume<\/span><\/h5>\n<p><span lang=\"fr-FR\"><a href=\"https:\/\/www.aelf.org\/2021-04-04\/romain\/messe#messe1_lecture2\" target=\"_blank\" rel=\"noopener\"><span style=\"background-color: #ffff99\">Psaume 117<\/span><\/a> (118), 1.2, 16-17, 22-23<br \/><\/span><span style=\"color: #0084d1\"><span lang=\"fr-FR\">\u266a All\u00e9luia, all\u00e9luia, all\u00e9luia !<\/span><\/span><span lang=\"fr-FR\"><br \/><\/span><u><\/u><\/p>\n<p><span style=\"color: #cc0000\"><span style=\"font-family: Times New Roman, serif\"><span style=\"font-size: small\"><span lang=\"fr-FR\">Le psaume avec All\u00e9luia sert d\u2019acclamation avant l\u2019\u00c9vangile. <span style=\"background-color: #ccffff\"><a class=\"western\" style=\"background-color: #ccffff\" href=\"https:\/\/youtu.be\/h6_XQWIGT8A\" target=\"_blank\" rel=\"noopener\">\u266a All\u00e9luia, proclamez que le Seigneur est bon<\/a> <\/span><\/span><\/span><\/span><\/span><\/p>\n<h5 class=\"western\"><span style=\"color: #616161\">Proclamation de l\u2019\u00e9vangile<\/span><\/h5>\n<p><span style=\"color: #cc0000\"><span style=\"font-family: Times New Roman, serif\"><span style=\"font-size: small\"><span lang=\"fr-FR\">Avant la proclamation de l&rsquo;\u00e9vangile, redresser l&rsquo;ic\u00f4ne du Christ ressuscit\u00e9 ou bien la disposer sur un support<br \/>L&rsquo;un d&rsquo;entre vous lit l&rsquo;\u00c9vangile lentement\u00a0: <\/span><\/span><\/span><\/span><span lang=\"fr-FR\"><span style=\"background-color: #ffff99\"><a style=\"background-color: #ffff99\" href=\"https:\/\/www.aelf.org\/2021-02-14\/romain\/messe#messe1_lecture4\" target=\"_blank\" rel=\"noopener\">\u00c9vangile de J\u00e9sus Christ selon saint Marc<\/a><\/span> (Mc 16, 1-7)<br \/><\/span><span lang=\"fr-FR\"><i>\u00ab J\u00e9sus de Nazareth, le Crucifi\u00e9, est ressuscit\u00e9 \u00bb<\/i><\/span><span style=\"color: #000080\"><u><br \/><\/u><\/span><\/p>\n<h5 class=\"western\"><span style=\"color: #616161\">Profession de foi<\/span><\/h5>\n<p><span style=\"color: #cc0000\"><span style=\"font-family: Times New Roman, serif\"><span style=\"font-size: small\"><span lang=\"fr-FR\">Nous professons maintenant la foi des Ap\u00f4tres, la foi de notre bapt\u00eame.<\/span><\/span><\/span><\/span><span lang=\"fr-FR\"><br \/><\/span><span style=\"color: #cc0000\"><span style=\"font-family: Times New Roman, serif\"><span style=\"font-size: small\"><span lang=\"fr-FR\">G : <\/span><\/span><\/span><\/span><span lang=\"fr-FR\">Nous avons \u00e9t\u00e9 mis au tombeau avec le Christ dans le bapt\u00eame,\u00a0afin qu&rsquo;avec lui nous vivions d&rsquo;une vie nouvelle.\u00a0 C&rsquo;est pourquoi, unis \u00e0 toute l\u2019\u00c9glise nous renouvelons notre profession de foi au Dieu Vivant et Vrai et \u00e0 son Fils, J\u00e9sus Christ et en l\u2019Esprit-Saint<\/span><\/p>\n<p><span style=\"color: #cc0000\"><span style=\"font-family: Times New Roman, serif\"><span style=\"font-size: small\"><span lang=\"fr-FR\">Si vous choisissez la profession de foi dialogu\u00e9e<\/span><\/span><\/span><\/span><\/p>\n<p><span style=\"color: #cc0000\"><span style=\"font-family: Times New Roman, serif\"><span style=\"font-size: small\"><span lang=\"fr-FR\">G : <\/span><\/span><\/span><\/span><span lang=\"fr-FR\">Croyez-vous en Dieu le P\u00e8re tout-puissant, cr\u00e9ateur du ciel et de la terre ?\u00a0<br \/><\/span><span lang=\"fr-FR\"><b>\u2013 Je crois<\/b><\/span><\/p>\n<p><span style=\"color: #cc0000\"><span style=\"font-family: Times New Roman, serif\"><span style=\"font-size: small\"><span lang=\"fr-FR\">G : <\/span><\/span><\/span><\/span><span lang=\"fr-FR\">Croyez-vous en J\u00e9sus Christ, son Fils unique, notre Seigneur, qui est n\u00e9 de la Vierge Marie, a souffert la Passion, a \u00e9t\u00e9 enseveli, est ressuscit\u00e9 d&rsquo;entre les morts,\u00a0 et qui est assis \u00e0 la droite du P\u00e8re ?\u00a0<br \/><\/span><span lang=\"fr-FR\"><b>\u2013 Je crois<\/b><\/span><\/p>\n<p><span style=\"color: #cc0000\"><span style=\"font-family: Times New Roman, serif\"><span style=\"font-size: small\"><span lang=\"fr-FR\">G : <\/span><\/span><\/span><\/span><span lang=\"fr-FR\">Croyez-vous en l&rsquo;Esprit Saint, \u00e0 la sainte \u00c9glise catholique, \u00e0 la communion des saints, au pardon des p\u00e9ch\u00e9s, \u00e0 la r\u00e9surrection de la chair, et \u00e0 la vie \u00e9ternelle ?\u00a0<br \/><\/span><span lang=\"fr-FR\"><b>\u2013 Je crois<\/b><\/span><\/p>\n<p><span style=\"color: #cc0000\"><span style=\"font-family: Times New Roman, serif\"><span style=\"font-size: small\"><span lang=\"fr-FR\">Si vous choisissez le symbole des Ap\u00f4tre r\u00e9cit\u00e9\u00a0:<\/span><\/span><\/span><\/span><\/p>\n<p lang=\"fr-FR\" align=\"CENTER\"><b>Je crois en Dieu, le P\u00e8re tout-puissant, Cr\u00e9ateur du ciel et de la terre.<br \/>Et en J\u00e9sus Christ, son Fils unique, notre Seigneur\u00a0;<br \/>qui a \u00e9t\u00e9 con\u00e7u du Saint Esprit, est n\u00e9 de la Vierge Marie,<br \/>a souffert sous Ponce Pilate, a \u00e9t\u00e9 crucifi\u00e9,<br \/>est mort et a \u00e9t\u00e9 enseveli, est descendu aux enfers\u00a0;<br \/>le troisi\u00e8me jour est ressuscit\u00e9 des morts,<br \/>est mont\u00e9 aux cieux, est assis \u00e0 la droite de Dieu le P\u00e8re tout-puissant,<br \/>d\u2019o\u00f9 il viendra juger les vivants et les morts.<br \/>Je crois en l\u2019Esprit Saint, \u00e0 la sainte \u00c9glise catholique, \u00e0 la communion des saints,<br \/>\u00e0 la r\u00e9mission des p\u00e9ch\u00e9s, \u00e0 la r\u00e9surrection de la chair, \u00e0 la vie \u00e9ternelle.<\/b><\/p>\n<h4 class=\"western\"><span style=\"color: #996600\">Prions<\/span><\/h4>\n<h5 class=\"western\"><span style=\"color: #616161\">Pri\u00e8re universelle<\/span><\/h5>\n<p><span style=\"color: #cc0000\"><span style=\"font-family: Times New Roman, serif\"><span style=\"font-size: small\"><span lang=\"fr-FR\">Apr\u00e8s un temps de silence nous partageons des intentions de pri\u00e8re. Vous pouvez les partager \u00e0 plusieurs voix. Un refrain peut \u00eatre repris entre chaque intentions.<br \/><\/span><\/span><\/span><\/span><span style=\"color: #cc0000\"><span style=\"font-family: Times New Roman, serif\"><span style=\"font-size: small\"><span lang=\"fr-FR\">G\u00a0<\/span><\/span><\/span><\/span><span lang=\"fr-FR\">: <\/span><span lang=\"fr-FR\">Au fur et \u00e0 mesure de la nuit, les chr\u00e9tiens c\u00e9l\u00e8brent la P\u00e2que du Seigneur. Confions-lui notre pri\u00e8re.<\/span><\/p>\n<p><span style=\"color: #0084d1\">\u266a<\/span> <span style=\"color: #0084d1\"><span lang=\"fr-FR\">La voix de tes enfants Seigneur, r\u00e9sonne sur la Terre.<br \/><\/span><\/span><span style=\"color: #0084d1\">Vers toi comme un encens, Seigneur, s\u2019\u00e9l\u00e8vent nos pri\u00e8res.<\/span><\/p>\n<ul>\n<li>\n<p><b>\u00ab\u00a0En ces jours-l\u00e0, le Seigneur dit \u00e0 Mo\u00efse :<br \/>\u00ab Pourquoi crier vers moi ? Ordonne aux fils d\u2019Isra\u00ebl de se mettre en route ! \u00bb <\/b><br \/><i>Merci, Seigneur, pour ton \u00c9glise qui rassemble tous les chr\u00e9tiens qui, ce soir, f\u00eatent la R\u00e9surrection, c\u0153ur de la foi des croyants. <\/i><br \/>Nous te prions, Seigneur, pour ton \u00c9glise. Accorde-lui la gr\u00e2ce d&rsquo;\u00eatre davantage une \u00c9glise qui prie, une \u00c9glise toujours en route, toujours sur le chemin du dialogue, de l\u2019accueil et de la bienveillance, pour dire aux hommes de notre temps la victoire de la Lumi\u00e8re et de l\u2019Amour sur toutes les obscurit\u00e9s\u00a0!<\/p>\n<\/li>\n<li>\n<p><b>\u00ab\u00a0De grand matin, le premier jour de la semaine,<br \/>elles se rendent au tombeau d\u00e8s le lever du soleil.\u00a0\u00bb <br \/><\/b><i>Merci, Seigneur, pour tous ceux qui, d\u00e8s le matin, se mettent en route pour aller travailler et agir au profit de la soci\u00e9t\u00e9. <br \/><\/i>Nous te prions, Seigneur, pour tous les travailleurs des premi\u00e8re, deuxi\u00e8me et troisi\u00e8me lignes. Soutiens leur engagement au profit de leurs concitoyens, qui est le reflet de l\u2019amour que Dieu met dans les c\u0153urs, qu\u2019ils soient croyants ou non\u00a0!<\/p>\n<\/li>\n<li>\n<p><b>\u00ab Nous tous qui par le bapt\u00eame avons \u00e9t\u00e9 unis au Christ J\u00e9sus, c\u2019est \u00e0 sa mort que nous avons \u00e9t\u00e9 unis par le bapt\u00eame<\/b> [&#8230;]<b>. Car, si nous avons \u00e9t\u00e9 unis \u00e0 lui par une mort qui ressemble \u00e0 la sienne, nous le serons aussi par une r\u00e9surrection qui ressemblera \u00e0 la sienne. \u00bb <\/b><br \/><i>Merci, Seigneur, pour les adultes baptis\u00e9s en France et dans le monde durant cette vigile pascale.<\/i><br \/>Nous te prions, Seigneur, tout particuli\u00e8rement pour les 6 cat\u00e9chum\u00e8nes de notre secteur qui sont baptis\u00e9s ce soir \u00e0 St Jean-Ap\u00f4tre et les 8 qui le seront demain apr\u00e8s-midi. Accorde-leur la gr\u00e2ce de savoir distinguer les signes du Ressuscit\u00e9 tout au long de leur vie et d\u2019\u00eatre, \u00e0 leur tour, des porteurs de lumi\u00e8re et d\u2019amour pour les autres\u00a0!<\/p>\n<\/li>\n<li>\n<p><b>\u00ab\u00a0Elles furent saisies de frayeur. Mais il leur dit : \u00ab Ne soyez pas effray\u00e9es ! Vous cherchez J\u00e9sus de Nazareth, le Crucifi\u00e9 ? Il est ressuscit\u00e9 \u00a0\u00bb <\/b><br \/><i>Merci, Seigneur, pour ta R\u00e9surrection qui fonde notre foi, ciment de notre secteur pastoral du Val d\u2019Orge. <\/i><br \/>Nous te prions, Seigneur, pour tous les membres de nos paroisses, ceux qui sont pr\u00e9sents et ceux qui sont absents ce soir. Accorde-leur la gr\u00e2ce de toujours faire rayonner autour d&rsquo;eux la joie de P\u00e2ques, par leurs paroles et leurs actes au service des autres, dans leurs familles, leurs quartiers et leurs lieux de travail\u00a0!<\/p>\n<\/li>\n<\/ul>\n<p><span style=\"color: #cc0000\"><span style=\"font-family: Times New Roman, serif\"><span style=\"font-size: small\"><span lang=\"fr-FR\">Chacun pourra ensuite poursuivre avec des intentions personnelles de pri\u00e8re.<br \/><\/span><\/span><\/span><\/span><span style=\"color: #cc0000\"><span style=\"font-family: Times New Roman, serif\"><span style=\"font-size: small\"><span lang=\"fr-FR\">G\u00a0<\/span><\/span><\/span><\/span><span lang=\"fr-FR\">: \u00d4 toi le Ressuscit\u00e9, tu es pass\u00e9 par la souffrance, le rejet, la violence, et tu as vaincu la mort. Accueille notre pri\u00e8re, daigne l\u2019exaucer, toi qui r\u00e8gnes pour les si\u00e8cles des si\u00e8cles<br \/><\/span><span lang=\"fr-FR\"><b>Amen<\/b><\/span><span lang=\"fr-FR\">.<\/span><\/p>\n<h5 class=\"western\"><span style=\"color: #616161\">Notre P\u00e8re<\/span><\/h5>\n<p><span style=\"color: #cc0000\"><span style=\"font-family: Times New Roman, serif\"><span style=\"font-size: small\"><span lang=\"fr-FR\">G\u00a0:<\/span><\/span><\/span><\/span><span lang=\"fr-FR\"> En cette nuit sainte, disons ensemble, comme si c&rsquo;\u00e9tait la premi\u00e8re fois, la pri\u00e8re que J\u00e9sus nous a laiss\u00e9e :<\/span><\/p>\n<p align=\"CENTER\"><span lang=\"fr-FR\"><b>Notre P\u00e8re, qui es aux cieux, <br \/>que ton nom soit sanctifi\u00e9,<br \/>que ton r\u00e8gne vienne,<br \/>que ta volont\u00e9 soit faite sur la terre comme au ciel.<br \/>Donne-nous aujourd&rsquo;hui notre pain de ce jour.<br \/><\/b><\/span><b> <\/b><span lang=\"fr-FR\"><b>Pardonne-nous nos offenses,<br \/>comme nous pardonnons aussi \u00e0 ceux qui nous ont offens\u00e9s.<br \/>Et ne nous laisse pas entrer en tentation<br \/>mais d\u00e9livre-nous du Mal.<br \/>Amen<\/b><\/span><\/p>\n<p><span style=\"color: #cc0000\"><span style=\"font-family: Times New Roman, serif\"><span style=\"font-size: small\"><span lang=\"fr-FR\">Nous pouvons poursuivre\u00a0: <\/span><\/span><\/span><\/span><span lang=\"fr-FR\">D\u00e9livre-nous de tout mal Seigneur et donne la paix \u00e0 notre temps. Par ta mis\u00e9ricorde lib\u00e8re-nous du p\u00e9ch\u00e9, rassure-nous devant les \u00e9preuves en cette vie o\u00f9 nous esp\u00e9rons le bonheur que tu promets dans la venue de J\u00e9sus-Christ notre Sauveur.<br \/>Car c&rsquo;est \u00e0 Toi qu&rsquo;appartiennent le R\u00e8gne, la Puissance et la Gloire pour les si\u00e8cles des si\u00e8cles.<\/span><\/p>\n<p lang=\"fr-FR\" align=\"LEFT\"><b>Amen<\/b><\/p>\n<h5 class=\"western\"><span style=\"color: #616161\">Pri\u00e8re de communion spirituelle<\/span><\/h5>\n<p><span style=\"color: #cc0000\"><span style=\"font-family: Times New Roman, serif\"><span style=\"font-size: small\"><span lang=\"fr-FR\">G invite ceux qui sont rassembl\u00e9s \u00e0 la maison \u00e0 s&rsquo;unir \u00e0 la pri\u00e8re de communion spirituelle\u00a0:<\/span><\/span><\/span><\/span><\/p>\n<p align=\"CENTER\"><span style=\"color: #000000\"><span lang=\"fr-FR\">Seigneur J\u00e9sus, je crois \u00e0 ta v\u00e9ritable pr\u00e9sence<br \/>dans le pain et dans le vin consacr\u00e9s.<br \/>Je t&rsquo;aime toi le Seigneur de ma vie.<br \/>Je d\u00e9sire profond\u00e9ment r\u00e9pondre \u00e0 ton invitation,<br \/><\/span><\/span> <span style=\"color: #000000\"><span lang=\"fr-FR\">communier, te recevoir au plus intime de ma vie.<br \/>Je ne peux maintenant te recevoir sacramentellement.<br \/>Viens Seigneur habiter spirituellement ma vie.<br \/>J&rsquo;ai faim de ton amour, j&rsquo;ai faim de ta vie donn\u00e9e pour nourrir toute ma vie.<br \/>Au jour le jour que j&rsquo;apprenne de toi \u00e0 donner ma vie, \u00e0 aimer.<br \/>Oui, Seigneur J\u00e9sus que je demeure fid\u00e8le \u00e0 ton commandement<br \/><\/span><\/span> <span style=\"color: #000000\"><span lang=\"fr-FR\">et que jamais je ne sois s\u00e9par\u00e9 de toi. <br \/><\/span><\/span><span style=\"color: #000000\"><span lang=\"fr-FR\"><b>Amen<\/b><\/span><\/span><\/p>\n<p><span style=\"color: #cc0000\"><span style=\"font-family: Times New Roman, serif\"><span style=\"font-size: small\"><span lang=\"fr-FR\">Cette pri\u00e8re est suivie d&rsquo;un bon moment de silence, de communion spirituelle.<\/span><\/span><\/span><\/span><\/p>\n<h4 class=\"western\"><span style=\"color: #996600\">Nous sommes envoy\u00e9s<\/span><\/h4>\n<p><span style=\"color: #cc0000\"><span style=\"font-family: Times New Roman, serif\"><span style=\"font-size: small\"><span lang=\"fr-FR\">G :<\/span><\/span><\/span><\/span><span lang=\"fr-FR\"> Aujourd&rsquo;hui, Dieu notre P\u00e8re, tu nous ouvres la vie \u00e9ternelle par la victoire de ton Fils sur la mort, et nous f\u00eatons sa r\u00e9surrection. Que ton Esprit fasse de nous des hommes nouveaux, pour que nous ressuscitions avec le Christ dans la lumi\u00e8re de la vie. Lui qui vit et r\u00e8gne avec toi et le Saint Esprit, maintenant et pour les si\u00e8cles des si\u00e8cles.<br \/><\/span><span lang=\"fr-FR\"><b>Amen\u00a0!<\/b><\/span><\/p>\n<p><span style=\"color: #cc0000\"><span style=\"font-family: Times New Roman, serif\"><span style=\"font-size: small\"><span lang=\"fr-FR\">Puis le ou la plus ancien(ne) b\u00e9nit l&rsquo;assembl\u00e9e\u00a0:<\/span><\/span><\/span><\/span><span lang=\"fr-FR\"> Que demeure en vous la gr\u00e2ce de Dieu, la gr\u00e2ce pascale qu&rsquo;il vous offre en cette nuit: qu&rsquo;elle vous prot\u00e8ge de l&rsquo;oubli et du doute.<br \/><\/span><span lang=\"fr-FR\"><b>Amen<\/b><\/span><\/p>\n<p><span lang=\"fr-FR\">Par la r\u00e9surrection de son Fils, il vous a fait d\u00e9j\u00e0 rena\u00eetre : qu&rsquo;il vous rappelle toujours \u00e0 cette joie que rien, pas m\u00eame la mort, ne pourra vous ravir.<br \/><\/span><span lang=\"fr-FR\"><b>Amen<\/b><\/span><\/p>\n<p><span lang=\"fr-FR\">Ils sont finis, les jours de la Passion, suivez maintenant les pas du Ressuscit\u00e9: suivez-le d\u00e9sormais jusqu&rsquo;\u00e0 son Royaume, o\u00f9 vous poss\u00e9derez enfin la joie parfaite.<br \/><\/span><span lang=\"fr-FR\"><b>Amen<\/b><\/span><\/p>\n<p><span lang=\"fr-FR\">Et que Dieu tout-puissant vous b\u00e9nisse le P\u00e8re, le Fils, et le Saint Esprit.<br \/><\/span><span style=\"color: #cc0000\"><span style=\"font-family: Times New Roman, serif\"><span style=\"font-size: small\"><span lang=\"fr-FR\">Tous\u00a0: <\/span><\/span><\/span><\/span><span lang=\"fr-FR\"><b>Amen\u00a0!<\/b><\/span><\/p>\n<p><span lang=\"fr-FR\">Allons dans la paix du Christ ! All\u00e9luia\u00a0! All\u00e9luia\u00a0!<\/span><span style=\"color: #cc0000\"><span style=\"font-family: Times New Roman, serif\"><span style=\"font-size: small\"><span lang=\"fr-FR\"><br \/><\/span><\/span><\/span><\/span><span style=\"color: #cc0000\"><span style=\"font-family: Times New Roman, serif\"><span style=\"font-size: small\"><span lang=\"fr-FR\">Tous\u00a0: <\/span><\/span><\/span><\/span><span lang=\"fr-FR\"><b>Nous rendons gr\u00e2ce \u00e0 Dieu. All\u00e9luia\u00a0! All\u00e9luia\u00a0!<\/b><\/span><\/p>\n<p><span style=\"color: #cc0000\"><span style=\"font-family: Times New Roman, serif\"><span style=\"font-size: small\"><span lang=\"fr-FR\">Puis laissons \u00e9clater notre joie par un chant, par exemple : <\/span><\/span><\/span><\/span><span style=\"color: #0084d1\"><span lang=\"fr-FR\">\u266a <span style=\"background-color: #ccffff\"><a style=\"background-color: #ccffff\" href=\"https:\/\/youtu.be\/FBlBWdWYgdk\" target=\"_blank\" rel=\"noopener\">Il est temps de quitter vos tombeaux<\/a><\/span> <\/span><\/span><span style=\"color: #cc0000\"><span style=\"font-family: Times New Roman, serif\"><span style=\"font-size: small\"><span lang=\"fr-FR\">ou<\/span><\/span><\/span><\/span><span style=\"color: #0084d1\"><span lang=\"fr-FR\"> \u266a <span style=\"background-color: #ccffff\"><a style=\"background-color: #ccffff\" href=\"https:\/\/youtu.be\/vnhv9TyBD1g\" target=\"_blank\" rel=\"noopener\">Victoire All\u00e9luia<\/a><\/span> \u00a0<\/span><\/span><span style=\"color: #cc0000\"><span style=\"font-family: Times New Roman, serif\"><span style=\"font-size: small\"><span lang=\"fr-FR\">ou <\/span><\/span><\/span><\/span><span style=\"color: #0084d1\"><span lang=\"fr-FR\">\u266a <span style=\"background-color: #ccffff\"><a style=\"background-color: #ccffff\" href=\"https:\/\/youtu.be\/CpWILwqjICs\" target=\"_blank\" rel=\"noopener\">Par toute la terre (criez de joie, Christ est Ressuscit\u00e9)<\/a> <\/span><\/span><\/span><span style=\"color: #cc0000\"><span style=\"font-family: Times New Roman, serif\"><span style=\"font-size: small\"><span lang=\"fr-FR\">ou bien<\/span><\/span><\/span><\/span><span style=\"color: #0084d1\"><span lang=\"fr-FR\"> \u266a <span style=\"background-color: #ccffff\"><a style=\"background-color: #ccffff\" href=\"https:\/\/youtu.be\/YoIgNsfC1qc\" target=\"_blank\" rel=\"noopener\">Resucit\u00f3<\/a><\/span><\/span><\/span><\/p>\n<p><span style=\"color: #cc0000\"><span style=\"font-family: Times New Roman, serif\"><span style=\"font-size: small\"><span lang=\"fr-FR\">Bonne f\u00eate de P\u00e2ques !<\/span><\/span><\/span><\/span><\/p>\n<h3 class=\"western\" style=\"text-align: center\">Et aussi&#8230;<\/h3>\n<h5 class=\"western\" style=\"text-align: left\"><span style=\"color: #616161\">Vivre en \u00c9glise et faire vivre l\u2019\u00c9glise<\/span><\/h5>\n<p><span lang=\"fr-FR\">N\u2019oublions pas de participer \u00e9galement \u00e0 la vie financi\u00e8re de notre paroisse\u00a0: par l\u2019application la Qu\u00eate <\/span><span style=\"color: #000080\"><u><a class=\"western\" href=\"https:\/\/www.appli-laquete.fr\/\"><span lang=\"fr-FR\">https:\/\/www.appli-laquete.fr\/<\/span><\/a><\/u><\/span><span lang=\"fr-FR\">, en ligne <\/span><span style=\"color: #000080\"><u><a class=\"western\" href=\"https:\/\/donner.catholique.fr\/quete-v2\/~mon-don?_cv=1quete.catholique.fr\" target=\"_blank\" rel=\"noopener\"><span lang=\"fr-FR\">https:\/\/donner.catholique.fr\/quete-v2\/~mon-don?_cv=1quete.catholique.fr<\/span><\/a><\/u><\/span><span lang=\"fr-FR\"> ou bien en faisant parvenir directement \u00e0 la paroisse notre participation.<\/span><\/p>\n","protected":false},"excerpt":{"rendered":"","protected":false},"author":2,"featured_media":4721,"comment_status":"closed","ping_status":"closed","sticky":false,"template":"","format":"standard","meta":{"kt_blocks_editor_width":"","footnotes":""},"categories":[7,30],"tags":[4,23,29,38],"_links":{"self":[{"href":"https:\/\/eglise-catholique-valdorge.fr\/index.php?rest_route=\/wp\/v2\/posts\/4713"}],"collection":[{"href":"https:\/\/eglise-catholique-valdorge.fr\/index.php?rest_route=\/wp\/v2\/posts"}],"about":[{"href":"https:\/\/eglise-catholique-valdorge.fr\/index.php?rest_route=\/wp\/v2\/types\/post"}],"author":[{"embeddable":true,"href":"https:\/\/eglise-catholique-valdorge.fr\/index.php?rest_route=\/wp\/v2\/users\/2"}],"replies":[{"embeddable":true,"href":"https:\/\/eglise-catholique-valdorge.fr\/index.php?rest_route=%2Fwp%2Fv2%2Fcomments&post=4713"}],"version-history":[{"count":9,"href":"https:\/\/eglise-catholique-valdorge.fr\/index.php?rest_route=\/wp\/v2\/posts\/4713\/revisions"}],"predecessor-version":[{"id":4725,"href":"https:\/\/eglise-catholique-valdorge.fr\/index.php?rest_route=\/wp\/v2\/posts\/4713\/revisions\/4725"}],"wp:featuredmedia":[{"embeddable":true,"href":"https:\/\/eglise-catholique-valdorge.fr\/index.php?rest_route=\/wp\/v2\/media\/4721"}],"wp:attachment":[{"href":"https:\/\/eglise-catholique-valdorge.fr\/index.php?rest_route=%2Fwp%2Fv2%2Fmedia&parent=4713"}],"wp:term":[{"taxonomy":"category","embeddable":true,"href":"https:\/\/eglise-catholique-valdorge.fr\/index.php?rest_route=%2Fwp%2Fv2%2Fcategories&post=4713"},{"taxonomy":"post_tag","embeddable":true,"href":"https:\/\/eglise-catholique-valdorge.fr\/index.php?rest_route=%2Fwp%2Fv2%2Ftags&post=4713"}],"curies":[{"name":"wp","href":"https:\/\/api.w.org\/{rel}","templated":true}]}}