{"id":4719,"date":"2021-04-03T19:00:00","date_gmt":"2021-04-03T17:00:00","guid":{"rendered":"https:\/\/eglise-catholique-valdorge.fr\/?p=4719"},"modified":"2021-05-28T15:00:50","modified_gmt":"2021-05-28T13:00:50","slug":"liturgie-familiale-du-dimanche-de-paques-secteur-du-val-dorge-4-avril-2021","status":"publish","type":"post","link":"https:\/\/eglise-catholique-valdorge.fr\/?p=4719","title":{"rendered":"Liturgie familiale du <strong>Dimanche de P\u00e2ques<\/strong> \u2013 Secteur du Val d\u2019Orge \u2013 4 avril 2021"},"content":{"rendered":"\n<table style=\"height: 23px;width: 100%;border-collapse: collapse;border-color: #996600;border-style: solid;background-color: #faf684\">\n<tbody>\n<tr style=\"height: 23px\">\n<td style=\"width: 100%;height: 23px;text-align: center\">\n<h2><span style=\"color: #999999\"><span style=\"font-size: x-large\"><span lang=\"fr-FR\"><b>SECTEUR DU VAL D&rsquo;ORGE\u00a0<\/b><\/span><\/span><\/span><\/h2>\n<span style=\"color: #996600\"><span style=\"font-size: xx-large\"><span lang=\"fr-FR\"><b>Liturgie familiale<br \/><\/b><\/span><\/span><\/span>\n<p align=\"CENTER\"><span style=\"color: #996600\"><span style=\"font-size: xx-large\"><span lang=\"fr-FR\"><b>Dimanche de P\u00e2ques<\/b><\/span><\/span><\/span><\/p>\n<h2><span style=\"color: #999999\"><span style=\"font-size: x-large\"><span lang=\"fr-FR\"><b>4 avril 2021\u00a0\u00a0<\/b><\/span><\/span><\/span><\/h2>\n<\/td>\n<\/tr>\n<\/tbody>\n<\/table>\n<p align=\"CENTER\">\u00a0<\/p>\n<h3 class=\"western\" style=\"text-align: center\">Pr\u00e9paration<\/h3>\n<p lang=\"fr-FR\">Peut-\u00eatre il ne vous est pas possible de rejoindre notre communaut\u00e9 paroissiale pour c\u00e9l\u00e9brer la messe en assembl\u00e9e dominicale.<br \/>Voici une proposition pour c\u00e9l\u00e9brer \u00e0 la maison, que vous soyez seul ou en famille, n&rsquo;h\u00e9sitez pas \u00e0 l&rsquo;adapter.<\/p>\n<p lang=\"fr-FR\"><i>Commen\u00e7ons par pr\u00e9parer l&rsquo;endroit o\u00f9 nous allons prier\u00a0: sur une belle table (si possible une jolie nappe blanche, des fleurs) disposer une ic\u00f4ne ou une image de la r\u00e9surrection du Christ, une bougie et une bible ou un nouveau testament ouvert sur la page de l\u2019\u00c9vangile du jour.<br \/>S&rsquo;il y a des chanteurs et des musiciens \u00e0 la maison, ils peuvent participer en pr\u00e9parant un chant ou deux.<\/i><\/p>\n<p><span lang=\"fr-FR\">Si vous \u00eates plusieurs, vous d\u00e9signez celui ou celle qui va guider la pri\u00e8re (d\u00e9sign\u00e9 ensuite par G), par exemple, le p\u00e8re ou la m\u00e8re de famille ou le(la) plus ancien(ne).<\/span><span style=\"color: #cc0000\"><span style=\"font-family: Times New Roman, serif\"><span style=\"font-size: small\"><span lang=\"fr-FR\"><br \/>Les indications sur comment faire ou qui doit faire sont en rouge.<br \/><\/span><\/span><\/span><\/span><span lang=\"fr-FR\"><b>En gras<\/b><\/span><span lang=\"fr-FR\"> figurent les textes \u00e0 dire par tout le monde. <\/span><span lang=\"fr-FR\">Les liens apparaissent en surlign\u00e9s.<\/span> <span style=\"color: #0084d1\"><span lang=\"fr-FR\">Les chants sont indiqu\u00e9s par une petite note de musique\u00a0: \u266a<\/span><\/span><\/p>\n<h3 class=\"western\" style=\"text-align: center\">Liturgie familiale<\/h3>\n<h4 class=\"western\"><span style=\"color: #996600\">Ouverture de la liturgie<\/span><\/h4>\n<p><span style=\"color: #cc0000\"><span style=\"font-family: Times New Roman, serif\"><span style=\"font-size: small\"><span lang=\"fr-FR\">G :\u00a0<\/span><\/span><\/span><\/span><span lang=\"fr-FR\">Nous venons c\u00e9l\u00e9brer aujourd\u2019hui la plus belle, la plus grande nouvelle de l\u2019histoire\u00a0: La vie a vaincu la mort\u00a0!<br \/>Chaque jour nous sommes les t\u00e9moins de tant de violence, d\u2019injustice, et de souffrance. Mais au c\u0153ur de tout cela, si nous sommes attentifs, sans tapage, discr\u00e8tement, des femmes et des hommes luttent pour donner la vie et faire dispara\u00eetre le mal.<br \/>Par leur engagement au service des plus vuln\u00e9rables, ils sont germes de r\u00e9surrection. <br \/>Que le Seigneur fasse lever sur nous son soleil et nous donne sa joie.<\/span><\/p>\n<p align=\"CENTER\"><span style=\"color: #cc0000\"><span style=\"font-family: Times New Roman, serif\"><span style=\"font-size: small\"><span lang=\"fr-FR\">Au moment de faire sur nous le signe de croix, prenons le temps de \u00ab\u00a0bien\u00a0\u00bb le faire\u00a0: <br \/>ce signe tout entier, nous enveloppe, nous marque du signe de la r\u00e9demption,<br \/>est signe de l&rsquo;amour et de la mis\u00e9ricorde.<br \/>Il marque la pr\u00e9sence de Dieu parmi nous et nous rappelle que, par le Christ, nous sommes tous fr\u00e8res.<\/span><\/span><\/span><\/span><\/p>\n<p><span style=\"color: #cc0000\"><span style=\"font-family: Times New Roman, serif\"><span style=\"font-size: small\"><span lang=\"fr-FR\">G\u00a0: <\/span><\/span><\/span><\/span><span lang=\"fr-FR\">En union avec notre \u00e9v\u00eaque et les chr\u00e9tiens de notre secteur, de notre dioc\u00e8se et du monde entier, tra\u00e7ons sur nous le signe de la Croix\u00a0: <\/span><\/p>\n<p align=\"CENTER\"><span lang=\"fr-FR\">AU NOM DU P\u00c8RE ET DU FILS ET DU SAINT ESPRIT. <\/span><span lang=\"fr-FR\"><b>AMEN<\/b><\/span><\/p>\n<p><span style=\"color: #cc0000\"><span style=\"font-family: Times New Roman, serif\"><span style=\"font-size: small\"><span lang=\"fr-FR\">G\u00a0:<\/span><\/span><\/span><\/span><span style=\"color: #000000\"><span lang=\"fr-FR\"> Que Dieu notre P\u00e8re et le Christ J\u00e9sus, notre Seigneur, nous donnent la gr\u00e2ce et la paix.<\/span><\/span><span lang=\"fr-FR\"><br \/><\/span><span style=\"color: #cc0000\"><span style=\"font-family: Times New Roman, serif\"><span style=\"font-size: small\"><span lang=\"fr-FR\">Tous\u00a0: <\/span><\/span><\/span><\/span><span lang=\"fr-FR\"><b>B\u00e9ni sois-tu notre Dieu, maintenant et toujours.<\/b><\/span><\/p>\n<p><span style=\"color: #cc0000\"><span style=\"font-family: Times New Roman, serif\"><span style=\"font-size: small\"><span lang=\"fr-FR\">Nous<\/span><\/span><\/span><\/span><span style=\"color: #cc0000\"><span style=\"font-family: Times New Roman, serif\"><span style=\"font-size: small\"><span lang=\"fr-FR\"> pouvons chanter en m\u00e9moire de l&rsquo;eau de notre bapt\u00eame qui nous a fait pass\u00e9 de la mort \u00e0 la vie\u00a0: <\/span><\/span><\/span><\/span><span style=\"color: #2a6099\"><span style=\"font-family: Calibri, sans-serif\"><span lang=\"fr-FR\">\u266a <span style=\"background-color: #ccffff\"><a style=\"background-color: #ccffff\" href=\"https:\/\/youtu.be\/FY-GIqmymtY\" target=\"_blank\" rel=\"noopener\">J&rsquo;ai vu des fleuves d&rsquo;eau vive ! <\/a><\/span><\/span><\/span><\/span><span style=\"color: #cc0000\"><span style=\"font-family: Times New Roman, serif\"><span style=\"font-size: small\"><span lang=\"fr-FR\">ou<\/span><\/span><\/span><\/span><span style=\"color: #2a6099\"><span style=\"font-family: Calibri, sans-serif\"><span lang=\"fr-FR\"> \u266a J&rsquo;ai vu l&rsquo;eau vive (Keur Moussa)<\/span><\/span><\/span><\/p>\n<p><span style=\"color: #cc0000\"><span style=\"font-family: Times New Roman, serif\"><span style=\"font-size: small\"><span lang=\"fr-FR\">Et qu&rsquo;en ce jour de f\u00eate \u00e9clate notre louange \u00e0 la gloire de notre Dieu\u00a0: <\/span><\/span><\/span><\/span><span style=\"color: #2a6099\"><span style=\"font-family: Calibri, sans-serif\"><span lang=\"fr-FR\">\u266a Gloire \u00e0 Dieu<\/span><\/span><\/span><span style=\"color: #cc0000\"><span style=\"font-family: Times New Roman, serif\"><span style=\"font-size: small\"><span lang=\"fr-FR\"> (par exemple :<\/span><\/span><\/span><\/span><span style=\"font-size: small;font-family: 'Times New Roman', serif;color: #cc0000\">\u00a0<\/span><span style=\"font-size: small;font-family: 'Times New Roman', serif;color: #cc0000;background-color: #ccffff\"><a href=\"https:\/\/youtu.be\/jNsO7cuA_DU\" target=\"_blank\" rel=\"noopener\"><span style=\"color: #0084d1\">Gloire \u00e0 Dieu de la Messe de St Fran\u00e7ois Xavier<\/span><\/a><\/span><span style=\"font-size: small;font-family: 'Times New Roman', serif;color: #cc0000\">\u00a0ou <\/span><span style=\"font-size: small;font-family: 'Times New Roman', serif;color: #cc0000;background-color: #ccffff\"><a href=\"https:\/\/youtu.be\/ThpBfNtHAQs\" target=\"_blank\" rel=\"noopener\"><span style=\"color: #0084d1\">Gloire \u00e0 Dieu &#8211; Messe du Frat (Glorious)<\/span><\/a><\/span><span style=\"font-size: small;font-family: 'Times New Roman', serif;color: #cc0000\"> )<\/span><\/p>\n<p><span style=\"color: #cc0000\"><span style=\"font-family: Times New Roman, serif\"><span style=\"font-size: small\"><span lang=\"fr-FR\">G :\u00a0<\/span><\/span><\/span><\/span><span lang=\"fr-FR\">Dieu vivant, Dieu sauveur, tu as relev\u00e9 ton Fils de la mort. Plonge-nous dans cette f\u00eate pascale pour que nous ressuscitions avec ton Fils et qu&rsquo;en nous tout soit neuf de la nouveaut\u00e9 \u00e9ternelle de ta vie. Gloire \u00e0 toi, notre P\u00e8re, pour les si\u00e8cles des si\u00e8cles.<br \/><\/span><span lang=\"fr-FR\"><b>Amen<\/b><\/span><\/p>\n<p><span style=\"color: #996600;font-size: 1.25em;font-weight: 600\">Liturgie de la Parole<\/span><\/p>\n<h5 class=\"western\"><span style=\"color: #616161\">Premi\u00e8re lecture<\/span><\/h5>\n<p><span style=\"color: #cc0000\"><span style=\"font-family: Times New Roman, serif\"><span style=\"font-size: small\"><span lang=\"fr-FR\">G\u00a0:<\/span><\/span><\/span><\/span><span lang=\"fr-FR\"> Nous commen\u00e7ons un cycle de lecture des Actes des Ap\u00f4tre. Ce livre des Actes des Ap\u00f4tres nous transmet les premi\u00e8res proclamations des disciples de J\u00e9sus apr\u00e8s son d\u00e9part, les d\u00e9buts de la communaut\u00e9 chr\u00e9tienne, avec toujours le m\u00eame message : J\u00e9sus a \u00e9t\u00e9 mis \u00e0 mort, mais Dieu l\u2019a ressuscit\u00e9. <\/span><\/p>\n<p><span lang=\"fr-FR\"><span style=\"background-color: #ffff99\"><a style=\"background-color: #ffff99\" href=\"https:\/\/www.aelf.org\/2021-04-04\/romain\/messe#messe2_lecture1\" target=\"_blank\" rel=\"noopener\">Lecture du livre des Actes des Ap\u00f4tres<\/a><\/span> (Ac 10, 34a.37-43)<br \/><\/span><span lang=\"fr-FR\"><i>\u00ab Nous avons mang\u00e9 et bu avec lui apr\u00e8s sa r\u00e9surrection d\u2019entre les morts \u00bb<\/i><\/span><span lang=\"fr-FR\"><br \/><\/span><\/p>\n<h5 class=\"western\"><span style=\"color: #616161\">Psaume<\/span><\/h5>\n<p><span lang=\"fr-FR\"><span style=\"background-color: #ffff99\"><a style=\"background-color: #ffff99\" href=\"https:\/\/www.aelf.org\/2021-04-04\/romain\/messe#messe2_lecture2\" target=\"_blank\" rel=\"noopener\">Psaume 117<\/a><\/span> (118), 1.2, 16-17, 22-23<br \/><\/span><span style=\"color: #2a6099\"><span style=\"font-family: Calibri, sans-serif\"><span lang=\"fr-FR\">\u266a Voici le jour que fit le Seigneur, qu\u2019il soit pour nous jour de f\u00eate et de joie\u00a0! <\/span><\/span><\/span><span lang=\"fr-FR\"><br \/><\/span><u><\/u><\/p>\n<h5 class=\"western\"><span style=\"color: #616161\">Deuxi\u00e8me lecture<\/span><\/h5>\n<p><span style=\"color: #cc0000\"><span style=\"font-family: Times New Roman, serif\"><span style=\"font-size: small\"><span lang=\"fr-FR\">G\u00a0:<\/span><\/span><\/span><\/span><span lang=\"fr-FR\"> \u00c9coutons maintenant l&rsquo;appel que nous lance l&rsquo;ap\u00f4tre Paul en ce jour de P\u00e2ques.<\/span><\/p>\n<p><span lang=\"fr-FR\"><span style=\"background-color: #ffff99\"><a style=\"background-color: #ffff99\" href=\"https:\/\/www.aelf.org\/2021-04-04\/romain\/messe#messe2_lecture3\" target=\"_blank\" rel=\"noopener\">Lecture de la lettre de saint Paul ap\u00f4tre aux Colossiens<\/a><\/span> (Col 3, 1-4)<br \/><\/span><span lang=\"fr-FR\"><i>\u00ab Recherchez les r\u00e9alit\u00e9s d\u2019en haut, l\u00e0 o\u00f9 est le Christ \u00bb<\/i><\/span><\/p>\n<h5 class=\"western\"><span style=\"color: #616161;background-color: #ffff99\"><a style=\"color: #616161;background-color: #ffff99\" href=\"https:\/\/www.aelf.org\/2021-04-04\/romain\/messe#messe2_lecture5\" target=\"_blank\" rel=\"noopener\">S\u00e9quence de P\u00e2ques<\/a><\/span><\/h5>\n<h5 class=\"western\"><span style=\"color: #616161\">Proclamation de l\u2019\u00e9vangile<\/span><\/h5>\n<p><span style=\"color: #cc0000\"><span style=\"font-family: Times New Roman, serif\"><span style=\"font-size: small\"><span lang=\"fr-FR\">G\u00a0: <\/span><\/span><\/span><\/span><span lang=\"fr-FR\">Premier jour de la semaine apr\u00e8s la crucifixion, Marie-Madeleine, puis les disciples, tout le monde court vers le tombeau\u2026 c&rsquo;est d\u00e9routant\u2009: il est vide. Et Jean, qui voit avec les yeux du c\u0153ur, qui comprend les signes, croit: J\u00e9sus est ressuscit\u00e9\u00a0!<\/span><\/p>\n<p><span style=\"color: #cc0000\"><span style=\"font-family: Times New Roman, serif\"><span style=\"font-size: small\"><span lang=\"fr-FR\">Acclamons joyeusement l&rsquo;\u00e9vangile : <\/span><\/span><\/span><\/span><span style=\"color: #2a6099\"><span style=\"font-family: Calibri, sans-serif\"><span lang=\"fr-FR\">\u266a All\u00e9luia <br \/><\/span><\/span><\/span><span style=\"color: #cc0000\"><span style=\"font-family: Times New Roman, serif\"><span style=\"font-size: small\"><span lang=\"fr-FR\">G\u00a0:<\/span><\/span><\/span><\/span><span lang=\"fr-FR\"> Notre P\u00e2que immol\u00e9e, c\u2019est le Christ\u00a0! C\u00e9l\u00e9brons la F\u00eate dans le Seigneur\u00a0!<\/span><\/p>\n<p><span style=\"color: #cc0000\"><span style=\"font-family: Times New Roman, serif\"><span style=\"font-size: small\"><span lang=\"fr-FR\">L&rsquo;un d&rsquo;entre vous lit l&rsquo;\u00c9vangile lentement :\u00a0<\/span><\/span><\/span><\/span><span lang=\"fr-FR\"><span style=\"background-color: #ffff99\"><a style=\"background-color: #ffff99\" href=\"https:\/\/www.aelf.org\/2021-04-04\/romain\/messe#messe2_lecture6\" target=\"_blank\" rel=\"noopener\">\u00c9vangile de J\u00e9sus Christ selon saint Jean<\/a><\/span> (Jn 20, 1-9)<br \/><\/span><span lang=\"fr-FR\"><i>\u00ab Il fallait que J\u00e9sus ressuscite d\u2019entre les morts \u00bb<\/i><\/span><span lang=\"fr-FR\"><br \/><\/span><\/p>\n<h5><span style=\"color: #616161;background-color: #ffff99\"><a style=\"color: #616161;background-color: #ffff99\" href=\"https:\/\/eglise-catholique-valdorge.fr\/?p=4726\" target=\"_blank\" rel=\"noopener\">Commentaire du p\u00e8re G\u00e9rard<\/a><\/span><\/h5>\n<h5 class=\"western\"><span style=\"color: #616161\">Profession de foi<\/span><\/h5>\n<p><span style=\"color: #cc0000\"><span style=\"font-family: Times New Roman, serif\"><span style=\"font-size: small\"><span lang=\"fr-FR\">Nous professons maintenant la foi des Ap\u00f4tres, la foi de notre bapt\u00eame.<\/span><\/span><\/span><\/span><span lang=\"fr-FR\"><br \/><\/span><span style=\"color: #cc0000\"><span style=\"font-family: Times New Roman, serif\"><span style=\"font-size: small\"><span lang=\"fr-FR\">G :\u00a0<\/span><\/span><\/span><\/span><span lang=\"fr-FR\">Fr\u00e8res et s\u0153urs, par le myst\u00e8re pascal nous avons \u00e9t\u00e9 mis au tombeau avec le Christ, afin qu&rsquo;avec lui nous vivions d&rsquo;une vie nouvelle. Aussi, renouvelons notre profession de foi au Dieu vivant et vrai et \u00e0 son Fils J\u00e9sus Christ, dans la participation \u00e0 la vie de l&rsquo;\u00c9glise.<\/span><\/p>\n<p><span style=\"color: #cc0000\"><span style=\"font-family: Times New Roman, serif\"><span style=\"font-size: small\"><span lang=\"fr-FR\">Si vous choisissez la profession de foi dialogu\u00e9e<br \/><\/span><\/span><\/span><\/span><span style=\"color: #cc0000\"><span style=\"font-family: Times New Roman, serif\"><span style=\"font-size: small\"><span lang=\"fr-FR\">G : <\/span><\/span><\/span><\/span><span lang=\"fr-FR\">Croyez-vous en Dieu le P\u00e8re tout-puissant, cr\u00e9ateur du ciel et de la terre ?\u00a0<br \/><\/span><span lang=\"fr-FR\"><b>\u2013 Je crois<\/b><\/span><\/p>\n<p><span style=\"color: #cc0000\"><span style=\"font-family: Times New Roman, serif\"><span style=\"font-size: small\"><span lang=\"fr-FR\">G : <\/span><\/span><\/span><\/span><span lang=\"fr-FR\">Croyez-vous en J\u00e9sus Christ, son Fils unique, notre Seigneur, qui est n\u00e9 de la Vierge Marie, a souffert la Passion, a \u00e9t\u00e9 enseveli, est ressuscit\u00e9 d&rsquo;entre les morts,\u00a0 et qui est assis \u00e0 la droite du P\u00e8re ?\u00a0<br \/><\/span><span lang=\"fr-FR\"><b>\u2013 Je crois<\/b><\/span><\/p>\n<p><span style=\"color: #cc0000\"><span style=\"font-family: Times New Roman, serif\"><span style=\"font-size: small\"><span lang=\"fr-FR\">G : <\/span><\/span><\/span><\/span><span lang=\"fr-FR\">Croyez-vous en l&rsquo;Esprit Saint, \u00e0 la sainte \u00c9glise catholique, \u00e0 la communion des saints, au pardon des p\u00e9ch\u00e9s, \u00e0 la r\u00e9surrection de la chair, et \u00e0 la vie \u00e9ternelle ?\u00a0<br \/><\/span><span lang=\"fr-FR\"><b>\u2013 Je crois<\/b><\/span><\/p>\n<p><span style=\"color: #cc0000\"><span style=\"font-family: Times New Roman, serif\"><span style=\"font-size: small\"><span lang=\"fr-FR\">Si vous choisissez le symbole des Ap\u00f4tre r\u00e9cit\u00e9\u00a0:<\/span><\/span><\/span><\/span><\/p>\n<p lang=\"fr-FR\" align=\"CENTER\"><b>Je crois en Dieu, le P\u00e8re tout-puissant, Cr\u00e9ateur du ciel et de la terre.<br \/>Et en J\u00e9sus Christ, son Fils unique, notre Seigneur\u00a0;<br \/>qui a \u00e9t\u00e9 con\u00e7u du Saint Esprit, est n\u00e9 de la Vierge Marie,<br \/>a souffert sous Ponce Pilate, a \u00e9t\u00e9 crucifi\u00e9,<br \/>est mort et a \u00e9t\u00e9 enseveli, est descendu aux enfers\u00a0;<br \/>le troisi\u00e8me jour est ressuscit\u00e9 des morts,<br \/>est mont\u00e9 aux cieux, est assis \u00e0 la droite de Dieu le P\u00e8re tout-puissant,<br \/>d\u2019o\u00f9 il viendra juger les vivants et les morts.<br \/>Je crois en l\u2019Esprit Saint, \u00e0 la sainte \u00c9glise catholique, \u00e0 la communion des saints,<br \/>\u00e0 la r\u00e9mission des p\u00e9ch\u00e9s, \u00e0 la r\u00e9surrection de la chair, \u00e0 la vie \u00e9ternelle.<\/b><\/p>\n<h4 class=\"western\"><span style=\"color: #996600\">Prions<\/span><\/h4>\n<h5 class=\"western\"><span style=\"color: #616161\">Pri\u00e8re universelle<\/span><\/h5>\n<p><span style=\"color: #cc0000\"><span style=\"font-family: Times New Roman, serif\"><span style=\"font-size: small\"><span lang=\"fr-FR\">Apr\u00e8s un temps de silence nous partageons des intentions de pri\u00e8re. Vous pouvez les partager \u00e0 plusieurs voix. Un refrain peut \u00eatre repris entre chaque intentions.<br \/><\/span><\/span><\/span><\/span><span style=\"color: #cc0000\"><span style=\"font-family: Times New Roman, serif\"><span style=\"font-size: small\"><span lang=\"fr-FR\">G <\/span><\/span><\/span><\/span><span lang=\"fr-FR\">: Fortifi\u00e9s par la Bonne Nouvelle de la r\u00e9surrection de J\u00e9sus, confions au Christ notre pri\u00e8re\u00a0:<br \/><\/span><span style=\"color: #2a6099\">\u266a<\/span><span style=\"color: #2a6099\"> <span style=\"font-family: Calibri, sans-serif\"><span lang=\"fr-FR\">O Christ ressuscit\u00e9, exauce-nous. <\/span><\/span><\/span><\/p>\n<ul>\n<li>\n<p lang=\"fr-FR\"><span style=\"color: #000000\"><span style=\"font-family: Calibri, sans-serif\"><span style=\"font-size: medium\">Nous te disons merci, Christ ressuscit\u00e9, <br \/>sois pr\u00e9sence vivante au c\u0153ur des chr\u00e9tiens qui f\u00eatent la P\u00e2que aujourd&rsquo;hui, au c\u0153ur de l\u2019\u00c9glise qui c\u00e9l\u00e8bre l&rsquo;essentiel de sa foi, nous t&rsquo;en prions.<\/span><\/span><\/span><\/p>\n<\/li>\n<li>\n<p lang=\"fr-FR\"><span style=\"color: #000000\"><span style=\"font-family: Calibri, sans-serif\"><span style=\"font-size: medium\">Nous te disons merci, Christ ressuscit\u00e9, <br \/>sois pr\u00e9sence et esp\u00e9rance au c\u00f4t\u00e9 des cat\u00e9chum\u00e8nes baptis\u00e9s dans notre secteur durant les c\u00e9l\u00e9brations pascales\u00a0; <br \/>accorde leur ta gr\u00e2ce pour qu\u2019ils puissent te reconna\u00eetre tout au long de leur vie, nous t\u2019en prions. <\/span><\/span><\/span><\/p>\n<\/li>\n<li>\n<p lang=\"fr-FR\"><span style=\"color: #000000\"><span style=\"font-family: Calibri, sans-serif\"><span style=\"font-size: medium\">Nous te disons merci, Christ ressuscit\u00e9, <br \/>sois pr\u00e9sence et force au c\u0153ur des responsables hommes et femmes qui aident leurs fr\u00e8res \u00e0 rena\u00eetre, \u00e0 reprendre confiance en eux, et \u00e0 trouver les bons rem\u00e8des pour faire reculer la COVID, nous t&rsquo;en prions.<\/span><\/span><\/span><\/p>\n<\/li>\n<li>\n<p lang=\"fr-FR\"><span style=\"color: #000000\"><span style=\"font-family: Calibri, sans-serif\"><span style=\"font-size: medium\">Nous te disons merci, Christ ressuscit\u00e9, <br \/>sois pr\u00e9sence aimante au c\u0153ur de ceux qui vivent la maladie et l\u2019absence de ceux qu&rsquo;ils aiment, au c\u0153ur de ceux qui sont seuls et d\u00e9courag\u00e9s, nous t&rsquo;en prions.<\/span><\/span><\/span><\/p>\n<\/li>\n<li>\n<p lang=\"fr-FR\"><span style=\"color: #000000\"><span style=\"font-family: Calibri, sans-serif\"><span style=\"font-size: medium\">Nous te disons merci, Christ ressuscit\u00e9, <br \/>sois pr\u00e9sence et lumi\u00e8re au c\u0153ur de notre Dioc\u00e8se sur le chemin du synode qui essaie, jour apr\u00e8s jour, d&rsquo;\u00eatre un signe de ton amour pour tout homme, nous t&rsquo;en prions.<\/span><\/span><\/span><\/p>\n<\/li>\n<li>\n<p lang=\"fr-FR\"><span style=\"color: #000000\"><span style=\"font-family: Calibri, sans-serif\"><span style=\"font-size: medium\">Nous te disons merci, Christ ressuscit\u00e9, <br \/>sois pr\u00e9sence et guide pour nos fr\u00e8res et s\u0153urs qui recevront le bapt\u00eame ce dimanche et ceux baptis\u00e9s hier, que nos communaut\u00e9s paroissiales s&rsquo;enrichissent de leur pr\u00e9sence et sachent les accompagner sur leur chemin de croyants, nous t&rsquo;en prions.<\/span><\/span><\/span><\/p>\n<\/li>\n<\/ul>\n<p><span style=\"color: #cc0000\"><span style=\"font-family: Times New Roman, serif\"><span style=\"font-size: small\"><span lang=\"fr-FR\">Chacun pourra ensuite poursuivre avec des intentions personnelles de pri\u00e8re.<br \/><\/span><\/span><\/span><\/span><span style=\"color: #cc0000\"><span style=\"font-family: Times New Roman, serif\"><span style=\"font-size: small\"><span lang=\"fr-FR\">G\u00a0<\/span><\/span><\/span><\/span><span lang=\"fr-FR\">: Ce n&rsquo;est pas sur nos forces que nous comptons, Seigneur, mais sur la puissance de ta r\u00e9surrection. Fortifie-nous, accorde-nous la gr\u00e2ce d&rsquo;un souffle nouveau et exauce notre pri\u00e8re en faveur de tous les hommes. Toi, le Vivant pour les si\u00e8cles des si\u00e8cles. <br \/><\/span><span lang=\"fr-FR\"><b>Amen<\/b><\/span><span lang=\"fr-FR\">.<\/span><\/p>\n<h5 class=\"western\"><span style=\"color: #616161\">Notre P\u00e8re<\/span><\/h5>\n<p><span style=\"color: #cc0000\"><span style=\"font-family: Times New Roman, serif\"><span style=\"font-size: small\"><span lang=\"fr-FR\">G :\u00a0<\/span><\/span><\/span><\/span><span lang=\"fr-FR\">Remplis de la joie de P\u00e2ques, redisons ensemble avec confiance la pri\u00e8re que J\u00e9sus nous a apprise\u00a0<\/span><span lang=\"fr-FR\">:<\/span><\/p>\n<p align=\"CENTER\"><span lang=\"fr-FR\"><b>Notre P\u00e8re, qui es aux cieux, <br \/>que ton nom soit sanctifi\u00e9,<br \/>que ton r\u00e8gne vienne,<br \/>que ta volont\u00e9 soit faite sur la terre comme au ciel.<br \/>Donne-nous aujourd&rsquo;hui notre pain de ce jour.<br \/><\/b><\/span><b> <\/b><span lang=\"fr-FR\"><b>Pardonne-nous nos offenses,<br \/>comme nous pardonnons aussi \u00e0 ceux qui nous ont offens\u00e9s.<br \/>Et ne nous laisse pas entrer en tentation<br \/>mais d\u00e9livre-nous du Mal.<br \/>Amen<\/b><\/span><\/p>\n<p><span style=\"color: #cc0000\"><span style=\"font-family: Times New Roman, serif\"><span style=\"font-size: small\"><span lang=\"fr-FR\">Nous pouvons poursuivre\u00a0: <\/span><\/span><\/span><\/span><span lang=\"fr-FR\">D\u00e9livre-nous de tout mal Seigneur et donne la paix \u00e0 notre temps. Par ta mis\u00e9ricorde lib\u00e8re-nous du p\u00e9ch\u00e9, rassure-nous devant les \u00e9preuves en cette vie o\u00f9 nous esp\u00e9rons le bonheur que tu promets dans la venue de J\u00e9sus-Christ notre Sauveur.<br \/>Car c&rsquo;est \u00e0 Toi qu&rsquo;appartiennent le R\u00e8gne, la Puissance et la Gloire pour les si\u00e8cles des si\u00e8cles.<\/span><\/p>\n<p lang=\"fr-FR\" align=\"LEFT\"><b>Amen<\/b><\/p>\n<h5 class=\"western\"><span style=\"color: #616161\">Pri\u00e8re de communion spirituelle<\/span><\/h5>\n<p><span style=\"color: #cc0000\"><span style=\"font-family: Times New Roman, serif\"><span style=\"font-size: small\"><span lang=\"fr-FR\">G invite ceux qui sont rassembl\u00e9s \u00e0 la maison \u00e0 s&rsquo;unir \u00e0 la pri\u00e8re de communion spirituelle\u00a0:<\/span><\/span><\/span><\/span><\/p>\n<p align=\"CENTER\"><span style=\"color: #000080\"><span lang=\"fr-FR\">Seigneur J\u00e9sus, je crois \u00e0 ta v\u00e9ritable pr\u00e9sence<br \/>dans le pain et dans le vin consacr\u00e9s.<br \/>Je t&rsquo;aime toi le Seigneur de ma vie.<br \/>Je d\u00e9sire profond\u00e9ment r\u00e9pondre \u00e0 ton invitation,<br \/><\/span> <span lang=\"fr-FR\">communier, te recevoir au plus intime de ma vie.<br \/>Je ne peux maintenant te recevoir sacramentellement.<br \/>Viens Seigneur habiter spirituellement ma vie.<br \/>J&rsquo;ai faim de ton amour, j&rsquo;ai faim de ta vie donn\u00e9e pour nourrir toute ma vie.<br \/>Au jour le jour que j&rsquo;apprenne de toi \u00e0 donner ma vie, \u00e0 aimer.<br \/>Oui, Seigneur J\u00e9sus que je demeure fid\u00e8le \u00e0 ton commandement<br \/><\/span> <span lang=\"fr-FR\">et que jamais je ne sois s\u00e9par\u00e9 de toi. <br \/><\/span><span lang=\"fr-FR\"><b>Amen<\/b><\/span><\/span><\/p>\n<p><span style=\"color: #cc0000\"><span style=\"font-family: Times New Roman, serif\"><span style=\"font-size: small\"><span lang=\"fr-FR\">Cette pri\u00e8re est suivie d&rsquo;un bon moment de silence, de communion spirituelle.<\/span><\/span><\/span><\/span><\/p>\n<h4 class=\"western\"><span style=\"color: #996600\">Nous sommes envoy\u00e9s<\/span><\/h4>\n<p class=\"western\"><span style=\"color: #cc0000\"><span style=\"font-family: Times New Roman, serif\"><span style=\"font-size: small\"><span lang=\"fr-FR\">Comme nous sommes invit\u00e9s \u00e0 marcher, \u00e0 faire synode :\u00a0<\/span><\/span><\/span><\/span><\/p>\n<p align=\"center\"><img loading=\"lazy\" decoding=\"async\" class=\"alignleft wp-image-4254 size-full\" src=\"https:\/\/eglise-catholique-valdorge.fr\/wp-content\/uploads\/2021\/01\/logo-evry-2_ppa_frise_inv-copie-e1600766528635-300x231-1.jpg\" alt=\"\" width=\"300\" height=\"231\" \/><span style=\"color: #000080\"><strong>Dieu Notre P\u00e8re, tu nous as cr\u00e9\u00e9s \u00e0 ta ressemblance. Tu as tellement aim\u00e9 les hommes que tu nous as donn\u00e9 ton Fils afin qu\u2019il nous conduise vers toi et nous unisse dans l\u2019Esprit.<\/strong><\/span><br \/><span style=\"color: #000080\"><strong>Tels que nous sommes, disciples de J\u00e9sus-Christ, assur\u00e9s de sa pr\u00e9sence en toutes circonstances, nous l\u2019accueillons dans le service du prochain.<\/strong><\/span><br \/><span style=\"color: #000080\"><strong>T\u00e9moins ensemble de l\u2019\u00c9vangile en cette terre d\u2019Essonne, nous voulons poursuivre Sa mission en prenant soin de chacun.<\/strong><\/span><br \/><span style=\"color: #000080\"><strong>Que ton Esprit-Saint nous rende attentifs \u00e0 tous ceux parmi lesquels nous vivons, partageant leurs joies et leurs espoirs, leurs tristesses et leurs angoisses.<\/strong><\/span><br \/><span style=\"color: #000080\"><strong>Qu\u2019il nous donne, avec le synode, de fortifier le souci du monde que nous habitons, le souci de tous et particuli\u00e8rement des plus fragiles.<\/strong><\/span><br \/><span style=\"color: #000080\"><strong>A l\u2019\u00e9coute de ce que ton Esprit dit \u00e0 ton Peuple qui est en Essonne, aide-nous \u00e0 discerner, consolider, choisir et inventer les chemins pour la marche de notre \u00c9glise dioc\u00e9saine dans les prochaines ann\u00e9es.<\/strong><\/span><br \/><span style=\"color: #000080\"><strong>A l\u2019\u00e9coute de ta Parole, avec Notre-Dame de Bonne Garde, puissions-nous \u00eatre le reflet de ton regard, de Ta pr\u00e9sence et de la joie de l\u2019\u00c9vangile.<\/strong><\/span><br \/><span style=\"color: #000080\"><strong>Amen !<\/strong><\/span><\/p>\n<p><span style=\"color: #cc0000\"><span style=\"font-family: Times New Roman, serif\"><span style=\"font-size: small\"><span lang=\"fr-FR\">G :<\/span><\/span><\/span><\/span><span lang=\"fr-FR\">\u00a0Par cette c\u00e9l\u00e9bration, Dieu de lumi\u00e8re, la r\u00e9surrection de ton Fils germe d\u00e9j\u00e0 en nous. Cette puissance de vie, que l&rsquo;Esprit vienne la d\u00e9ployer dans ton \u00c9glise jusqu&rsquo;\u00e0 la f\u00eate des f\u00eates, ce jour \u00e9ternel que tu nous pr\u00e9pares et o\u00f9 tu seras glorifi\u00e9 dans les si\u00e8cles des si\u00e8cles <br \/><\/span><span lang=\"fr-FR\"><b>Amen\u00a0!<\/b><\/span><\/p>\n<p><span style=\"color: #cc0000\"><span style=\"font-family: Times New Roman, serif\"><span style=\"font-size: small\"><span lang=\"fr-FR\">Puis le ou la plus ancien(ne) b\u00e9nit l&rsquo;assembl\u00e9e\u00a0:<\/span><\/span><\/span><\/span><span lang=\"fr-FR\"> <br \/><\/span><span lang=\"fr-FR\">Que demeure en vous la gr\u00e2ce de Dieu, la gr\u00e2ce pascale qu&rsquo;il vous offre aujourd&rsquo;hui\u00a0: qu&rsquo;elle vous prot\u00e8ge de l&rsquo;oubli et du doute.<\/span><span lang=\"fr-FR\"><b><br \/>Amen\u00a0!<\/b><\/span><\/p>\n<p lang=\"fr-FR\">Par la r\u00e9surrection de son Fils, il vous fait d\u00e9j\u00e0 rena\u00eetre : qu&rsquo;il vous rappelle toujours \u00e0 cette joie\u00a0<span lang=\"fr-FR\">que rien, pas m\u00eame la mort, ne pourra vous ravir.<\/span><span lang=\"fr-FR\"><b><br \/>Amen\u00a0!<\/b><\/span><\/p>\n<p><span lang=\"fr-FR\">Ils sont finis, les jours de la Passion, suivez maintenant les pas du Ressuscit\u00e9\u00a0: suivez-le d\u00e9sormais jusqu&rsquo;\u00e0 son Royaume, o\u00f9 vous poss\u00e9derez enfin la joie parfaite.<\/span><span lang=\"fr-FR\"><b><br \/>Amen\u00a0!<\/b><\/span><\/p>\n<p><span lang=\"fr-FR\">Allons dans la paix du Christ\u00a0! All\u00e9luia\u00a0! All\u00e9luia\u00a0!<\/span><span style=\"color: #cc0000\"><span style=\"font-family: Times New Roman, serif\"><span style=\"font-size: small\"><span lang=\"fr-FR\"><b><br \/><\/b><\/span><\/span><\/span><\/span><span style=\"color: #cc0000\"><span style=\"font-family: Times New Roman, serif\"><span style=\"font-size: small\"><span lang=\"fr-FR\">Tous\u00a0: <\/span><\/span><\/span><\/span><span lang=\"fr-FR\"><b>Nous rendons gr\u00e2ce \u00e0 Dieu. All\u00e9luia\u00a0! All\u00e9luia\u00a0!<\/b><\/span><\/p>\n<p><span style=\"color: #cc0000\"><span style=\"font-family: Times New Roman, serif\"><span style=\"font-size: small\"><span lang=\"fr-FR\">Puis laissons \u00e9clater notre joie par un chant, par exemple : <\/span><\/span><\/span><\/span><span style=\"color: #0084d1\"><span lang=\"fr-FR\">\u266a <span style=\"background-color: #ccffff\"><a style=\"background-color: #ccffff\" href=\"https:\/\/youtu.be\/FBlBWdWYgdk\" target=\"_blank\" rel=\"noopener\">Il est temps de quitter vos tombeaux<\/a><\/span> <\/span><\/span><span style=\"color: #cc0000\"><span style=\"font-family: Times New Roman, serif\"><span style=\"font-size: small\"><span lang=\"fr-FR\">ou<\/span><\/span><\/span><\/span><span style=\"color: #0084d1\"><span lang=\"fr-FR\"> \u266a <span style=\"background-color: #ccffff\"><a style=\"background-color: #ccffff\" href=\"https:\/\/youtu.be\/vnhv9TyBD1g\" target=\"_blank\" rel=\"noopener\">Victoire All\u00e9luia<\/a><\/span> \u00a0<\/span><\/span><span style=\"color: #cc0000\"><span style=\"font-family: Times New Roman, serif\"><span style=\"font-size: small\"><span lang=\"fr-FR\">ou <\/span><\/span><\/span><\/span><span style=\"color: #0084d1\"><span lang=\"fr-FR\">\u266a <span style=\"background-color: #ccffff\"><a style=\"background-color: #ccffff\" href=\"https:\/\/youtu.be\/CpWILwqjICs\" target=\"_blank\" rel=\"noopener\">Par toute la terre (criez de joie, Christ est Ressuscit\u00e9)<\/a> <\/span><\/span><\/span><span style=\"color: #cc0000\"><span style=\"font-family: Times New Roman, serif\"><span style=\"font-size: small\"><span lang=\"fr-FR\">ou bien\u00a0<\/span><\/span><\/span><\/span><span style=\"color: #2a6099\">\u266a <span style=\"font-family: Calibri, sans-serif\"><span lang=\"fr-FR\"><span style=\"background-color: #ccffff\"><a style=\"background-color: #ccffff\" href=\"https:\/\/youtu.be\/JyK2KXvYuGo\" target=\"_blank\" rel=\"noopener\">All\u00e9luia, Christ est vivant<\/a><\/span>\u00a0<\/span><\/span><\/span><\/p>\n<p><span style=\"color: #cc0000\"><span style=\"font-family: Times New Roman, serif\"><span style=\"font-size: small\"><span lang=\"fr-FR\">Bonne f\u00eate de P\u00e2ques !<\/span><\/span><\/span><\/span><\/p>\n<h3 class=\"western\" style=\"text-align: center\">Et aussi&#8230;<\/h3>\n<h5 class=\"western\" style=\"text-align: left\"><span style=\"color: #616161\">Vivre en \u00c9glise et faire vivre l\u2019\u00c9glise<\/span><\/h5>\n<p><span lang=\"fr-FR\">N\u2019oublions pas de participer \u00e9galement \u00e0 la vie financi\u00e8re de notre paroisse\u00a0: par l\u2019application la Qu\u00eate <\/span><span style=\"color: #000080\"><u><a class=\"western\" href=\"https:\/\/www.appli-laquete.fr\/\"><span lang=\"fr-FR\">https:\/\/www.appli-laquete.fr\/<\/span><\/a><\/u><\/span><span lang=\"fr-FR\">, en ligne <\/span><span style=\"color: #000080\"><u><a class=\"western\" href=\"https:\/\/donner.catholique.fr\/quete-v2\/~mon-don?_cv=1quete.catholique.fr\" target=\"_blank\" rel=\"noopener\"><span lang=\"fr-FR\">https:\/\/donner.catholique.fr\/quete-v2\/~mon-don?_cv=1quete.catholique.fr<\/span><\/a><\/u><\/span><span lang=\"fr-FR\"> ou bien en faisant parvenir directement \u00e0 la paroisse notre participation.<\/span><\/p>\n<h5 class=\"western\" style=\"text-align: left\"><span style=\"color: #616161\">Chants du synode<\/span><\/h5>\n<p class=\"western\">Les chants du synode peuvent aussi participer \u00e0 notre pri\u00e8re.<br \/><span style=\"color: #2a6099\">\u266a<\/span> <span style=\"color: #2a6099\"><span style=\"font-family: Calibri, sans-serif\"><span lang=\"fr-FR\">Prenons soin les uns de autres <\/span><\/span><\/span>(<span style=\"background-color: #ccffff\"><a style=\"background-color: #ccffff\" href=\"https:\/\/evry.catholique.fr\/wp-content\/uploads\/2020\/09\/Prenons-soin-les-uns-des-autres-paroles.pdf\" target=\"_blank\" rel=\"noopener\">Paroles<\/a><\/span><span style=\"background-color: #ccffff\">\u00a0<\/span>&amp; <span style=\"background-color: #ccffff\"><a style=\"background-color: #ccffff\" href=\"https:\/\/youtu.be\/sUqFbYHsRes\" target=\"_blank\" rel=\"noopener\">Musique<\/a><\/span>)<br \/><span style=\"color: #2a6099\">\u266a<\/span> <span style=\"color: #2a6099\"><span style=\"font-family: Calibri, sans-serif\"><span lang=\"fr-FR\">Peuple de Dieu, va sur ton chemin <\/span><\/span><\/span>(<span style=\"background-color: #ccffff\"><a style=\"background-color: #ccffff\" href=\"https:\/\/evry.catholique.fr\/wp-content\/uploads\/2020\/09\/Peuple-de-Dieu-va-sur-ton-chemin-paroles.pdf\" target=\"_blank\" rel=\"noopener\">Paroles<\/a> <\/span>&amp; <span style=\"background-color: #ccffff\"><a style=\"background-color: #ccffff\" href=\"https:\/\/youtu.be\/ZHje-NOe3b4\" target=\"_blank\" rel=\"noopener\">Musique<\/a><\/span>)<\/p>\n<p>\u00a0<\/p>\n","protected":false},"excerpt":{"rendered":"","protected":false},"author":2,"featured_media":4732,"comment_status":"closed","ping_status":"closed","sticky":false,"template":"","format":"standard","meta":{"kt_blocks_editor_width":"","footnotes":""},"categories":[7,30],"tags":[4,23,29,38],"_links":{"self":[{"href":"https:\/\/eglise-catholique-valdorge.fr\/index.php?rest_route=\/wp\/v2\/posts\/4719"}],"collection":[{"href":"https:\/\/eglise-catholique-valdorge.fr\/index.php?rest_route=\/wp\/v2\/posts"}],"about":[{"href":"https:\/\/eglise-catholique-valdorge.fr\/index.php?rest_route=\/wp\/v2\/types\/post"}],"author":[{"embeddable":true,"href":"https:\/\/eglise-catholique-valdorge.fr\/index.php?rest_route=\/wp\/v2\/users\/2"}],"replies":[{"embeddable":true,"href":"https:\/\/eglise-catholique-valdorge.fr\/index.php?rest_route=%2Fwp%2Fv2%2Fcomments&post=4719"}],"version-history":[{"count":16,"href":"https:\/\/eglise-catholique-valdorge.fr\/index.php?rest_route=\/wp\/v2\/posts\/4719\/revisions"}],"predecessor-version":[{"id":4767,"href":"https:\/\/eglise-catholique-valdorge.fr\/index.php?rest_route=\/wp\/v2\/posts\/4719\/revisions\/4767"}],"wp:featuredmedia":[{"embeddable":true,"href":"https:\/\/eglise-catholique-valdorge.fr\/index.php?rest_route=\/wp\/v2\/media\/4732"}],"wp:attachment":[{"href":"https:\/\/eglise-catholique-valdorge.fr\/index.php?rest_route=%2Fwp%2Fv2%2Fmedia&parent=4719"}],"wp:term":[{"taxonomy":"category","embeddable":true,"href":"https:\/\/eglise-catholique-valdorge.fr\/index.php?rest_route=%2Fwp%2Fv2%2Fcategories&post=4719"},{"taxonomy":"post_tag","embeddable":true,"href":"https:\/\/eglise-catholique-valdorge.fr\/index.php?rest_route=%2Fwp%2Fv2%2Ftags&post=4719"}],"curies":[{"name":"wp","href":"https:\/\/api.w.org\/{rel}","templated":true}]}}