{"id":4726,"date":"2021-04-03T19:00:00","date_gmt":"2021-04-03T17:00:00","guid":{"rendered":"https:\/\/eglise-catholique-valdorge.fr\/?p=4726"},"modified":"2021-05-28T15:00:54","modified_gmt":"2021-05-28T13:00:54","slug":"homelie-du-dimanche-de-paques-b","status":"publish","type":"post","link":"https:\/\/eglise-catholique-valdorge.fr\/?p=4726","title":{"rendered":"Hom\u00e9lie du dimanche de P\u00e2ques B"},"content":{"rendered":"\n<p align=\"CENTER\"><u><b>HOM\u00c9LIE DU DIMANCHE DE P\u00c2QUES B<\/b><\/u><\/p>\n<p>Jean nous pr\u00e9sente, Fr\u00e8res et s\u0153urs, le r\u00e9cit qui se trouve au c\u0153ur de l&rsquo;\u00c9vangile. J\u00e9sus, que la violence des hommes a crucifi\u00e9, est ressuscit\u00e9. Marie-Madeleine a vaincu sa peur afin de s&rsquo;occuper du corps de son ami. Tous les r\u00e9cits \u00e9vang\u00e9liques de cet \u00e9v\u00e9nement varient sur certains points. Mais le point qui<span style=\"color: #000000\"> leur est commun, est que, Marie-Madeleine qui est la premi\u00e8re \u00e0 aller au tombeau, s\u2019y est rendu de grand matin. Lorsqu\u2019elle constate que la pierre a \u00e9t\u00e9 retir\u00e9e, elle en vient \u00e0 la conclusion que quelqu&rsquo;un est entr\u00e9 et a enlev\u00e9 le corps de J\u00e9sus. Mais Jean ne nous dit pas si elle est entr\u00e9e ou a m\u00eame regard\u00e9 dans la tombe. Au point o\u00f9 l\u2019on se demande si elle a vraiment v\u00e9rifi\u00e9 que le corps de J\u00e9sus n&rsquo;\u00e9tait pas l\u00e0 ? N\u00e9anmoins, elle va dire \u00e0 Pierre ce qu&rsquo;elle pense \u00eatre arriv\u00e9. Et l\u00e0, Pierre et l\u2019autre disciple, surpris de ce qu\u2019elle racontait, courent pour aller constater les faits eux-m\u00eames. <\/span>Le disciple sans nom, arrive le premier mais n&rsquo;entre pas dans le tombeau, il attend l&rsquo;arriv\u00e9e de Pierre. Une fois \u00e0 l&rsquo;int\u00e9rieur, Pierre d\u00e9couvre que le tombeau est vide. Et contrairement \u00e0 Lazare, mort depuis quatre jours, qui a tr\u00e9buch\u00e9 hors de sa tombe g\u00ean\u00e9 par ses enveloppes fun\u00e9raires, les v\u00eatements de J\u00e9sus sont toujours l\u00e0. Ceci indique que les voleurs de tombes n&rsquo;avaient pas pris le corps de J\u00e9sus\u00a0; que les tissus, en particulier le suaire, \u00e9taient dans un \u00e9tat apparemment bien rang\u00e9; ce qui indique que quelque chose de sp\u00e9cial s&rsquo;\u00e9tait produit. <i>Et c\u2019est la Bonne Nouvelle de ce jour\u00a0: J\u00e9sus est sorti vivant du tombeau, il a vaincu la mort\u00a0; une nouvelle cr\u00e9ation a commenc\u00e9.<\/i> Jean nous dit que le disciple sans nom a vu et cru. Jusqu&rsquo;\u00e0 pr\u00e9sent, ils n&rsquo;ont pas rencontr\u00e9 J\u00e9sus ressuscit\u00e9 des morts, mais ont d\u00e9duit sa r\u00e9surrection. l&rsquo;importance de la r\u00e9surrection de J\u00e9sus ne consiste pas simplement \u00e0 conna\u00eetre ou \u00e0 r\u00e9citer des d\u00e9tails sur un tombeau vide, aussi cruciaux soient-ils. Plus important encore, la r\u00e9surrection leur fournit la preuve de l&rsquo;engagement de Dieu envers toute l&rsquo;humanit\u00e9. Elle annonce que l&rsquo;amour radical de Dieu est en marche, brisant les fronti\u00e8res et les cat\u00e9gories ch\u00e9ries et de longue date.<\/p>\n<p>Le tombeau vide est partout o\u00f9 le mal semble avoir eu le dessus. Le tombeau vide est l\u00e0 o\u00f9 nos l\u00e2chet\u00e9s et nos \u00e9go\u00efsmes collectifs ont remport\u00e9 la victoire. Le tombeau vide est l\u00e0 o\u00f9, chaque jour, le d\u00e9couragement et le d\u00e9sespoir nous guettent. Mais c&rsquo;est l\u00e0, exactement l\u00e0, que peut rena\u00eetre notre foi. L\u00e0 o\u00f9 nos yeux de chair voient une impasse, une fin sans retour, un pardon impossible, le regard de la foi peut d\u00e9couvrir les signes de la victoire de J\u00e9sus ressuscit\u00e9. La mort de J\u00e9sus avait plong\u00e9 les disciples dans les t\u00e9n\u00e8bres. Ce n\u2019est que petit \u00e0 petit que celles-ci allaient se dissiper pour faire place \u00e0 quelque chose d\u2019absolument inattendu. Dieu a lib\u00e9r\u00e9 J\u00e9sus de la mort elle-m\u00eame.<\/p>\n<p>Fr\u00e8re et s\u0153urs, ressentons-nous de la joie, de l&rsquo;espoir ou de la certitude en ce matin de P\u00e2ques ?<\/p>\n<p>Sinon la r\u00e9surrection de J\u00e9sus serait pour nous sans valeur si la lumi\u00e8re divine ne resplendissait pas en m\u00eame temps parmi nous et au-dedans de nous. Nous ne pouvons dignement c\u00e9l\u00e9bre<span style=\"color: #000000\">r la P\u00e2que que si, dans notre \u00e2me, la lumi\u00e8re apport\u00e9e par le Sauveur, a compl\u00e8tement vaincu les t\u00e9<\/span>n\u00e8bres de la peur et du d\u00e9couragement qui nous font souvent tituber et fausser nos perceptions. C\u2019est pourquoi St Paul nous invite \u00ab\u00a0\u00e0 rechercher les r\u00e9alit\u00e9s d\u2019en haut et \u00e0 tendre vers les r\u00e9alit\u00e9s d\u2019en haut, et non pas vers celles de la terre\u00a0\u00bb (Colossiens 3, 1-2 ) appelant ainsi tous les croyants, \u00e0 \u00e9lever leur vision, \u00e0 regarder au-del\u00e0 des complications et du d\u00e9sordre de la vie quotidienne. Bien aim\u00e9s du Seigneur ressuscit\u00e9, la mort et la r\u00e9surrection de J\u00e9sus entra\u00eenent d&rsquo;une certaine mani\u00e8re notre mort au p\u00e9ch\u00e9 et la r\u00e9surrection \u00e0 la vie nouvelle.<\/p>\n<p>Sans la croix, la gloire du Ressuscit\u00e9 ne peut devenir notre part. Dans le m\u00eame temps, le Seigneur conna\u00eet notre lenteur et la faiblesse de notre foi. Pierre et les autres ap\u00f4tres participeront \u00e0 la Passion de leur ma\u00eetre, mais seulement apr\u00e8s que la force de sa R\u00e9surrection leur aura \u00e9t\u00e9 communiqu\u00e9e. Notre Seigneur agit de m\u00eame avec nous.<\/p>\n<p>Malgr\u00e9 tout ce que nous avons souffert et support\u00e9, ou supportons encore, nous sommes loin d\u2019avoir aid\u00e9 J\u00e9sus \u00e0 porter sa croix. Nous avons dormi durant son agonie, nous l\u2019avons abandonn\u00e9, nous l\u2019avons reni\u00e9 par nos p\u00e9ch\u00e9s multiples. Cependant, si peu pr\u00e9par\u00e9s, si impurs que nous soyons, J\u00e9sus nous invite \u00e0 entrer dans la joie pascale. Le pardon et la vie ont jailli du s\u00e9pulcre vide. Et le Christ ressuscit\u00e9 surmonte tous les obstacles qui s\u2019interposent entre lui et nous. Laissons donc jaillir notre joie avec gratitude et reconnaissance.<\/p>\n<p align=\"CENTER\">BONNE F\u00caTE DE P\u00c2QUES A TOUTES ET A TOUS<\/p>\n<p align=\"RIGHT\"><i>p\u00e8re G\u00e9rard EKLU<\/i><\/p>\n","protected":false},"excerpt":{"rendered":"","protected":false},"author":2,"featured_media":4377,"comment_status":"closed","ping_status":"closed","sticky":false,"template":"","format":"standard","meta":{"kt_blocks_editor_width":"","footnotes":""},"categories":[7,30],"tags":[4,23,29,38],"_links":{"self":[{"href":"https:\/\/eglise-catholique-valdorge.fr\/index.php?rest_route=\/wp\/v2\/posts\/4726"}],"collection":[{"href":"https:\/\/eglise-catholique-valdorge.fr\/index.php?rest_route=\/wp\/v2\/posts"}],"about":[{"href":"https:\/\/eglise-catholique-valdorge.fr\/index.php?rest_route=\/wp\/v2\/types\/post"}],"author":[{"embeddable":true,"href":"https:\/\/eglise-catholique-valdorge.fr\/index.php?rest_route=\/wp\/v2\/users\/2"}],"replies":[{"embeddable":true,"href":"https:\/\/eglise-catholique-valdorge.fr\/index.php?rest_route=%2Fwp%2Fv2%2Fcomments&post=4726"}],"version-history":[{"count":5,"href":"https:\/\/eglise-catholique-valdorge.fr\/index.php?rest_route=\/wp\/v2\/posts\/4726\/revisions"}],"predecessor-version":[{"id":4747,"href":"https:\/\/eglise-catholique-valdorge.fr\/index.php?rest_route=\/wp\/v2\/posts\/4726\/revisions\/4747"}],"wp:featuredmedia":[{"embeddable":true,"href":"https:\/\/eglise-catholique-valdorge.fr\/index.php?rest_route=\/wp\/v2\/media\/4377"}],"wp:attachment":[{"href":"https:\/\/eglise-catholique-valdorge.fr\/index.php?rest_route=%2Fwp%2Fv2%2Fmedia&parent=4726"}],"wp:term":[{"taxonomy":"category","embeddable":true,"href":"https:\/\/eglise-catholique-valdorge.fr\/index.php?rest_route=%2Fwp%2Fv2%2Fcategories&post=4726"},{"taxonomy":"post_tag","embeddable":true,"href":"https:\/\/eglise-catholique-valdorge.fr\/index.php?rest_route=%2Fwp%2Fv2%2Ftags&post=4726"}],"curies":[{"name":"wp","href":"https:\/\/api.w.org\/{rel}","templated":true}]}}