{"id":4750,"date":"2021-04-09T18:00:55","date_gmt":"2021-04-09T16:00:55","guid":{"rendered":"https:\/\/eglise-catholique-valdorge.fr\/?p=4750"},"modified":"2025-09-20T18:43:49","modified_gmt":"2025-09-20T16:43:49","slug":"meditation-vendredi-saint-2021","status":"publish","type":"post","link":"https:\/\/eglise-catholique-valdorge.fr\/?p=4750","title":{"rendered":"M\u00e9ditation Vendredi Saint 2021"},"content":{"rendered":"\n<p><strong>\u00a0\u00ab<span style=\"color: #0000ff;\">\u00a0<\/span><span style=\"color: #0000ff;\"><em>Il sortit et se rendit comme d&rsquo;habitude au mont des Oliviers, et les disciples le suivirent. 40 Arriv\u00e9 sur place, il leur dit : \u00ab Priez pour ne pas tomber au pouvoir de la tentation. \u00bb 41 Et lui s&rsquo;\u00e9loigna d&rsquo;eux \u00e0 peu pr\u00e8s \u00e0 la distance d&rsquo;un jet de pierre ; s&rsquo;\u00e9tant mis \u00e0 genoux, il priait, disant : 42 \u00ab P\u00e8re, si tu veux \u00e9carter de moi cette coupe&#8230; Pourtant, que ce ne soit pas ma volont\u00e9 mais la tienne qui se r\u00e9alise ! \u00bb 43 Alors lui apparut du ciel un ange qui le fortifiait. Pris d&rsquo;angoisse, il priait plus instamment, et sa sueur devint comme des caillots de sang qui tombaient \u00e0 terre. 45 Quand, apr\u00e8s cette pri\u00e8re, il se releva et vint vers les disciples, il les trouva endormis de tristesse. 46 Il leur dit : \u00ab Quoi ! Vous dormez ! Levez-vous et priez afin de ne pas tomber au pouvoir de la tentation !<\/em><\/span><\/strong> \u00bb <strong>Evangile de Luc ch.22.39-46<\/strong><\/p>\n<p>Arr\u00eatons-nous \u00e0 l\u2019entr\u00e9e de la Passion. Entrons dans le jardin o\u00f9 J\u00e9sus et ses disciples avaient l\u2019habitude de se retrouver pour prier. Comment est la nuit\u00a0?\u00a0 Est-elle claire\u00a0? \u00a0En tous cas tout \u00e0 l\u2019heure ce sera l\u2019heure des t\u00e9n\u00e8bres. Des gardes viendront arr\u00eater J\u00e9sus, Judas le d\u00e9noncera. Mais pour J\u00e9sus et ses disciples c\u2019est l\u2019heure de s\u2019arr\u00eater et de prier pour se pr\u00e9parer au combat contre le mal. Combat d\u2019abord int\u00e9rieur. \u00ab\u00a0Priez pour ne pas entrer en tentation \u00bb<\/p>\n<p>J\u00e9sus pr\u00e9sente la pri\u00e8re comme une vigilance et un combat. Mais un combat pacifique. J\u00e9sus va refuser la violence. Prier est aussi une fa\u00e7on de refuser la violence. Juste avant ce passage les disciples, qui ont mal interpr\u00e9t\u00e9 les propos de J\u00e9sus, lui proposent des \u00e9p\u00e9es qu\u2019ils refusent, juste apr\u00e8s J\u00e9sus r\u00e9pond aux disciples qui veulent se battre \u00ab\u00a0laissez faire\u00a0\u00bb et il gu\u00e9rit le serviteur du Grand Pr\u00eatre bless\u00e9 par l\u2019\u00e9p\u00e9e d\u2019un disciple. J\u00e9sus refuse de combattre les violents, qui vont s\u2019emparer de lui, mais m\u00e8ne un violent combat int\u00e9rieur. De la violence de ce combat, l\u2019Evangile de Luc donne un t\u00e9moignage unique sur l\u2019angoisse de J\u00e9sus qui se manifeste par \u00ab\u00a0une sueur qui devint comme des caillots de sang.\u00a0\u00bb\u00a0 Ces versets manquent dans de bons manuscrits. Cela s\u2019explique certainement par la g\u00eane devant ce J\u00e9sus trop humain.\u00a0 Pourtant m\u00eame un \u00e9rudit \u00e9vang\u00e9lique comme le regrett\u00e9 Samuel B\u00e9n\u00e9treau les tenait pour authentiques. Ces \u00ab\u00a0caillots\u00a0\u00bb ont g\u00ean\u00e9s les interpr\u00e8tes mais pas le Dr Pierre Barbet, auteur d\u2019un beau livre la passion de NS J\u00e9sus Christ selon le chirurgien. Il diagnostiquait une h\u00e9morragie des capillaires, petits vaisseaux du visage, par vasodilation, d\u00fb \u00e0 un stress extr\u00eame, qui entrant en contact avec les glandes sudoripares, produisent ce m\u00e9lange de sang et de sueur qui perle sur le corps de J\u00e9sus. Le Dr Barbet conclut que saint Luc a \u00e9crit en bon m\u00e9decin \u00ab\u00a0Et sa sueur devint comme des caillots de sang\u00a0\u00bb . Et si c\u2019est d\u00e9tails anatomiques nous g\u00eanent, c\u2019est que nous oublions que Dieu s\u2019est vraiment fait chair, et qu\u2019il a vraiment souffert, combattu dans son corps pour nous sauver. \u00a0<\/p>\n<p>Je vois un sain r\u00e9flexe dans cette pri\u00e8re du Christ, qui refuse d\u2019abord la mort et la souffrance &#8211; \u00ab\u00a0P\u00e8re, \u00e9loigne de moi cette coupe\u00a0\u00bb &#8211; avant de prier pour avoir la force d\u2019accomplir sa mission &#8211; \u00ab\u00a0Non pas ma volont\u00e9, mais ta volont\u00e9\u00a0\u00bb J\u00e9sus a recul\u00e9 devant un poids bien plus lourd que celui de la Croix, le poids de la col\u00e8re de Dieu. Col\u00e8re symbolis\u00e9e par cette \u00ab\u00a0coupe\u00a0\u00bb qu\u2019\u00e9voquent le proph\u00e8te Esa\u00efe et les psaumes pour parler du jugement de Dieu. J\u00e9sus va payer le prix pour nous lib\u00e9rer de nos p\u00e9ch\u00e9s, il prie pour accepter ce prix \u00ab\u00a0le ch\u00e2timent qui nous donne la paix est tomb\u00e9 sur lui c\u2019est dans ses blessures que nous sommes gu\u00e9ris\u00a0\u00bb Esa\u00efe 53.5. J\u00e9sus accepte de subir la violence du mal pour nous en lib\u00e9rer.<\/p>\n<p>\u00a0<\/p>\n<p><strong>Qu\u2019avons-nous appris en entrant dans ce jardin\u00a0? <\/strong><\/p>\n<p>Pourquoi l\u2019\u00e9vang\u00e9liste Luc a-t-il choisi de nous conserver de tels t\u00e9moignages de faiblesse\u00a0? Pour nous rappeler que, nous chr\u00e9tiens, nous sommes faibles et que c\u2019est pour cela que nous avons besoin de de nous arr\u00eater de prier et d\u2019\u00e9couter la voix de Dieu qui n\u2019est pas forc\u00e9ment la n\u00f4tre. Prier non pour \u00e9viter l\u2019\u00e9preuve mais la traverser avec J\u00e9sus. Nous avons beau \u00eatre chr\u00e9tiens, parfois nous comptons surtout sur notre propre force, sur nos capacit\u00e9 \u00e0 agir, \u00e0 ma\u00eetriser la situation, comme Pierre\u00a0! Prier nous oblige \u00e0 reconnaitre notre faiblesse et nous rend pauvres pour recevoir la force qui vient de Dieu.\u00a0 Le proph\u00e8te Esa\u00efe dit que le Seigneur \u00ab\u00a0donne des forces \u00e0 celui qui est fatigu\u00e9 et il multiplie les ressources de celui qui est \u00e0 bout\u00a0\u00bb Es 40.29. S\u2019agenouiller pour prier, prier pour se lever et tenir debout face au mal et \u00e0 nos tentations. Quelles \u00e9taient les tentations des disciples\u00a0? \u00ab\u00a0Ils se sont endormis de tristesse\u00a0\u00bb\u00a0!<\/p>\n<p>Les disciples ont voulu nous passer le message\u00a0: nous ne sommes pas plus forts que vous\u00a0! Voyez nous-nous sommes endormis anesth\u00e9si\u00e9s par l\u2019angoisse.\u00a0 Prenez garde c\u2019est une vraie tentation\u00a0! Cette angoisse suscit\u00e9e par cette pand\u00e9mie peut anesth\u00e9sier notre r\u00e9sistance au mal.<\/p>\n<p style=\"text-align: left;\">Quel angoisse, quelle peur du lendemain\u00a0? Peur d\u2019\u00eatre abandonn\u00e9 par Dieu, par J\u00e9sus\u00a0? Pourtant J\u00e9sus leur avait rappel\u00e9\u00a0: \u00ab quand je vous ai envoy\u00e9 avez-vous manqu\u00e9 de qq chose\u00a0?\u00ab\u00a0de rien\u00a0\u00bb reconnaissent-ils. Alors certes J\u00e9sus invite ses disciples \u00e0 la prudence, \u00e0 faire qq. R\u00e9serve en vue de temps difficile mais ce \u00ab\u00a0de rien\u00a0\u00bb reste vrai. \u00a0Cette invitation du Christ \u00e0 la vigilance est particuli\u00e8rement d\u2019actualit\u00e9 alors qu\u2019une chape de tristesse de d\u00e9couragement s\u2019est r\u00e9pandue sur notre pays avec cette pand\u00e9mie, et que nous chr\u00e9tiens qui luttons contre notre propre inqui\u00e9tude et en m\u00eame temps pour maintenir le t\u00e9moignage chr\u00e9tien nous pouvons aussi \u00eatre fatigu\u00e9s, d\u00e9courag\u00e9s. Mais si nous nous endormons, comment alors allons-nous annoncer la bonne nouvelle, si nous refusons l\u2019\u00e9preuve, partag\u00e9e avec nos fr\u00e8res et s\u0153urs, mais travers\u00e9e avec J\u00e9sus. Heureusement, si nous nous endormons parfois, J\u00e9sus ne dort pas, il veille et il prie pour nous. \u00ab\u00a0Simon, Simon, Satan vous a r\u00e9clam\u00e9 pour vous secouer\u2026mais moi j\u2019ai pri\u00e9 pour toi afin que ta foi ne disparaisse pas\u2026\u00a0\u00bb\u00a0 J\u00e9sus a pri\u00e9 pour Pierre. J\u00e9sus prie pour nous. Paul nous r\u00e9v\u00e8le que Christ ressuscit\u00e9 est \u00e0 la droite de Dieu le P\u00e8re et qu\u2019il interc\u00e8de pour nous\u00a0!<\/p>\n<p><u>Prier n\u2019est pas facile<\/u>, nous le savons bien, nous avons besoin de nous encourager \u00e0 prier et \u00e0 prier les uns pour les autres pour r\u00e9sister au mal et \u00e0 la violence. Ce soir nous nous sommes arr\u00eat\u00e9s pour \u00eatre ensemble et prier avec J\u00e9sus. Alors entrons dans notre jardin int\u00e9rieur pour discerner, \u00e0 quelle tentation nous devons r\u00e9sister, \u00e0 quel chemin de croix pour rendre t\u00e9moignage \u00e0 J\u00e9sus Dieu nous appelle, \u00e0 quelle r\u00e9sistance. Alors prions, entretenons-nous int\u00e9rieurement avec Dieu Notre P\u00e8re, prions pour lui demander le chemin et la force de le prendre.<\/p>\n<p>Prions, non pour \u00e9viter mais pour r\u00e9sister. Prier nous permet de r\u00e9sister \u00e0 la violence. Je prie pour ces jeunes qui, sans but et sans esp\u00e9rance, qui se d\u00e9truisent en c\u00e9dant \u00e0 la violence. Que Christ nous mette sur leur route. \u00a0Je prie aussi pour que ne triomphe pas la violence des pouvoirs politiques contre les petits, les migrants, les faibles. Que nous-nous levions pour r\u00e9sister \u00e0 ceux qui pr\u00e9sentent la mort et le suicide comme seule esp\u00e9rance pour les souffrants et les agonisants. J\u00e9sus a donn\u00e9 sa vie, il ne s\u2019est pas donn\u00e9 la mort\u00a0! A toutes ces violences donne-nous P\u00e8re de r\u00e9sister, dans la confiance en ton Fils J\u00e9sus qui a vaincu la mort, le p\u00e9ch\u00e9, la violence. Entendons l\u2019appel du Christ\u00a0: \u00ab\u00a0Levez-vous et priez. Levons-nous et prions pour r\u00e9sister\u00a0!<\/p>\n<p>\u00a0<\/p>\n<p style=\"text-align: right;\">Pasteur Luc Olekhnovitch &#8211; Vendredi Saint, 2021, \u00e9glise ND de Gr\u00e2ce<\/p>\n","protected":false},"excerpt":{"rendered":"","protected":false},"author":1,"featured_media":0,"comment_status":"closed","ping_status":"open","sticky":false,"template":"","format":"standard","meta":{"kt_blocks_editor_width":"","footnotes":""},"categories":[7,30],"tags":[],"_links":{"self":[{"href":"https:\/\/eglise-catholique-valdorge.fr\/index.php?rest_route=\/wp\/v2\/posts\/4750"}],"collection":[{"href":"https:\/\/eglise-catholique-valdorge.fr\/index.php?rest_route=\/wp\/v2\/posts"}],"about":[{"href":"https:\/\/eglise-catholique-valdorge.fr\/index.php?rest_route=\/wp\/v2\/types\/post"}],"author":[{"embeddable":true,"href":"https:\/\/eglise-catholique-valdorge.fr\/index.php?rest_route=\/wp\/v2\/users\/1"}],"replies":[{"embeddable":true,"href":"https:\/\/eglise-catholique-valdorge.fr\/index.php?rest_route=%2Fwp%2Fv2%2Fcomments&post=4750"}],"version-history":[{"count":2,"href":"https:\/\/eglise-catholique-valdorge.fr\/index.php?rest_route=\/wp\/v2\/posts\/4750\/revisions"}],"predecessor-version":[{"id":4757,"href":"https:\/\/eglise-catholique-valdorge.fr\/index.php?rest_route=\/wp\/v2\/posts\/4750\/revisions\/4757"}],"wp:attachment":[{"href":"https:\/\/eglise-catholique-valdorge.fr\/index.php?rest_route=%2Fwp%2Fv2%2Fmedia&parent=4750"}],"wp:term":[{"taxonomy":"category","embeddable":true,"href":"https:\/\/eglise-catholique-valdorge.fr\/index.php?rest_route=%2Fwp%2Fv2%2Fcategories&post=4750"},{"taxonomy":"post_tag","embeddable":true,"href":"https:\/\/eglise-catholique-valdorge.fr\/index.php?rest_route=%2Fwp%2Fv2%2Ftags&post=4750"}],"curies":[{"name":"wp","href":"https:\/\/api.w.org\/{rel}","templated":true}]}}