{"id":4891,"date":"2021-05-29T09:00:00","date_gmt":"2021-05-29T07:00:00","guid":{"rendered":"https:\/\/eglise-catholique-valdorge.fr\/?p=4891"},"modified":"2021-12-07T16:18:16","modified_gmt":"2021-12-07T15:18:16","slug":"commentaire-dimanche-de-la-sainte-trinite-30-mai-2021","status":"publish","type":"post","link":"https:\/\/eglise-catholique-valdorge.fr\/?p=4891","title":{"rendered":"Commentaire &#8211; Dimanche de la Sainte Trinit\u00e9 30 mai 2021"},"content":{"rendered":"\n<p><em><span style=\"font-size: medium\">Secteur Pastoral du Val d\u2019Orge<br \/><\/span><span style=\"font-size: medium\">Dimanche de la Sainte Trinit\u00e9 30 mai 2021<br \/><\/span><span style=\"font-size: medium\">Commentaire<\/span><\/em><\/p>\n<p><span style=\"font-size: medium\">La Trinit\u00e9, une histoire loin de moi\u00a0?\u00a0!<\/span><\/p>\n<p><span style=\"font-size: medium\">La lettre de Saint Paul aux Romains nous donne de voir les choses autrement\u00a0! <\/span><\/p>\n<p><span style=\"font-size: medium\">Saint Paul en effet nous dit que <\/span><span style=\"font-size: medium\"><b>l\u2019Esprit qui unit le P\u00e8re et le Fils vient en nos c\u0153urs<\/b><\/span><span style=\"font-size: medium\">, pour tous tenir nous aussi en relation avec le P\u00e8re\u2026 et nous unir \u00e0 la mission du Fils a\u00een\u00e9, J\u00e9sus-Christ, et faire de nous des fr\u00e8res. <\/span><\/p>\n<p><span style=\"font-size: medium\">Comprenons bien l\u2019expression \u00ab\u00a0souffrir avec lui pour \u00eatre avec Lui dans la Gloire\u00a0\u00bb\u00a0! Il ne s\u2019agit pas de dolorisme (se complaire dans la douleur, la magnifier)\u00a0! Ces mots disent simplement l\u2019exp\u00e9rience que nous vivons chaque fois que nous nous donnons par amour, comme J\u00e9sus, m\u00eame si \u00e7a \u00ab\u00a0pique\u00a0\u00bb un peu (ou beaucoup\u00a0!), dans l\u2019Esp\u00e9rance de la f\u00e9condit\u00e9 de nos actes, renoncements, remises en question. Agissant ainsi, nous avons d\u00e9j\u00e0 go\u00fbt\u00e9 la paix et la joie dans l\u2019amour (\u00ab\u00a0la Gloire\u00a0\u00bb).<\/span><\/p>\n<p><span style=\"font-size: medium\">Parmi beaucoup d\u2019autres, la pri\u00e8re ci-dessous sugg\u00e8re \u00e0 sa fa\u00e7on comment nous sommes appel\u00e9s \u00e0 \u00ab\u00a0entrer dans la danse trinitaire\u00a0\u00bb. Car <\/span><span style=\"font-size: medium\"><b>croire en un Dieu unique \u00ab\u00a0P\u00e8re, Fils et Saint Esprit\u00a0\u00bb, ce n\u2019est pas adh\u00e9rer \u00e0 un concept, cela change notre vie\u00a0!<\/b><\/span><span style=\"font-size: medium\"> C\u2019est ainsi que nous poursuivons la mission du Christ, qui l\u2019a re\u00e7ue de son P\u00e8re et la confie \u00e0 ses Ap\u00f4tres (Evangile)<\/span><\/p>\n<p style=\"text-align: right\"><em>p\u00e8re Bertrand DELCEY<\/em><\/p>\n<p align=\"CENTER\"><span style=\"font-size: medium\">*\u00a0 \u00a0*\u00a0 \u00a0*\u00a0 \u00a0*\u00a0 \u00a0*\u00a0 \u00a0*\u00a0 \u00a0*\u00a0 \u00a0*<\/span><\/p>\n<p><span style=\"font-size: medium;color: #392f80\">\u00ab\u00a0Par Toi, P\u00e8re, Cr\u00e9ateur infini, nous existons, car tu nous donnes part \u00e0 ce que Tu es\u00a0: vie et amour. <\/span><\/p>\n<p><span style=\"color: #392f80\">\u00a0\u00a0\u00a0\u00a0\u00a0\u00a0\u00a0\u00a0\u00a0\u00a0\u00a0\u00a0\u00a0\u00a0 <span style=\"font-size: medium\">Et tu ne cesses de renouveler ce don, par-del\u00e0 nos h\u00e9sitations, nos peurs, nos suffisances, nos infid\u00e9lit\u00e9s\u2026<\/span><\/span><\/p>\n<p><span style=\"font-size: medium;color: #392f80\">Avec Toi, J\u00e9sus-Christ, venu marcher sur nos routes humaines pour nous apprendre \u00e0 accueillir ce don\u00a0: <\/span><\/p>\n<p><span style=\"color: #392f80\">\u00a0\u00a0\u00a0\u00a0\u00a0\u00a0\u00a0\u00a0\u00a0\u00a0\u00a0\u00a0\u00a0\u00a0 <span style=\"font-size: medium\">A ouvrir les bras pour nous laisser aimer tels que nous sommes, et non pas tels que nous\u00a0nous r\u00eaverions, et \u00e0 nous risquer \u00e0 entrer en fraternit\u00e9, accomplissant ce que nous sommes, sans avoir \u00e0 jouer un personnage\u2026<\/span><\/span><\/p>\n<p><span style=\"color: #392f80\">\u00a0\u00a0\u00a0\u00a0\u00a0\u00a0\u00a0\u00a0\u00a0\u00a0\u00a0\u00a0\u00a0\u00a0 <span style=\"font-size: medium\">Par Ta mort et Ta R\u00e9surrection tu nous ouvres le passage, pour go\u00fbter d\u00e8s ici-bas l\u2019\u00e9ternit\u00e9 de Ton amour, en apprenant \u00e0 donner de nous-m\u00eames comme toi-m\u00eame tu t\u2019es donn\u00e9 pleinement pour tous. <\/span><\/span><\/p>\n<p><span style=\"font-size: medium;color: #392f80\">En Toi Esprit Saint, souffle divin de communion, pour unir nos heures \u00e0 la P\u00e2ques du Christ, et former ensemble Son Corps, au service de ce monde, dans la diversit\u00e9 de nos dons, malgr\u00e9 et parfois m\u00eame gr\u00e2ce \u00e0 nos limites.<\/span><\/p>\n<p><span style=\"font-size: medium;color: #392f80\">P\u00e8re, Fils et Saint Esprit, Vous nous accueillez et entrainez dans le mouvement de don et d\u2019amour que vous \u00eates en pl\u00e9nitude\u2026 Heureux sommes-nous\u00a0!\u00a0\u00bb <\/span><\/p>\n<p style=\"text-align: right\">\u00a0<\/p>\n","protected":false},"excerpt":{"rendered":"","protected":false},"author":2,"featured_media":0,"comment_status":"closed","ping_status":"closed","sticky":false,"template":"","format":"standard","meta":{"kt_blocks_editor_width":"","footnotes":""},"categories":[7],"tags":[4,23,5,6],"_links":{"self":[{"href":"https:\/\/eglise-catholique-valdorge.fr\/index.php?rest_route=\/wp\/v2\/posts\/4891"}],"collection":[{"href":"https:\/\/eglise-catholique-valdorge.fr\/index.php?rest_route=\/wp\/v2\/posts"}],"about":[{"href":"https:\/\/eglise-catholique-valdorge.fr\/index.php?rest_route=\/wp\/v2\/types\/post"}],"author":[{"embeddable":true,"href":"https:\/\/eglise-catholique-valdorge.fr\/index.php?rest_route=\/wp\/v2\/users\/2"}],"replies":[{"embeddable":true,"href":"https:\/\/eglise-catholique-valdorge.fr\/index.php?rest_route=%2Fwp%2Fv2%2Fcomments&post=4891"}],"version-history":[{"count":2,"href":"https:\/\/eglise-catholique-valdorge.fr\/index.php?rest_route=\/wp\/v2\/posts\/4891\/revisions"}],"predecessor-version":[{"id":4900,"href":"https:\/\/eglise-catholique-valdorge.fr\/index.php?rest_route=\/wp\/v2\/posts\/4891\/revisions\/4900"}],"wp:attachment":[{"href":"https:\/\/eglise-catholique-valdorge.fr\/index.php?rest_route=%2Fwp%2Fv2%2Fmedia&parent=4891"}],"wp:term":[{"taxonomy":"category","embeddable":true,"href":"https:\/\/eglise-catholique-valdorge.fr\/index.php?rest_route=%2Fwp%2Fv2%2Fcategories&post=4891"},{"taxonomy":"post_tag","embeddable":true,"href":"https:\/\/eglise-catholique-valdorge.fr\/index.php?rest_route=%2Fwp%2Fv2%2Ftags&post=4891"}],"curies":[{"name":"wp","href":"https:\/\/api.w.org\/{rel}","templated":true}]}}