{"id":4910,"date":"2021-06-05T09:00:00","date_gmt":"2021-06-05T07:00:00","guid":{"rendered":"https:\/\/eglise-catholique-valdorge.fr\/?p=4910"},"modified":"2021-12-07T16:17:59","modified_gmt":"2021-12-07T15:17:59","slug":"homelie-du-dimanche-6-juin-2021-solennite-du-saint-sacrement-du-corps-et-du-sang-du-christ","status":"publish","type":"post","link":"https:\/\/eglise-catholique-valdorge.fr\/?p=4910","title":{"rendered":"HOM\u00c9LIE DU DIMANCHE 6 JUIN 2021 SOLENNIT\u00c9 DU SAINT-SACREMENT DU CORPS ET DU SANG DU CHRIST"},"content":{"rendered":"\n<h3 style=\"text-align: center\">HOM\u00c9LIE DU DIMANCHE 6 JUIN 2021<br \/><strong>SOLENNIT\u00c9 DU SAINT-SACREMENT DU CORPS ET DU SANG DU CHRIST<\/strong><\/h3>\n<p align=\"LEFT\"><span style=\"color: #000000\"><span style=\"font-family: Times New Roman, serif\"><span style=\"font-size: medium\">Les textes de ce jour mettent l\u2019accent sur l\u2019enracinement de l\u2019Eucharistie dans les traditions cultuelles du peuple de la Bible. Le sang c\u2019est la vie. Ainsi <span style=\"text-decoration: underline\">No\u00e9<\/span>, \u00e0 la sortie du d\u00e9luge, \u00e9leva un autel et immola des animaux pour rendre gr\u00e2ce de son salut. Plus tard <span style=\"text-decoration: underline\">Abraham<\/span>, \u00e0 qui Dieu demanda de ratifier leur alliance, sa promesse d\u2019une descendance, par un sacrifice d\u2019animaux. La 1\u00e8re lecture d\u2019aujourd\u2019hui nous relate aussi comment <span style=\"text-decoration: underline\">Mo\u00efse<\/span> scella l\u2019Alliance au Sina\u00ef par un sacrifice d\u2019animaux. Mais ici il y a un \u00e9l\u00e9ment nouveau, l\u2019engagement du peuple tout entier\u00a0: <i>\u00ab\u00a0Toutes ses paroles que le Seigneur a dites, nous les mettrons en pratique\u00a0\u00bb. <\/i><\/span><\/span><\/span><\/p>\n<p align=\"LEFT\"><span style=\"color: #000000\"><span style=\"font-family: Times New Roman, serif\"><span style=\"font-size: medium\">Le sacrifice d\u2019animaux permettait donc \u00e0 la fois, d\u2019expier les p\u00e9ch\u00e9s du peuple, de rendre gr\u00e2ce, et de ratifier l\u2019alliance entre Dieu et son peuple. Mais comme vous le savez, ce sacrifice n\u2019\u00e9tait pas parfait. Aussi, pour obtenir une lib\u00e9ration d\u00e9finitive de toute l\u2019humanit\u00e9, il a plu au Seigneur J\u00e9sus-Christ de s\u2019offrir lui-m\u00eame \u00e0 Dieu, sur l\u2019autel de la croix, comme une victime sans d\u00e9faut. <i><b>\u00ab\u00a0Et pour que nous gardions toujours la m\u00e9moire d\u2019un si grand bienfait, nous rappelle saint Thomas d\u2019Aquin, il nous a laiss\u00e9 son corps \u00e0 manger et son sang \u00e0 boire, sous les esp\u00e8ces du pain et du vin\u00a0\u00bb. <\/b><\/i><\/span><\/span><\/span><\/p>\n<p align=\"LEFT\"><span style=\"color: #000000\"><span style=\"font-family: Times New Roman, serif\"><span style=\"font-size: medium\">Ainsi, l\u2019Eucharistie est-elle ce sacrifice parfait de l\u2019Alliance entre Dieu et les hommes\u00a0; sacrifice de louange et d\u2019action de gr\u00e2ces\u00a0; sacrifice de r\u00e9conciliation dans le sang de l\u2019Agneau. C\u2019est ce que l\u2019Eglise nous donne \u00e0 contempler d\u2019une mani\u00e8re particuli\u00e8re, en ce dimanche de la solennit\u00e9 du Saint-Sacrement du Corps et du Sang du Christ. <b>Tout comme au Sina\u00ef, c\u2019est le peuple tout entier, Corps du Christ, unis au Christ repr\u00e9sent\u00e9 par le pr\u00eatre, qui offre et comm\u00e9more le sacrifice de louange au Dieu \u00e9ternel. <\/b><\/span><\/span><\/span><\/p>\n<p align=\"LEFT\"><span style=\"color: #000000\"><span style=\"font-family: Times New Roman, serif\"><span style=\"font-size: medium\"><span style=\"text-decoration: underline\">Corps \u00e0 manger, sang \u00e0 boire\u00a0: cela peut choquer plus d\u2019un. Serions-nous des cannibales ou anthropophages\u00a0?<\/span> <i>Non. C\u2019est juste le d\u00e9ploiement de la tendresse de Dieu pour ses enfants. Il a plu au Seigneur, sachant que ses disciples seront tristes de son absence, de leur laisser ce sacrement comme r\u00e9confort incomparable. <\/i><i><b>C\u2019est donc l\u2019occasion pour nous, de red\u00e9couvrir le sens et les effets de l\u2019Eucharistie en nous. <\/b><\/i><\/span><\/span><\/span><\/p>\n<p align=\"LEFT\"><span style=\"color: #000000\"><span style=\"font-family: Times New Roman, serif\"><span style=\"font-size: medium\">Nous parlons de Saint-Sacr<\/span><\/span><\/span><\/p>\n<p align=\"LEFT\"><span style=\"color: #000000\"><span style=\"font-family: Times New Roman, serif\"><span style=\"font-size: medium\">Les textes de ce jour mettent l\u2019accent sur l\u2019enracinement de l\u2019Eucharistie dans les traditions cultuelles du peuple de la Bible. Le sang c\u2019est la vie. Ainsi <u>No\u00e9<\/u>, \u00e0 la sortie du d\u00e9luge, \u00e9leva un autel et immola des animaux pour rendre gr\u00e2ce de son salut. Plus tard <u>Abraham<\/u>, \u00e0 qui Dieu demanda de ratifier leur alliance, sa promesse d\u2019une descendance, par un sacrifice d\u2019animaux. La 1\u00e8re lecture d\u2019aujourd\u2019hui nous relate aussi comment <u>Mo\u00efse<\/u> scella l\u2019Alliance au Sina\u00ef par un sacrifice d\u2019animaux. Mais ici il y a un \u00e9l\u00e9ment nouveau, l\u2019engagement du peuple tout entier\u00a0: <i>\u00ab\u00a0Toutes ses paroles que le Seigneur a dites, nous les mettrons en pratique\u00a0\u00bb. <\/i><\/span><\/span><\/span><\/p>\n<p align=\"LEFT\"><span style=\"color: #000000\"><span style=\"font-family: Times New Roman, serif\"><span style=\"font-size: medium\">Le sacrifice d\u2019animaux permettait donc \u00e0 la fois, d\u2019expier les p\u00e9ch\u00e9s du peuple, de rendre gr\u00e2ce, et de ratifier l\u2019alliance entre Dieu et son peuple. Mais comme vous le savez, ce sacrifice n\u2019\u00e9tait pas parfait. Aussi, pour obtenir une lib\u00e9ration d\u00e9finitive de toute l\u2019humanit\u00e9, il a plu au Seigneur J\u00e9sus-Christ de s\u2019offrir lui-m\u00eame \u00e0 Dieu, sur l\u2019autel de la croix, comme une victime sans d\u00e9faut. <i><b>\u00ab\u00a0Et pour que nous gardions toujours la m\u00e9moire d\u2019un si grand bienfait, nous rappelle saint Thomas d\u2019Aquin, il nous a laiss\u00e9 son corps \u00e0 manger et son sang \u00e0 boire, sous les esp\u00e8ces du pain et du vin\u00a0\u00bb. <\/b><\/i><\/span><\/span><\/span><\/p>\n<p align=\"LEFT\"><span style=\"color: #000000\"><span style=\"font-family: Times New Roman, serif\"><span style=\"font-size: medium\">Ainsi, l\u2019Eucharistie est-elle ce sacrifice parfait de l\u2019Alliance entre Dieu et les hommes\u00a0; sacrifice de louange et d\u2019action de gr\u00e2ces\u00a0; sacrifice de r\u00e9conciliation dans le sang de l\u2019Agneau. C\u2019est ce que l\u2019Eglise nous donne \u00e0 contempler d\u2019une mani\u00e8re particuli\u00e8re, en ce dimanche de la solennit\u00e9 du Saint-Sacrement du Corps et du Sang du Christ. <b>Tout comme au Sina\u00ef, c\u2019est le peuple tout entier, Corps du Christ, unis au Christ repr\u00e9sent\u00e9 par le pr\u00eatre, qui offre et comm\u00e9more le sacrifice de louange au Dieu \u00e9ternel. <\/b><\/span><\/span><\/span><\/p>\n<p align=\"LEFT\"><span style=\"color: #000000\"><span style=\"font-family: Times New Roman, serif\"><span style=\"font-size: medium\"><u>Corps \u00e0 manger, sang \u00e0 boire\u00a0: cela peut choquer plus d\u2019un. Serions-nous des cannibales ou anthropophages\u00a0?<\/u> <i>Non. C\u2019est juste le d\u00e9ploiement de la tendresse de Dieu pour ses enfants. Il a plu au Seigneur, sachant que ses disciples seront tristes de son absence, de leur laisser ce sacrement comme r\u00e9confort incomparable. <\/i><i><b>C\u2019est donc l\u2019occasion pour nous, de red\u00e9couvrir le sens et les effets de l\u2019Eucharistie en nous. <\/b><\/i><\/span><\/span><\/span><\/p>\n<p align=\"LEFT\"><span style=\"color: #000000\"><span style=\"font-family: Times New Roman, serif\"><span style=\"font-size: medium\"><u>Nous parlons de Saint-Sacrement, parce que c\u2019est le signe (sacrement) par excellence\u00a0; source et sommet de la vie chr\u00e9tienne.<\/u> <i>\u00ab\u00a0Tout est ordonn\u00e9 \u00e0 l\u2019Eucharistie, et il n\u2019y a pas de plus grand bien que nous puissions obtenir\u00a0\u00bb<\/i>, nous rappelle le <i><b>Cat\u00e9chisme de l\u2019Eglise Catholique<\/b><\/i>. <i>Pain vivant, pain de vie, pain de la route et vrai pain des enfants de Dieu. Ce n\u2019est pas, dit J\u00e9sus, comme la manne que nos anc\u00eatres ont mang\u00e9 dans le d\u00e9sert. C\u2019est le pain de la vie \u00e9ternelle, anticipation du banquet final \u00e0 la fin des temps<\/i>. <\/span><\/span><\/span><\/p>\n<p align=\"LEFT\"><span style=\"color: #000000\"><span style=\"font-family: Times New Roman, serif\"><span style=\"font-size: medium\"><b>Mais quels sont les fruits de l\u2019Eucharistie en nous\u00a0? <\/b><i><b>Saint Thomas d\u2019Aquin, le docteur ang\u00e9lique, nous rappelle que \u00ab\u00a0l\u2019eucharistie efface les p\u00e9ch\u00e9s, accroit, en nous, les vertus (sp\u00e9cialement la charit\u00e9), et comble l\u2019\u00e2me de tous les dons spirituels. Mais le v\u00e9ritable effet de l\u2019Eucharistie, c\u2019est la conversion de l\u2019homme en Dieu\u00a0\u00bb. Autrement dit, contrairement aux autres aliments qui se dissolvent en nous quand nous les mangeons, \u00e0 chaque fois que nous communions le Christ nous nourrit sans disparaitre\u00a0: nous devenons \u00ab\u00a0alter Christus\u00a0\u00bb (d\u2019autres Christ). <\/b><\/i><\/span><\/span><\/span><\/p>\n<p align=\"LEFT\"><span style=\"color: #000000\"><span style=\"font-family: Times New Roman, serif\"><span style=\"font-size: medium\"><u>Ainsi chers amis, \u00e0 chaque fois que nous communions, nous faisons plus Eglise, car nous devenons de plus en plus le Corps du Christ, tabernacle et sanctuaire de la demeure de Dieu parmi les hommes.<\/u> <i><b>Nos yeux de chair ne le voient pas, nos sens ne le sentent pas forc\u00e9ment, mais c\u2019est la r\u00e9alit\u00e9 de la foi que chacun va vivre tout \u00e0 l\u2019heure quand il va communier. <\/b><\/i><\/span><\/span><\/span><\/p>\n<p align=\"LEFT\"><span style=\"color: #000000\"><span style=\"font-family: Times New Roman, serif\"><span style=\"font-size: medium\"><u><b>C\u2019est pourquoi, face \u00e0 la grandeur de ce que le Saint-Sacrement signifie, l\u2019Eglise, comme une m\u00e8re, nous \u00e9duque \u00e0 mieux pr\u00e9parer notre c\u0153ur pour en vivre. <\/b><\/u><\/span><\/span><\/span><\/p>\n<ul>\n<li>\n<p align=\"LEFT\"><span style=\"color: #000000\"><span style=\"font-family: Times New Roman, serif\"><span style=\"font-size: medium\">Notamment par <b>le sacrement de r\u00e9conciliation <\/b>qui nous remet en pleine communion avec Dieu, l\u2019Eglise et nos prochains\u00a0: <i>\u00ab\u00a0Si tu veux offrir un sacrifice \u00e0 Dieu, et tu te rappelles que tu as un litige avec ton fr\u00e8re, laisse-l\u00e0 le sacrifice sous l\u2019autel, retourne te r\u00e9concilier avec ton fr\u00e8re, puis reviens offrir le sacrifice, nous rappelle le Christ\u00a0\u00bb. <\/i><\/span><\/span><\/span><\/p>\n<\/li>\n<li>\n<p align=\"LEFT\"><span style=\"color: #000000\"><span style=\"font-family: Times New Roman, serif\"><span style=\"font-size: medium\"><b>Les anciens se rappellent aussi du je\u00fbne eucharistique<\/b>, o\u00f9 quelques heures avant la messe, on ne mange rien, parce qu\u2019on se pr\u00e9pare pour recevoir le v\u00e9ritable pain de vie. Aujourd\u2019hui, l\u2019Eglise nous parle d\u2019un je\u00fbne d\u2019une heure avant la c\u00e9l\u00e9bration eucharistique. Quoi qu\u2019on puisse penser de cela, il est important de pr\u00e9parer son c\u0153ur pour faire place au Christ le plus possible. <i><b>Ne serait-ce que nous recueillir quelques instants, en silence, avant le d\u00e9but de la messe, ou m\u00eame en action de gr\u00e2ce apr\u00e8s la communion<\/b><\/i><i>. <\/i><\/span><\/span><\/span><\/p>\n<\/li>\n<li>\n<p align=\"LEFT\"><span style=\"color: #000000\"><span style=\"font-family: Times New Roman, serif\"><span style=\"font-size: medium\">Enfin, <b>l\u2019adoration eucharistique\u00a0:<\/b> prendre le temps de se tourner vers le Christ, pr\u00e9sent au milieu de nous\u00a0; \u00e0 genoux devant notre Seigneur, Roi et Sauveur. Et dans le silence de notre c\u0153ur, rendre gr\u00e2ce et lui parler comme \u00e0 un ami. <\/span><\/span><\/span><\/p>\n<\/li>\n<\/ul>\n<p align=\"LEFT\"><span style=\"color: #000000\"><span style=\"font-family: Times New Roman, serif\"><span style=\"font-size: medium\"><i>Vous aurez compris, ce dimanche est un jour pour rendre gr\u00e2ce\u00a0: accueillir le don de Dieu et remercier\u00a0; prendre le temps n\u00e9cessaire pour savourer particuli\u00e8rement ce beau cadeau que Dieu nous fait \u00e0 travers l\u2019Eucharistie<\/i>. <\/span><\/span><\/span><\/p>\n<p align=\"LEFT\"><span style=\"color: #000000\"><span style=\"font-family: Times New Roman, serif\"><span style=\"font-size: medium\">Ainsi donc, prions aujourd\u2019hui pour notre communaut\u00e9, et surtout pour ceux qui souffrent de ne pas pouvoir communier au Corps et au Sang du Christ\u00a0; afin que le Seigneur qui connait mieux nos c\u0153urs, nous renouvelle tous ensemble dans son amour et nous donne la force de continuer notre cheminement \u00e0 sa suite. Nous le demandons, au nom du P\u00e8re, et du Fils et du Saint Esprit. Amen\u00a0! Bonne f\u00eate \u00e0 tous\u00a0! <\/span><\/span><\/span><\/p>\n<p align=\"LEFT\"><span style=\"color: #000000\"><span style=\"font-family: Times New Roman, serif\"><span style=\"font-size: medium\">In Christo, <br \/>P. Magloire KETEHOULI <\/span><\/span><\/span><\/p>\n<p align=\"LEFT\"><span style=\"color: #000000\"><span style=\"font-family: Times New Roman, serif\"><span style=\"font-size: medium\">ement, parce que c\u2019est le signe (sacrement) par excellence\u00a0; source et sommet de la vie chr\u00e9tienne. <i>\u00ab\u00a0Tout est ordonn\u00e9 \u00e0 l\u2019Eucharistie, et il n\u2019y a pas de plus grand bien que nous puissions obtenir\u00a0\u00bb<\/i>, nous rappelle le <i><b>Cat\u00e9chisme de l\u2019Eglise Catholique<\/b><\/i>. <i>Pain vivant, pain de vie, pain de la route et vrai pain des enfants de Dieu. Ce n\u2019est pas, dit J\u00e9sus, comme la manne que nos anc\u00eatres ont mang\u00e9 dans le d\u00e9sert. C\u2019est le pain de la vie \u00e9ternelle, anticipation du banquet final \u00e0 la fin des temps<\/i>. <\/span><\/span><\/span><\/p>\n<p align=\"LEFT\"><span style=\"color: #000000\"><span style=\"font-family: Times New Roman, serif\"><span style=\"font-size: medium\"><b>Mais quels sont les fruits de l\u2019Eucharistie en nous\u00a0? <\/b><i><b>Saint Thomas d\u2019Aquin, le docteur ang\u00e9lique, nous rappelle que \u00ab\u00a0l\u2019eucharistie efface les p\u00e9ch\u00e9s, accroit, en nous, les vertus (sp\u00e9cialement la charit\u00e9), et comble l\u2019\u00e2me de tous les dons spirituels. Mais le v\u00e9ritable effet de l\u2019Eucharistie, c\u2019est la conversion de l\u2019homme en Dieu\u00a0\u00bb. Autrement dit, contrairement aux autres aliments qui se dissolvent en nous quand nous les mangeons, \u00e0 chaque fois que nous communions le Christ nous nourrit sans disparaitre\u00a0: nous devenons \u00ab\u00a0alter Christus\u00a0\u00bb (d\u2019autres Christ). <\/b><\/i><\/span><\/span><\/span><\/p>\n<p align=\"LEFT\"><span style=\"color: #000000\"><span style=\"font-family: Times New Roman, serif\"><span style=\"font-size: medium\">Ainsi chers amis, \u00e0 chaque fois que nous communions, nous faisons plus Eglise, car nous devenons de plus en plus le Corps du Christ, tabernacle et sanctuaire de la demeure de Dieu parmi les hommes. <i><b>Nos yeux de chair ne le voient pas, nos sens ne le sentent pas forc\u00e9ment, mais c\u2019est la r\u00e9alit\u00e9 de la foi que chacun va vivre tout \u00e0 l\u2019heure quand il va communier. <\/b><\/i><\/span><\/span><\/span><\/p>\n<p align=\"LEFT\"><span style=\"color: #000000\"><span style=\"font-family: Times New Roman, serif\"><span style=\"font-size: medium\"><b>C\u2019est pourquoi, face \u00e0 la grandeur de ce que le Saint-Sacrement signifie, l\u2019Eglise, comme une m\u00e8re, nous \u00e9duque \u00e0 mieux pr\u00e9parer notre c\u0153ur pour en vivre. <\/b><\/span><\/span><\/span><\/p>\n<ul>\n<li>\n<p align=\"LEFT\"><span style=\"color: #000000\"><span style=\"font-family: Times New Roman, serif\"><span style=\"font-size: medium\">Notamment par <b>le sacrement de r\u00e9conciliation <\/b>qui nous remet en pleine communion avec Dieu, l\u2019Eglise et nos prochains\u00a0: <i>\u00ab\u00a0Si tu veux offrir un sacrifice \u00e0 Dieu, et tu te rappelles que tu as un litige avec ton fr\u00e8re, laisse-l\u00e0 le sacrifice sous l\u2019autel, retourne te r\u00e9concilier avec ton fr\u00e8re, puis reviens offrir le sacrifice, nous rappelle le Christ\u00a0\u00bb. <\/i><\/span><\/span><\/span><\/p>\n<\/li>\n<li>\n<p align=\"LEFT\"><span style=\"color: #000000\"><span style=\"font-family: Times New Roman, serif\"><span style=\"font-size: medium\"><b>Les anciens se rappellent aussi du je\u00fbne eucharistique<\/b>, o\u00f9 quelques heures avant la messe, on ne mange rien, parce qu\u2019on se pr\u00e9pare pour recevoir le v\u00e9ritable pain de vie. Aujourd\u2019hui, l\u2019Eglise nous parle d\u2019un je\u00fbne d\u2019une heure avant la c\u00e9l\u00e9bration eucharistique. Quoi qu\u2019on puisse penser de cela, il est important de pr\u00e9parer son c\u0153ur pour faire place au Christ le plus possible. <i><b>Ne serait-ce que nous recueillir quelques instants, en silence, avant le d\u00e9but de la messe, ou m\u00eame en action de gr\u00e2ce apr\u00e8s la communion<\/b><\/i><i>. <\/i><\/span><\/span><\/span><\/p>\n<\/li>\n<li>\n<p align=\"LEFT\"><span style=\"color: #000000\"><span style=\"font-family: Times New Roman, serif\"><span style=\"font-size: medium\">Enfin, <b>l\u2019adoration eucharistique\u00a0:<\/b> prendre le temps de se tourner vers le Christ, pr\u00e9sent au milieu de nous\u00a0; \u00e0 genoux devant notre Seigneur, Roi et Sauveur. Et dans le silence de notre c\u0153ur, rendre gr\u00e2ce et lui parler comme \u00e0 un ami. <\/span><\/span><\/span><\/p>\n<\/li>\n<\/ul>\n<p align=\"LEFT\"><span style=\"color: #000000\"><span style=\"font-family: Times New Roman, serif\"><span style=\"font-size: medium\"><i>Vous aurez compris, ce dimanche est un jour pour rendre gr\u00e2ce\u00a0: accueillir le don de Dieu et remercier\u00a0; prendre le temps n\u00e9cessaire pour savourer particuli\u00e8rement ce beau cadeau que Dieu nous fait \u00e0 travers l\u2019Eucharistie<\/i>. <\/span><\/span><\/span><\/p>\n<p align=\"LEFT\"><span style=\"color: #000000\"><span style=\"font-family: Times New Roman, serif\"><span style=\"font-size: medium\">Ainsi donc, prions aujourd\u2019hui pour notre communaut\u00e9, et surtout pour ceux qui souffrent de ne pas pouvoir communier au Corps et au Sang du Christ\u00a0; afin que le Seigneur qui connait mieux nos c\u0153urs, nous renouvelle tous ensemble dans son amour et nous donne la force de continuer notre cheminement \u00e0 sa suite. Nous le demandons, au nom du P\u00e8re, et du Fils et du Saint Esprit. Amen\u00a0! Bonne f\u00eate \u00e0 tous\u00a0! <\/span><\/span><\/span><\/p>\n<p align=\"LEFT\"><span style=\"color: #000000\"><span style=\"font-family: Times New Roman, serif\"><span style=\"font-size: medium\">In Christo, <br \/>P. Magloire KETEHOULI <\/span><\/span><\/span><\/p>\n","protected":false},"excerpt":{"rendered":"","protected":false},"author":2,"featured_media":0,"comment_status":"closed","ping_status":"closed","sticky":false,"template":"","format":"standard","meta":{"kt_blocks_editor_width":"","footnotes":""},"categories":[7],"tags":[4,23,5,6],"_links":{"self":[{"href":"https:\/\/eglise-catholique-valdorge.fr\/index.php?rest_route=\/wp\/v2\/posts\/4910"}],"collection":[{"href":"https:\/\/eglise-catholique-valdorge.fr\/index.php?rest_route=\/wp\/v2\/posts"}],"about":[{"href":"https:\/\/eglise-catholique-valdorge.fr\/index.php?rest_route=\/wp\/v2\/types\/post"}],"author":[{"embeddable":true,"href":"https:\/\/eglise-catholique-valdorge.fr\/index.php?rest_route=\/wp\/v2\/users\/2"}],"replies":[{"embeddable":true,"href":"https:\/\/eglise-catholique-valdorge.fr\/index.php?rest_route=%2Fwp%2Fv2%2Fcomments&post=4910"}],"version-history":[{"count":1,"href":"https:\/\/eglise-catholique-valdorge.fr\/index.php?rest_route=\/wp\/v2\/posts\/4910\/revisions"}],"predecessor-version":[{"id":4911,"href":"https:\/\/eglise-catholique-valdorge.fr\/index.php?rest_route=\/wp\/v2\/posts\/4910\/revisions\/4911"}],"wp:attachment":[{"href":"https:\/\/eglise-catholique-valdorge.fr\/index.php?rest_route=%2Fwp%2Fv2%2Fmedia&parent=4910"}],"wp:term":[{"taxonomy":"category","embeddable":true,"href":"https:\/\/eglise-catholique-valdorge.fr\/index.php?rest_route=%2Fwp%2Fv2%2Fcategories&post=4910"},{"taxonomy":"post_tag","embeddable":true,"href":"https:\/\/eglise-catholique-valdorge.fr\/index.php?rest_route=%2Fwp%2Fv2%2Ftags&post=4910"}],"curies":[{"name":"wp","href":"https:\/\/api.w.org\/{rel}","templated":true}]}}