{"id":5562,"date":"2022-03-25T14:00:00","date_gmt":"2022-03-25T13:00:00","guid":{"rendered":"https:\/\/eglise-catholique-valdorge.fr\/?p=5562"},"modified":"2025-09-20T18:42:30","modified_gmt":"2025-09-20T16:42:30","slug":"careme-2022-3eme-dimanche-26-27-mars-2022","status":"publish","type":"post","link":"https:\/\/eglise-catholique-valdorge.fr\/?p=5562","title":{"rendered":"Car\u00eame 2022 : 4\u00e8me dimanche (26 \u2013 27 Mars 2022)"},"content":{"rendered":"\n<table class=\" alignright\" style=\"border-collapse: collapse; width: 100%; height: 23px;\">\n<tbody>\n<tr style=\"height: 23px;\">\n<td style=\"width: 100%; height: 23px; border-style: solid; border-color: #000000; background-color: #ffffff; text-align: center;\">\n<h1><span style=\"font-family: Delius; color: #ff0000;\"><span style=\"font-size: large;\"><span style=\"font-size: xx-large;\"><span lang=\"fr-FR\"><strong>Ecouter l&rsquo;appel du Seigneur<\/strong><\/span><\/span><\/span><\/span><\/h1>\n<\/td>\n<\/tr>\n<\/tbody>\n<\/table>\n<h5 style=\"font-weight: 400; text-align: left;\">\u00ab Un homme avait deux fils. Le plus jeune dit \u00e0 son p\u00e8re : \u201c<em>P\u00e8re, donne-moi la part de fortune qui me revient.<\/em>\u201d Et le p\u00e8re leur partagea ses biens. [\u2026] <br \/>Quand une grande famine survint dans ce pays, il commen\u00e7a \u00e0 se trouver dans le besoin. [\u2026] Il se leva et s\u2019en alla vers son p\u00e8re. [\u2026] Le fils lui dit : <br \/>\u201c<em>P\u00e8re, j\u2019ai p\u00e9ch\u00e9 contre le ciel et envers toi. Je ne suis plus digne d\u2019\u00eatre appel\u00e9 ton fils.<\/em>\u201d <br \/>Mais le p\u00e8re dit \u00e0 ses serviteurs : \u201c<em>Vite, apportez le plus beau v\u00eatement pour l\u2019habiller, mettez-lui une bague au doigt et des sandales aux pieds [\u2026] mangeons et festoyons, car mon fils que voil\u00e0 \u00e9tait mort, et il est revenu \u00e0 la vie ; il \u00e9tait perdu, et il est retrouv\u00e9.<\/em>\u201d \u00bb<\/h5>\n<h5 style=\"font-weight: 400; text-align: right;\"><strong>Lc 15, 11-13. 14. 20. 21-24)<\/strong><\/h5>\n<table style=\"border-collapse: collapse; width: 100%; height: 23px;\">\n<tbody>\n<tr style=\"height: 23px;\">\n<td style=\"width: 100%; height: 23px; border-style: solid; border-color: #000000; background-color: #ffffff; text-align: center;\">\n<h1><span style=\"font-family: Delius; color: #339966;\"><span style=\"font-size: large;\"><span style=\"font-size: xx-large;\"><span lang=\"fr-FR\"><strong>Contempler le monde<\/strong><\/span><\/span><\/span><\/span><\/h1>\n<\/td>\n<\/tr>\n<\/tbody>\n<\/table>\n<h5 style=\"font-weight: 400; text-align: right;\"><strong>\u00ab Fratelli Tutti \u00bb \u00a7 244<\/strong><\/h5>\n<h5 style=\"font-weight: 400; text-align: left;\">\u00ab Quand les conflits ne sont pas r\u00e9solus mais plut\u00f4t dissimul\u00e9s ou enterr\u00e9s dans le pass\u00e9, il y a des silences qui peuvent \u00eatre synonymes de complicit\u00e9 avec des erreurs et des p\u00e9ch\u00e9s graves. Mais la vraie r\u00e9conciliation, loin de fuir le conflit, se r\u00e9alise plut\u00f4t dans le conflit, en le d\u00e9passant par le dialogue et la n\u00e9gociation transparente, sinc\u00e8re et patiente. \u00bb<\/h5>\n<table style=\"border-collapse: collapse; width: 100%; height: 23px;\">\n<tbody>\n<tr style=\"height: 23px;\">\n<td style=\"width: 100%; height: 23px; border-style: solid; border-color: #000000; background-color: #ffffff; text-align: center;\">\n<h1><span style=\"font-family: Delius; color: #ff00ff;\"><span style=\"font-size: large;\"><span style=\"font-size: xx-large;\"><span lang=\"fr-FR\"><strong>Eclairage Biblique : Pardon et R\u00e9conciliation<\/strong><\/span><\/span><\/span><\/span><\/h1>\n<\/td>\n<\/tr>\n<\/tbody>\n<\/table>\n<h5 style=\"font-weight: 400; text-align: left;\">Dieu est pr\u00e9sent, attentif aux besoins des peuples, cherchant \u00e0 devancer les besoins vitaux de chacun (<strong>Jos. 5<\/strong>). De la m\u00eame mani\u00e8re, chacune, chacun de nous est recherch\u00e9 par le P\u00e8re parce qu\u2019unique, indispensable \u00e0 sa joie (<strong>Luc 15<\/strong>). <br \/>Mais nous voyons bien comment nos soci\u00e9t\u00e9s sont divis\u00e9es et aussi nous-m\u00eames en profondeur : \u00ab <em>Au nom du Christ<\/em>, supplie l\u2019ap\u00f4tre Paul, <em>laissez-vous r\u00e9concilier avec Dieu<\/em> \u00bb (<strong>2 Cor 15, 20<\/strong>). <br \/>Ce temps du Car\u00eame permet de se ressaisir spirituellement et de renouer avec les autres. <br \/>C\u2019est dans cet esprit que le pape adressait aux catholiques sa derni\u00e8re lettre : \u00ab <em>\u2026 pour que, face aux mani\u00e8res diverses et actuelles d\u2019\u00e9liminer ou d\u2019ignorer les autres, nous soyons capables de r\u00e9agir par un nouveau r\u00eave de fraternit\u00e9 et d\u2019amiti\u00e9 sociale qui ne se cantonne pas aux mots.<\/em> \u00bb<\/h5>\n<h5 style=\"font-weight: 400; text-align: right;\">(<strong>Fratelli Tutti \u00a7 6<\/strong>)<\/h5>\n<table style=\"border-collapse: collapse; width: 100%; height: 23px;\">\n<tbody>\n<tr style=\"height: 23px;\">\n<td style=\"width: 100%; height: 23px; border-style: solid; border-color: #000000; background-color: #ffffff; text-align: center;\">\n<h1><span style=\"font-family: Delius; color: #0000ff;\"><span style=\"font-size: large;\"><span style=\"font-size: xx-large;\"><span lang=\"fr-FR\"><strong>Offrir une pri\u00e8re<\/strong><\/span><\/span><\/span><\/span><\/h1>\n<\/td>\n<\/tr>\n<\/tbody>\n<\/table>\n<h5 style=\"font-weight: 400; text-align: left;\">Le Forum tunisien pour les droits \u00e9conomiques et sociaux (FTDES) est un partenaire du CCFD-Terre Solidaire qui s\u2019engage pour les droits des populations et de l\u2019environnement.<\/h5>\n<h5 style=\"font-weight: 400; text-align: center;\"><span style=\"font-family: Delius; font-size: large;\"><strong><em>Dieu de paix, nous te confions <br \/>le Forum tunisien pour les droits <br \/>\u00e9conomiques et sociaux. Donne-lui <br \/>ta force pour qu\u2019il puisse faire entendre la <br \/>voix de la soci\u00e9t\u00e9 tunisienne pour <br \/>la dignit\u00e9 de toutes et tous. <\/em><\/strong><\/span><\/h5>\n<p>\u00a0<\/p>\n<table style=\"border-collapse: collapse; width: 100%; height: 23px;\">\n<tbody>\n<tr style=\"height: 23px;\">\n<td style=\"width: 100%; height: 23px; border-style: solid; border-color: #b87d00; background-color: #fffccc; text-align: center;\">\n<h4><span style=\"font-size: large;\"><span style=\"color: #808080;\"><span lang=\"fr-FR\"><strong>FTDES : porter la voix de la soci\u00e9t\u00e9 tunisienne<\/strong><br \/>Le Forum tunisien pour les droits \u00e9conomiques et sociaux (FTDES) est n\u00e9 en 2011 de l\u2019association entre plusieurs militants des droits humains et personnalit\u00e9s de la soci\u00e9t\u00e9 civile. Son but est de mettre en \u0153uvre les droits \u00e9conomiques, sociaux, environnementaux de la population, de soutenir les mouvements sociaux, de promouvoir un autre mod\u00e8le de d\u00e9veloppement en Tunisie, respectueux de la dignit\u00e9 humaine et de faire davantage entendre la voix de la soci\u00e9t\u00e9 civile..<br \/><\/span><\/span><\/span><\/h4>\n<\/td>\n<\/tr>\n<\/tbody>\n<\/table>\n<h5 style=\"font-weight: 400; text-align: center;\">Vid\u00e9o d&rsquo;interview\u00a0<div class=\"kad-vimeo-shortcode  videofit \"><iframe loading=\"lazy\" width=\"600\" height=\"400\" src=\"\/\/player.vimeo.com\/video\/688132002?title=0&amp;byline=0&amp;portrait=0&amp;color=ffffff\" frameborder=\"0\" allowfullscreen=\"true\"><\/iframe><\/div><\/h5>\n","protected":false},"excerpt":{"rendered":"","protected":false},"author":1,"featured_media":5500,"comment_status":"closed","ping_status":"open","sticky":false,"template":"","format":"standard","meta":{"kt_blocks_editor_width":"","footnotes":""},"categories":[7],"tags":[15,42,43,4],"_links":{"self":[{"href":"https:\/\/eglise-catholique-valdorge.fr\/index.php?rest_route=\/wp\/v2\/posts\/5562"}],"collection":[{"href":"https:\/\/eglise-catholique-valdorge.fr\/index.php?rest_route=\/wp\/v2\/posts"}],"about":[{"href":"https:\/\/eglise-catholique-valdorge.fr\/index.php?rest_route=\/wp\/v2\/types\/post"}],"author":[{"embeddable":true,"href":"https:\/\/eglise-catholique-valdorge.fr\/index.php?rest_route=\/wp\/v2\/users\/1"}],"replies":[{"embeddable":true,"href":"https:\/\/eglise-catholique-valdorge.fr\/index.php?rest_route=%2Fwp%2Fv2%2Fcomments&post=5562"}],"version-history":[{"count":5,"href":"https:\/\/eglise-catholique-valdorge.fr\/index.php?rest_route=\/wp\/v2\/posts\/5562\/revisions"}],"predecessor-version":[{"id":5837,"href":"https:\/\/eglise-catholique-valdorge.fr\/index.php?rest_route=\/wp\/v2\/posts\/5562\/revisions\/5837"}],"wp:featuredmedia":[{"embeddable":true,"href":"https:\/\/eglise-catholique-valdorge.fr\/index.php?rest_route=\/wp\/v2\/media\/5500"}],"wp:attachment":[{"href":"https:\/\/eglise-catholique-valdorge.fr\/index.php?rest_route=%2Fwp%2Fv2%2Fmedia&parent=5562"}],"wp:term":[{"taxonomy":"category","embeddable":true,"href":"https:\/\/eglise-catholique-valdorge.fr\/index.php?rest_route=%2Fwp%2Fv2%2Fcategories&post=5562"},{"taxonomy":"post_tag","embeddable":true,"href":"https:\/\/eglise-catholique-valdorge.fr\/index.php?rest_route=%2Fwp%2Fv2%2Ftags&post=5562"}],"curies":[{"name":"wp","href":"https:\/\/api.w.org\/{rel}","templated":true}]}}