{"id":6620,"date":"2023-03-25T09:00:00","date_gmt":"2023-03-25T08:00:00","guid":{"rendered":"https:\/\/eglise-catholique-valdorge.fr\/?p=6620"},"modified":"2024-02-16T23:56:44","modified_gmt":"2024-02-16T22:56:44","slug":"temoignage-de-lequipe-ccfd-terre-solidaire-2","status":"publish","type":"post","link":"https:\/\/eglise-catholique-valdorge.fr\/?p=6620","title":{"rendered":"TEMOIGNAGE DE L\u2019\u00c9QUIPE CCFD-TERRE SOLIDAIRE"},"content":{"rendered":"\n<p><\/p>\n\n\n\n<p class=\"has-text-color\" style=\"color:#ff4500;font-size:16px\"><strong>Le CCFD-Terre Solidaire depuis son origine, il y a plus de 60 ans, consid\u00e8re que la lutte contre la faim passe par le d\u00e9veloppement \u00e9conomique des peuples et par l\u2019action en faveur de la paix.<\/strong><\/p>\n\n\n\n<p class=\"has-text-align-center has-medium-font-size\"><strong>La guerre et la faim vont de pair.<\/strong><\/p>\n\n\n\n<p>La guerre d\u00e9truit ou r\u00e9duit les approvisionnements et la faim elle-m\u00eame est source de conflits. La guerre en Ukraine en est une illustration \u00e9clatante. Consid\u00e9r\u00e9 comme l\u2019un des greniers \u00e0 bl\u00e9 du monde, ce pays est aujourd\u2019hui dans l\u2019incapacit\u00e9 d\u2019exporter toutes les c\u00e9r\u00e9ales habituellement fournies \u00e0 l\u2019Afrique et au Moyen-Orient.<\/p>\n\n\n\n<p class=\"has-text-align-center has-medium-font-size\"><strong>Lutter contre la faim et contre la guerre <\/strong><br><strong>rel\u00e8vent du m\u00eame combat.<\/strong><\/p>\n\n\n\n<p class=\"has-text-color\" style=\"color:#ff4500;font-size:16px\"><strong>Le CCFD-Terre Solidaire accompagne 500 partenaires locaux dans leurs projets de d\u00e9veloppement et de paix dans 70 pays. Cette ann\u00e9e nous mettons l\u2019accent sur la paix comme \u00e9l\u00e9ment de stabilit\u00e9 favorable au recul de la faim et au progr\u00e8s des droits humains.<\/strong><\/p>\n\n\n\n<p>Dans le nord du Cameroun, en Afrique centrale \u00e0 proximit\u00e9 du Nigeria, du Niger et du Tchad, la r\u00e9gion est en proie \u00e0 une forte ins\u00e9curit\u00e9. Des attaques r\u00e9p\u00e9t\u00e9es du groupe arm\u00e9 Boko Haram ont caus\u00e9 le d\u00e9placement de milliers de personnes. Ces \u00e9v\u00e8nements ont cr\u00e9\u00e9 des tensions sur l\u2019acc\u00e8s aux ressources naturelles et aggrav\u00e9 les probl\u00e8mes de la faim.<\/p>\n\n\n\n<p>Le<strong> CDD (Comit\u00e9 Dioc\u00e9sain de D\u00e9veloppement)<\/strong> est une organisation importante tr\u00e8s structur\u00e9e, soutenue par le CCFD-Terre Solidaire, qui comprend 27 salari\u00e9s et 1700 b\u00e9n\u00e9voles. Il agit dans diff\u00e9rents domaines tels que la sant\u00e9, l\u2019\u00e9ducation, la justice, la paix et le d\u00e9veloppement rural. Il b\u00e9n\u00e9ficie d\u2019un fort engagement de la communaut\u00e9 eccl\u00e9siale. Son action est fond\u00e9e sur les principes de la dignit\u00e9 humaine int\u00e9grale. Il accompagne les populations les plus d\u00e9munies pour les aider \u00e0 am\u00e9liorer leurs conditions de vie en comptant d\u2019abord sur elles m\u00eames.<\/p>\n\n\n\n<p>Le CDD s\u2019est donn\u00e9 quatre priorit\u00e9s pour la p\u00e9riode 2018-2022&nbsp;:<\/p>\n\n\n\n<ul>\n<li>L\u2019am\u00e9lioration des services de base&nbsp;: acc\u00e8s \u00e0 l\u2019eau, \u00e9ducation, justice, paix, coh\u00e9sion sociale.<\/li>\n\n\n\n<li>L\u2019autonomie \u00e9conomique des jeunes et des femmes.<\/li>\n\n\n\n<li>L\u2019assistance humanitaire et l\u2019appui aux plus vuln\u00e9rables.<\/li>\n\n\n\n<li>Le dialogue entre les communaut\u00e9s et le vivre ensemble.<\/li>\n<\/ul>\n\n\n\n<p>Il assure aussi la formation des leaders religieux et communautaires \u00e0 la gestion des conflits. Toutes ces missions ont permis de diminuer les conflits et de d\u00e9velopper des projets d\u2019int\u00e9r\u00eat collectif favorisant le recul de la faim&nbsp;; elles doivent \u00eatre poursuivies.<\/p>\n\n\n\n<hr class=\"wp-block-separator has-alpha-channel-opacity\" \/>\n\n\n<style id=\"kb-image_d1413d-1c\">.wp-block-kadence-image.kb-image_d1413d-1c{margin:0px;}.kb-image_d1413d-1c.kb-image-is-ratio-size, .kb-image_d1413d-1c .kb-image-is-ratio-size{max-width:364px;width:100%;}.kb-image_d1413d-1c figure{max-width:364px;}<\/style>\n<div class=\"wp-block-kadence-image kb-image_d1413d-1c\"><figure class=\"alignright size-full\"><img loading=\"lazy\" decoding=\"async\" width=\"279\" height=\"92\" src=\"https:\/\/eglise-catholique-valdorge.fr\/wp-content\/uploads\/2020\/03\/logo-ccfd.png\" alt=\"\" class=\"kb-img wp-image-2702\" \/><\/figure><\/div>\n\n\n\n<p><em>Pour continuer ses actions, permettant aux populations de travailler et de vivre en paix dans leur pays,<strong> le CCFD-Terre Solidaire nous invite \u00e0 un geste de partage \u00e0 travers sa collecte de Car\u00eame<\/strong>.<\/em><\/p>\n\n\n\n<p><em>Votre don peut \u00eatre envoy\u00e9 dans l\u2019enveloppe qui a \u00e9t\u00e9 mise \u00e0 disposition ou en ligne sur le site <a rel=\"noreferrer noopener\" href=\"https:\/\/ccfd-terresolidaire.org\" target=\"_blank\">https:\/\/ccfd-terresolidaire.org<\/a>. Sur la page d\u2019accueil vous trouverez le lien utile.<\/em><\/p>\n\n\n\n<p><\/p>\n","protected":false},"excerpt":{"rendered":"<p>Le CCFD-Terre Solidaire depuis son origine, il y a plus de 60 ans, consid\u00e8re que la lutte contre la faim passe par le d\u00e9veloppement \u00e9conomique des peuples et par l\u2019action en faveur de la paix. La guerre et la faim &hellip; <a href=\"https:\/\/eglise-catholique-valdorge.fr\/?p=6620\">Lire la suite\u00ad\u00ad<\/a><\/p>\n","protected":false},"author":2,"featured_media":6401,"comment_status":"closed","ping_status":"closed","sticky":false,"template":"","format":"standard","meta":{"kt_blocks_editor_width":"","footnotes":""},"categories":[1],"tags":[15,49,17],"_links":{"self":[{"href":"https:\/\/eglise-catholique-valdorge.fr\/index.php?rest_route=\/wp\/v2\/posts\/6620"}],"collection":[{"href":"https:\/\/eglise-catholique-valdorge.fr\/index.php?rest_route=\/wp\/v2\/posts"}],"about":[{"href":"https:\/\/eglise-catholique-valdorge.fr\/index.php?rest_route=\/wp\/v2\/types\/post"}],"author":[{"embeddable":true,"href":"https:\/\/eglise-catholique-valdorge.fr\/index.php?rest_route=\/wp\/v2\/users\/2"}],"replies":[{"embeddable":true,"href":"https:\/\/eglise-catholique-valdorge.fr\/index.php?rest_route=%2Fwp%2Fv2%2Fcomments&post=6620"}],"version-history":[{"count":2,"href":"https:\/\/eglise-catholique-valdorge.fr\/index.php?rest_route=\/wp\/v2\/posts\/6620\/revisions"}],"predecessor-version":[{"id":6623,"href":"https:\/\/eglise-catholique-valdorge.fr\/index.php?rest_route=\/wp\/v2\/posts\/6620\/revisions\/6623"}],"wp:featuredmedia":[{"embeddable":true,"href":"https:\/\/eglise-catholique-valdorge.fr\/index.php?rest_route=\/wp\/v2\/media\/6401"}],"wp:attachment":[{"href":"https:\/\/eglise-catholique-valdorge.fr\/index.php?rest_route=%2Fwp%2Fv2%2Fmedia&parent=6620"}],"wp:term":[{"taxonomy":"category","embeddable":true,"href":"https:\/\/eglise-catholique-valdorge.fr\/index.php?rest_route=%2Fwp%2Fv2%2Fcategories&post=6620"},{"taxonomy":"post_tag","embeddable":true,"href":"https:\/\/eglise-catholique-valdorge.fr\/index.php?rest_route=%2Fwp%2Fv2%2Ftags&post=6620"}],"curies":[{"name":"wp","href":"https:\/\/api.w.org\/{rel}","templated":true}]}}