{"id":7064,"date":"2024-03-16T09:00:00","date_gmt":"2024-03-16T08:00:00","guid":{"rendered":"https:\/\/eglise-catholique-valdorge.fr\/?p=7064"},"modified":"2025-03-15T00:09:34","modified_gmt":"2025-03-14T23:09:34","slug":"fraternite-5eme-dimanche-de-careme","status":"publish","type":"post","link":"https:\/\/eglise-catholique-valdorge.fr\/?p=7064","title":{"rendered":"Fraternit\u00e9 &#8211; 5\u00e8me DIMANCHE DE CAR\u00caME"},"content":{"rendered":"\n<h2 class=\"wp-block-heading has-text-color has-link-color wp-elements-ba9630eed0305894929dd1f8563b9491\" style=\"color:#ff8017\">Savoir perdre quelque chose de soi pour rencontrer l&rsquo;autre<\/h2>\n\n\n\n<p class=\"has-drop-cap has-background\" style=\"background:linear-gradient(135deg,rgb(250,235,246) 0%,rgb(152,150,240) 100%);font-size:15px;font-style:normal;font-weight:700\">Alors J\u00e9sus leur d\u00e9clare : \u00ab\u00a0L&rsquo;heure est venue o\u00f9 le Fils de l\u2019homme doit \u00eatre glorifi\u00e9. Amen, amen, je vous le dis : si le grain de bl\u00e9 tomb\u00e9 en terre ne meurt pas, il reste seul ; mais s\u2019il meurt, il porte beaucoup de fruits. Qui aime sa vie la perd ; qui s\u2019en d\u00e9tache en ce monde la gardera pour la vie \u00e9ternelle. Si quelqu\u2019un veut me servir, qu\u2019il me suive ; et l\u00e0 o\u00f9 moi je suis, l\u00e0 aussi sera mon serviteur. Si quelqu\u2019un me sert, mon P\u00e8re l\u2019honorera\u201d. Jn 12, 23-26<\/p>\n\n\n\n<p><strong>\u00c9clairage biblique<\/strong>\u00a0:<em>\u00a0L\u2019image du grain de bl\u00e9 tomb\u00e9 en terre est \u00e9vocatrice. Pour donner des fruits, le grain sem\u00e9 doit se transformer jusqu\u2019\u00e0 dispara\u00eetre pour laisser germer un \u00e9pi charg\u00e9 d\u2019autres grains. Cela devrait nous parler \u00e0 nous aussi concernant notre pr\u00e9sence dans le monde. \u00ab Qui aime sa vie la perd \u00bb, dit J\u00e9sus.<br>La perte de la vie est d\u00e9j\u00e0 engag\u00e9e quand l\u2019homme vit pour lui-m\u00eame en oubliant les fruits potentiels qu\u2019il porte et qu\u2019il pourrait faire germer s\u2019il s\u2019ouvrait avec confiance vers les autres. J\u00e9sus ajoute : \u00ab Qui hait sa vie la gardera pour la vie \u00e9ternelle. \u00bb La formule de J\u00e9sus choque. Elle semble dire qu\u2019il y a en chacun de nous une part d\u2019illusion sur soi qu\u2019il faut savoir perdre pour vivre en v\u00e9rit\u00e9 avec soi-m\u00eame et aupr\u00e8s des autres.<\/em><\/p>\n\n\n\n<h2 class=\"wp-block-heading has-virtue-primary-color has-text-color has-link-color wp-elements-5dba4c9769d6e519115d3ad5eaf0b258\">Agir ICI : T\u00e9moignage de l&rsquo;\u00e9quipe Esp\u00e9rance<\/h2>\n\n\n\n<p>\u00ab\u00a0Si le grain tomb\u00e9 en terre ne meurt pas, il demeure seul; mais s&rsquo;il meurt, il porte beaucoup de fruits\u00a0\u00bb<br>Telle est la r\u00e9alit\u00e9 de la vie : le grain\u00a0 qui meurt germe et fructifie au centuple.\u00a0La r\u00e9surrection de J\u00e9sus l&rsquo;illustre de fa\u00e7on \u00e9clatante. <br>C&rsquo;est dans cette foi en la r\u00e9surrection que l&rsquo;<strong>\u00e9quipe Esp\u00e9rance<\/strong> accueille fraternellement les familles en deuil : Dieu mis\u00e9ricordieux accueille tout ce qui a fait la vie de leur d\u00e9funt, comme le Christ a accueilli avec amour ceux qui croisaient sa route. <br>Seigneur, nous te confions notre mission, que nous sachions accueillir et t\u00e9moigner de l&rsquo;esp\u00e9rance chr\u00e9tienne aux familles que nous recevons. Nous te confions aussi toutes les familles de ceux qui meurent dans les conflits et les catastrophes naturelles et doivent assumer seuls leur douleur.<\/p>\n\n\n\n<p class=\"has-text-align-center\"><strong>Ouvre mes yeux sur moi-m\u00eame, Seigneur, <\/strong><br><strong>afin que puisse mourir en moi ce que je dois perdre <\/strong><br><strong>pour entrer en paix \u00e0 ton service et au service des autres. <\/strong><\/p>\n\n\n\n<p>Dans notre communaut\u00e9, dans nos quartiers, des b\u00e9n\u00e9voles s\u2019engagent au nom de leur foi pour la solidarit\u00e9 avec les plus pauvres et les plus fragiles. Ici en France et \u00e0 travers le monde, leurs actions participent \u00e0 construire la fraternit\u00e9 universelle.<br><strong><em>Pour toutes celles et tous ceux qui, agissent pour la dignit\u00e9 des plus pauvres et des plus fragiles, Seigneur nous te prions<\/em><\/strong><\/p>\n\n\n\n<h2 class=\"wp-block-heading has-virtue-primary-color has-text-color has-link-color wp-elements-f1b4f2a0147711c79b2ac41345b50a66\">Agir L\u00c0-BAS : T\u00e9moignage de l&rsquo;\u00e9quipe CCFD-terre solidaire<\/h2>\n\n\n<div class=\"wp-block-image\">\n<figure class=\"alignright size-large is-resized\"><img decoding=\"async\" src=\"https:\/\/eglise-catholique-valdorge.fr\/wp-content\/uploads\/2024\/02\/CCFD_LOGOTYPE_2022_RVB_ORANGE-1024x339.png\" alt=\"\" class=\"wp-image-7048\" style=\"width:353px;height:auto\" \/><\/figure><\/div>\n\n\n<p>Depuis 1961 le <strong>CCFD-Terre Solidaire<\/strong>, avec ses partenaires dans le monde, s\u2019engage contre les in\u00e9galit\u00e9s, contre la faim et pour le d\u00e9veloppement. Il accompagne 525 acteurs locaux en soutenant leurs projets dans 72 pays. Cet engagement prend racine dans l\u2019\u00c9vangile et la doctrine sociale de l\u2019\u00c9glise.<br>Cette ann\u00e9e encore le CCFD-Terre Solidaire nous invite \u00e0 contribuer \u00e0 la justice, en mettant l\u2019\u00e9conomie au service du bien commun, pour combattre la faim. Un plus juste partage des richesses et une protection des droits fondamentaux, dans le respect de l\u2019environnement, sont les conditions pour y parvenir. <\/p>\n\n\n\n<p><strong>Au S\u00e9n\u00e9gal le partenaire ADEPA<\/strong> (Association pour le d\u00e9veloppement de la p\u00eache artisanale) lutte contre l\u2019accaparement de la mer, par les industriels de la p\u00eache, afin de sauvegarder la s\u00e9curit\u00e9 alimentaire.<br>Dans ce pays la p\u00eache artisanale est le pilier de la s\u00e9curit\u00e9 alimentaire. Le poisson repr\u00e9sente 70% des apports en prot\u00e9ines pour la population. 600\u00a0000 personnes vivent directement de cette fili\u00e8re \u00e9conomique. Mais depuis quelques ann\u00e9es, l\u2019implantation d\u2019usines \u00e9trang\u00e8res de farines de poisson destin\u00e9es \u00e0 l\u2019exportation pour l\u2019aquaculture, met en p\u00e9ril la ressource d\u2019alimentation locale. Dans ce contexte, l\u2019ADEPA soutient les acteurs de la fili\u00e8re afin d\u2019en assurer le d\u00e9veloppement \u00e9conomique et social. L\u2019association sensibilise les citoyens aux enjeux actuels en organisant des r\u00e9unions publiques dans les ports o\u00f9 s\u2019implantent des usines de farine et d\u2019huile de poisson. L\u2019ADEPA propose \u00e9galement des actions de plaidoyer aupr\u00e8s des autorit\u00e9s, qui ont abouti \u00e0 une grande conf\u00e9rence nationale sur la p\u00eache en 2019. L\u2019association a ainsi particip\u00e9 \u00e0 la<strong> cr\u00e9ation de cinq aires marines prot\u00e9g\u00e9es au S\u00e9n\u00e9gal<\/strong> g\u00e9r\u00e9es par les communaut\u00e9s de p\u00eacheurs, de chercheurs et par l\u2019Etat.<br>L\u2019ADEPA, partenaire du CCFD-Terre Solidaire a largement contribu\u00e9 \u00e0 pr\u00e9server une part significative de la ressource en poissons au profit de l\u2019\u00e9conomie locale : am\u00e9lioration de l&rsquo;alimentation, vente d&rsquo;une partie de la production, de langoustes en particulier. Ceci favorise aussi la scolarisation des jeunes.<br>Une vid\u00e9o t\u00e9moignant de l&rsquo;impact de son action a \u00e9t\u00e9 pr\u00e9sent\u00e9e lors de la soir\u00e9e du 26 janvier au centre Jean XXIII. Pour la voir : <a href=\"https:\/\/vimeo.com\/910369356?share=copy\" target=\"_blank\" rel=\"noreferrer noopener\">https:\/\/vimeo.com\/910369356?share=copy<\/a><\/p>\n\n\n\n<p>En ce 5\u00e8me dimanche de car\u00eame le CCFD-Terre Solidaire fait <strong>appel \u00e0 notre g\u00e9n\u00e9rosit\u00e9<\/strong> pour soutenir les projets de ses partenaires. Nous contribuons ainsi \u00e0 r\u00e9duire la faim et \u00e0 aider les populations \u00e0 vivre dans leur r\u00e9gion d\u2019origine.<br><em><strong>Votre don<\/strong> peut \u00eatre envoy\u00e9 dans l&rsquo;enveloppe qui a \u00e9t\u00e9 mise \u00e0 disposition ou en ligne sur le site <a href=\"https:\/\/ccfd-terresolidaire.org\" target=\"_blank\" rel=\"noreferrer noopener\">https:\/\/ccfd-terresolidaire.org<\/a> ou en scannant le QR-code de l&rsquo;affiche.<\/em><\/p>\n","protected":false},"excerpt":{"rendered":"<p>Savoir perdre quelque chose de soi pour rencontrer l&rsquo;autre Alors J\u00e9sus leur d\u00e9clare : \u00ab\u00a0L&rsquo;heure est venue o\u00f9 le Fils de l\u2019homme doit \u00eatre glorifi\u00e9. Amen, amen, je vous le dis : si le grain de bl\u00e9 tomb\u00e9 en terre &hellip; <a href=\"https:\/\/eglise-catholique-valdorge.fr\/?p=7064\">Lire la suite\u00ad\u00ad<\/a><\/p>\n","protected":false},"author":2,"featured_media":7063,"comment_status":"closed","ping_status":"closed","sticky":false,"template":"","format":"standard","meta":{"kt_blocks_editor_width":"","footnotes":""},"categories":[7],"tags":[15,55,4],"_links":{"self":[{"href":"https:\/\/eglise-catholique-valdorge.fr\/index.php?rest_route=\/wp\/v2\/posts\/7064"}],"collection":[{"href":"https:\/\/eglise-catholique-valdorge.fr\/index.php?rest_route=\/wp\/v2\/posts"}],"about":[{"href":"https:\/\/eglise-catholique-valdorge.fr\/index.php?rest_route=\/wp\/v2\/types\/post"}],"author":[{"embeddable":true,"href":"https:\/\/eglise-catholique-valdorge.fr\/index.php?rest_route=\/wp\/v2\/users\/2"}],"replies":[{"embeddable":true,"href":"https:\/\/eglise-catholique-valdorge.fr\/index.php?rest_route=%2Fwp%2Fv2%2Fcomments&post=7064"}],"version-history":[{"count":5,"href":"https:\/\/eglise-catholique-valdorge.fr\/index.php?rest_route=\/wp\/v2\/posts\/7064\/revisions"}],"predecessor-version":[{"id":7162,"href":"https:\/\/eglise-catholique-valdorge.fr\/index.php?rest_route=\/wp\/v2\/posts\/7064\/revisions\/7162"}],"wp:featuredmedia":[{"embeddable":true,"href":"https:\/\/eglise-catholique-valdorge.fr\/index.php?rest_route=\/wp\/v2\/media\/7063"}],"wp:attachment":[{"href":"https:\/\/eglise-catholique-valdorge.fr\/index.php?rest_route=%2Fwp%2Fv2%2Fmedia&parent=7064"}],"wp:term":[{"taxonomy":"category","embeddable":true,"href":"https:\/\/eglise-catholique-valdorge.fr\/index.php?rest_route=%2Fwp%2Fv2%2Fcategories&post=7064"},{"taxonomy":"post_tag","embeddable":true,"href":"https:\/\/eglise-catholique-valdorge.fr\/index.php?rest_route=%2Fwp%2Fv2%2Ftags&post=7064"}],"curies":[{"name":"wp","href":"https:\/\/api.w.org\/{rel}","templated":true}]}}