{"id":7334,"date":"2024-12-07T09:00:00","date_gmt":"2024-12-07T08:00:00","guid":{"rendered":"https:\/\/eglise-catholique-valdorge.fr\/?p=7334"},"modified":"2025-03-22T00:18:02","modified_gmt":"2025-03-21T23:18:02","slug":"chemin-davent-que-votre-amour-vous-fasse-progresser-de-plus-en-plus-pour-discerner-ce-qui-est-important","status":"publish","type":"post","link":"https:\/\/eglise-catholique-valdorge.fr\/?p=7334","title":{"rendered":"Chemin d&rsquo;Avent : Que votre amour vous fasse progresser de plus en plus"},"content":{"rendered":"\n<blockquote class=\"wp-block-quote has-text-align-center is-layout-flow wp-block-quote-is-layout-flow\">\n<p class=\"has-text-align-center has-virtue-primary-color has-text-color has-link-color wp-elements-7e05ceb0e90392cc887725f9bd75c908\"><strong>\u00ab Dans la droiture, marchez sans tr\u00e9bucher vers le jour du Christ \u00bb<\/strong><\/p>\n<cite>(Ph 1, 4-6.8-11)<\/cite><\/blockquote>\n\n\n\n<p class=\"has-medium-font-size\">Lecture de la lettre de saint Paul ap\u00f4tre aux Philippiens<\/p>\n\n\n\n<p class=\"has-drop-cap has-background\" style=\"background-color:#bb99dd\">Fr\u00e8res,<br>\u00e0 tout moment, chaque fois que je prie pour vous tous, c\u2019est avec joie que je le fais,<br>\u00e0 cause de votre communion avec moi, d\u00e8s le premier jour jusqu\u2019\u00e0 maintenant, pour l\u2019annonce de l\u2019\u00c9vangile.<br>J\u2019en suis persuad\u00e9, celui qui a commenc\u00e9 en vous un si beau travail le continuera jusqu\u2019\u00e0 son ach\u00e8vement au jour o\u00f9 viendra le Christ J\u00e9sus.<br>Dieu est t\u00e9moin de ma vive affection pour vous tous dans la tendresse du Christ J\u00e9sus.<br>Et, dans ma pri\u00e8re, <strong>je demande que votre amour vous fasse progresser de plus en plus<\/strong> dans la pleine connaissance et en toute clairvoyance<strong>\u00a0pour discerner ce qui est important<\/strong>.<br>Ainsi, serez-vous purs et irr\u00e9prochables pour le jour du Christ, combl\u00e9s du fruit de la justice qui s\u2019obtient par J\u00e9sus Christ, pour la gloire et la louange de Dieu.<br><em>\u2013 Parole du Seigneur.<\/em><\/p>\n\n\n\n<p style=\"font-size:10px\"><em>(retrouvez les lectures de la messe : <\/em><a href=\"https:\/\/www.aelf.org\/2024-12-08\/romain\/messe\">https:\/\/www.aelf.org\/2024-12-08\/romain\/messe<\/a><em>)<\/em><\/p>\n\n\n\n<p class=\"has-text-align-center has-virtue-primary-color has-text-color has-link-color has-medium-font-size wp-elements-cc0794f417b4bc3b69beceefcc983292\"><strong>Un chemin \u00e0 pr\u00e9parer<\/strong><\/p>\n\n\n\n<p class=\"has-text-align-center has-virtue-primary-color has-text-color has-link-color wp-elements-944674221bcaf36617466243aacdbeb4\"><strong>Seigneur, ce temps de l\u2019Avent,<br>Tu me le donnes<br>Comme un chemin \u00e0 pr\u00e9parer.<br>Cette route est au c\u0153ur de mon c\u0153ur,<br>Ce lieu o\u00f9 je suis enti\u00e8rement connu(e)<br>De Toi seul, Dieu, mon cr\u00e9ateur.<br>Viens me rejoindre dans mes terres arides,<br>Et mes d\u00e9serts,<br>Ces moments o\u00f9 je me sens sec,<br>Alors que dans ma vie, c\u2019est la nuit.<br>Aide-moi \u00e0 aplanir la route pour Toi,<br>A combler les ravins de mes peurs<br>De mes \u00e9checs et de mes ruptures.<\/strong><\/p>\n\n\n\n<p class=\"has-text-align-center has-virtue-primary-color has-text-color has-link-color wp-elements-94de0466563e8bcec38d04821c040f84\"><strong>Donne-moi la simplicit\u00e9 d\u2019un c\u0153ur d\u2019enfant,<br>Pour ramener \u00e0 leur juste mesure<br>Tout ce qui me semble montagne d\u2019impossible.<br>Que ton Esprit m\u2019aide<br>A rendre simple et droit<br>Ce que la vie a rendu tortueux et difficile<br>Dans mes relations avec les autres,<br>Dans mon c\u0153ur et dans mon corps.<br>Viens Seigneur J\u00e9sus.<br>Viens sur notre terre<br>Regarde, Seigneur notre Dieu,<br>Ton peuple rassembl\u00e9.<br>Nous t\u2019en prions, viens sur notre terre.<\/strong><\/p>\n\n\n\n<p class=\"has-text-align-center has-virtue-primary-color has-text-color has-link-color wp-elements-c6284012e3125dce32b29cf74a3d635f\"><strong>Accompagne-nous sur notre terre de relations,<br>Agis avec nous sur notre terre d\u2019actions.<br>Viens habiter cette terre qui est la n\u00f4tre,<br>Cette terre de Dieu comme nous l\u2019appelons.<br>Viens au c\u0153ur de nos questions,<br>Viens au c\u0153ur de nos interrogations.<br>Viens aujourd\u2019hui encore bousculer nos habitudes,<br>Ouvrir nos horizons, fleurir nos d\u00e9serts,<br>Pour qu\u2019avec J\u00e9sus, ton Fils qui nous sauve,<br>Nous apportions nous aussi<br>Le salut \u00e0 nos fr\u00e8res les plus humbles,<br>Les plus pauvres.<\/strong><\/p>\n\n\n\n<p class=\"has-text-align-center has-black-color has-text-color has-link-color wp-elements-5609bc80172ea078f6edb65f327a3499\" style=\"font-size:10px\">(extrait du site : <a href=\"http:\/\/www.prier.be\/textes\/PR1894.HTM\">http:\/\/www.prier.be\/textes\/PR1894.HTM<\/a>)<\/p>\n","protected":false},"excerpt":{"rendered":"<p>\u00ab Dans la droiture, marchez sans tr\u00e9bucher vers le jour du Christ \u00bb (Ph 1, 4-6.8-11) Lecture de la lettre de saint Paul ap\u00f4tre aux Philippiens Fr\u00e8res,\u00e0 tout moment, chaque fois que je prie pour vous tous, c\u2019est avec joie &hellip; <a href=\"https:\/\/eglise-catholique-valdorge.fr\/?p=7334\">Lire la suite\u00ad\u00ad<\/a><\/p>\n","protected":false},"author":2,"featured_media":7323,"comment_status":"closed","ping_status":"closed","sticky":false,"template":"","format":"standard","meta":{"kt_blocks_editor_width":"","footnotes":""},"categories":[7],"tags":[11,4,12],"_links":{"self":[{"href":"https:\/\/eglise-catholique-valdorge.fr\/index.php?rest_route=\/wp\/v2\/posts\/7334"}],"collection":[{"href":"https:\/\/eglise-catholique-valdorge.fr\/index.php?rest_route=\/wp\/v2\/posts"}],"about":[{"href":"https:\/\/eglise-catholique-valdorge.fr\/index.php?rest_route=\/wp\/v2\/types\/post"}],"author":[{"embeddable":true,"href":"https:\/\/eglise-catholique-valdorge.fr\/index.php?rest_route=\/wp\/v2\/users\/2"}],"replies":[{"embeddable":true,"href":"https:\/\/eglise-catholique-valdorge.fr\/index.php?rest_route=%2Fwp%2Fv2%2Fcomments&post=7334"}],"version-history":[{"count":4,"href":"https:\/\/eglise-catholique-valdorge.fr\/index.php?rest_route=\/wp\/v2\/posts\/7334\/revisions"}],"predecessor-version":[{"id":7347,"href":"https:\/\/eglise-catholique-valdorge.fr\/index.php?rest_route=\/wp\/v2\/posts\/7334\/revisions\/7347"}],"wp:featuredmedia":[{"embeddable":true,"href":"https:\/\/eglise-catholique-valdorge.fr\/index.php?rest_route=\/wp\/v2\/media\/7323"}],"wp:attachment":[{"href":"https:\/\/eglise-catholique-valdorge.fr\/index.php?rest_route=%2Fwp%2Fv2%2Fmedia&parent=7334"}],"wp:term":[{"taxonomy":"category","embeddable":true,"href":"https:\/\/eglise-catholique-valdorge.fr\/index.php?rest_route=%2Fwp%2Fv2%2Fcategories&post=7334"},{"taxonomy":"post_tag","embeddable":true,"href":"https:\/\/eglise-catholique-valdorge.fr\/index.php?rest_route=%2Fwp%2Fv2%2Ftags&post=7334"}],"curies":[{"name":"wp","href":"https:\/\/api.w.org\/{rel}","templated":true}]}}