{"id":8083,"date":"2025-12-04T12:23:04","date_gmt":"2025-12-04T11:23:04","guid":{"rendered":"https:\/\/eglise-catholique-valdorge.fr\/?p=8083"},"modified":"2025-12-04T13:02:44","modified_gmt":"2025-12-04T12:02:44","slug":"forum-du-secteur","status":"publish","type":"post","link":"https:\/\/eglise-catholique-valdorge.fr\/?p=8083","title":{"rendered":"Forum du Secteur"},"content":{"rendered":"\n<h2 class=\"wp-block-heading has-text-color has-link-color wp-elements-e21dd51b4e77ca536ebbfc0fcf3be3a5\" style=\"color:#b88e24\">Eglise aux mille visages, en secteur, rencontrons nous !<\/h2>\n\n\n\n<p class=\"has-text-align-center has-very-dark-gray-color has-text-color has-link-color has-medium-font-size wp-elements-78f61898f177a087ee9d89f3b19c3bfa\"><strong>Samedi 6 d\u00e9cembre<\/strong><\/p>\n\n\n\n<p class=\"has-text-align-center has-very-dark-gray-color has-text-color has-link-color has-medium-font-size wp-elements-3a5c8e3526c3efbe93a3d980b54d3889\">de<strong> 14 h <\/strong>\u00e0<strong> 17 h<\/strong><\/p>\n\n\n\n<p class=\"has-text-align-center has-very-dark-gray-color has-text-color has-link-color has-medium-font-size wp-elements-fe17ad4e5f5db0ee02d747872fca2238\">au <strong>centre Jean XXIII<\/strong><\/p>\n\n\n\n<p class=\"has-text-align-center has-medium-font-size\"><br><em>Qui es-tu, toi que je ne connais pas ? Faut qu\u2019on se parle.<br><\/em><strong>Eglise aux mille visages, en secteur, rencontrons-nous !<br>On ne fait que se croiser\u2026<\/strong><em><br><\/em>Si l\u2019on se donnait la chance de se conna\u00eetre ?<br>Pas seulement de vue, ni vaguement de nom.<\/p>\n\n\n\n<p class=\"has-text-align-center has-medium-font-size\"><br><strong>Riches de nos diversit\u00e9s, d\u00e9couvrons ce qui nous tient \u00e0 c\u0153ur<br>pour donner ensemble visage au Christ en ce monde.<\/strong><\/p>\n","protected":false},"excerpt":{"rendered":"<p>Eglise aux mille visages, en secteur, rencontrons nous ! Samedi 6 d\u00e9cembre de 14 h \u00e0 17 h au centre Jean XXIII Qui es-tu, toi que je ne connais pas ? Faut qu\u2019on se parle.Eglise aux mille visages, en secteur, &hellip; <a href=\"https:\/\/eglise-catholique-valdorge.fr\/?p=8083\">Lire la suite\u00ad\u00ad<\/a><\/p>\n","protected":false},"author":2,"featured_media":8061,"comment_status":"closed","ping_status":"closed","sticky":false,"template":"","format":"standard","meta":{"kt_blocks_editor_width":"","footnotes":""},"categories":[8],"tags":[],"_links":{"self":[{"href":"https:\/\/eglise-catholique-valdorge.fr\/index.php?rest_route=\/wp\/v2\/posts\/8083"}],"collection":[{"href":"https:\/\/eglise-catholique-valdorge.fr\/index.php?rest_route=\/wp\/v2\/posts"}],"about":[{"href":"https:\/\/eglise-catholique-valdorge.fr\/index.php?rest_route=\/wp\/v2\/types\/post"}],"author":[{"embeddable":true,"href":"https:\/\/eglise-catholique-valdorge.fr\/index.php?rest_route=\/wp\/v2\/users\/2"}],"replies":[{"embeddable":true,"href":"https:\/\/eglise-catholique-valdorge.fr\/index.php?rest_route=%2Fwp%2Fv2%2Fcomments&post=8083"}],"version-history":[{"count":2,"href":"https:\/\/eglise-catholique-valdorge.fr\/index.php?rest_route=\/wp\/v2\/posts\/8083\/revisions"}],"predecessor-version":[{"id":8094,"href":"https:\/\/eglise-catholique-valdorge.fr\/index.php?rest_route=\/wp\/v2\/posts\/8083\/revisions\/8094"}],"wp:featuredmedia":[{"embeddable":true,"href":"https:\/\/eglise-catholique-valdorge.fr\/index.php?rest_route=\/wp\/v2\/media\/8061"}],"wp:attachment":[{"href":"https:\/\/eglise-catholique-valdorge.fr\/index.php?rest_route=%2Fwp%2Fv2%2Fmedia&parent=8083"}],"wp:term":[{"taxonomy":"category","embeddable":true,"href":"https:\/\/eglise-catholique-valdorge.fr\/index.php?rest_route=%2Fwp%2Fv2%2Fcategories&post=8083"},{"taxonomy":"post_tag","embeddable":true,"href":"https:\/\/eglise-catholique-valdorge.fr\/index.php?rest_route=%2Fwp%2Fv2%2Ftags&post=8083"}],"curies":[{"name":"wp","href":"https:\/\/api.w.org\/{rel}","templated":true}]}}