{"id":8161,"date":"2026-03-16T00:01:00","date_gmt":"2026-03-15T23:01:00","guid":{"rendered":"https:\/\/eglise-catholique-valdorge.fr\/?p=8161"},"modified":"2026-03-07T14:50:43","modified_gmt":"2026-03-07T13:50:43","slug":"halte-spirituelle-2","status":"publish","type":"post","link":"https:\/\/eglise-catholique-valdorge.fr\/?p=8161","title":{"rendered":"Halte spirituelle"},"content":{"rendered":"\n<p>Nous passons souvent notre vie \u00e0 faire beaucoup&#8230; parfois jusqu&rsquo;\u00e0 l&rsquo;\u00e9puisement.<br>Et pourtant, au fond de nous demeure une question : suis-je vraiment vivant ?<br>La vie spirituelle n&rsquo;est pas d&rsquo;abord une chose \u00e0 faire en plus, mais une vie \u00e0 accueillir.<\/p>\n\n\n\n<p>Aujourd&rsquo;hui, nous sommes invit\u00e9s \u00e0 parcourir un chemin :<\/p>\n\n\n\n<h1 class=\"wp-block-heading has-text-align-center has-white-color has-text-color has-background has-link-color wp-elements-5d512122bb6d00bb25fd8bfa0a9248a4\" style=\"background-color:#c6ae7a\">\u00catre&#8230; Faire&#8230;. Vivre !<\/h1>\n\n\n\n<h2 class=\"wp-block-heading has-text-align-center\">Unifier notre vie spirituelle<\/h2>\n\n\n\n<p><strong><em>Rendez-vous :<\/em><\/strong><\/p>\n\n\n\n<p class=\"has-text-align-center\"><strong>samedi 21 mars 2026<br>de 9h \u00e0 17h<br>Centre Jean XXIII<\/strong><\/p>\n\n\n\n<figure class=\"wp-block-image size-large\"><img loading=\"lazy\" decoding=\"async\" width=\"722\" height=\"1024\" src=\"https:\/\/eglise-catholique-valdorge.fr\/wp-content\/uploads\/2026\/03\/halte-spi-26-722x1024.png\" alt=\"\" class=\"wp-image-8162\" srcset=\"https:\/\/eglise-catholique-valdorge.fr\/wp-content\/uploads\/2026\/03\/halte-spi-26-722x1024.png 722w, https:\/\/eglise-catholique-valdorge.fr\/wp-content\/uploads\/2026\/03\/halte-spi-26-211x300.png 211w, https:\/\/eglise-catholique-valdorge.fr\/wp-content\/uploads\/2026\/03\/halte-spi-26.png 748w\" sizes=\"(max-width: 722px) 100vw, 722px\" \/><\/figure>\n","protected":false},"excerpt":{"rendered":"<p>Nous passons souvent notre vie \u00e0 faire beaucoup&#8230; parfois jusqu&rsquo;\u00e0 l&rsquo;\u00e9puisement.Et pourtant, au fond de nous demeure une question : suis-je vraiment vivant ?La vie spirituelle n&rsquo;est pas d&rsquo;abord une chose \u00e0 faire en plus, mais une vie \u00e0 accueillir. &hellip; <a href=\"https:\/\/eglise-catholique-valdorge.fr\/?p=8161\">Lire la suite\u00ad\u00ad<\/a><\/p>\n","protected":false},"author":2,"featured_media":8162,"comment_status":"closed","ping_status":"closed","sticky":false,"template":"","format":"standard","meta":{"kt_blocks_editor_width":"","footnotes":""},"categories":[8,51],"tags":[],"_links":{"self":[{"href":"https:\/\/eglise-catholique-valdorge.fr\/index.php?rest_route=\/wp\/v2\/posts\/8161"}],"collection":[{"href":"https:\/\/eglise-catholique-valdorge.fr\/index.php?rest_route=\/wp\/v2\/posts"}],"about":[{"href":"https:\/\/eglise-catholique-valdorge.fr\/index.php?rest_route=\/wp\/v2\/types\/post"}],"author":[{"embeddable":true,"href":"https:\/\/eglise-catholique-valdorge.fr\/index.php?rest_route=\/wp\/v2\/users\/2"}],"replies":[{"embeddable":true,"href":"https:\/\/eglise-catholique-valdorge.fr\/index.php?rest_route=%2Fwp%2Fv2%2Fcomments&post=8161"}],"version-history":[{"count":2,"href":"https:\/\/eglise-catholique-valdorge.fr\/index.php?rest_route=\/wp\/v2\/posts\/8161\/revisions"}],"predecessor-version":[{"id":8164,"href":"https:\/\/eglise-catholique-valdorge.fr\/index.php?rest_route=\/wp\/v2\/posts\/8161\/revisions\/8164"}],"wp:featuredmedia":[{"embeddable":true,"href":"https:\/\/eglise-catholique-valdorge.fr\/index.php?rest_route=\/wp\/v2\/media\/8162"}],"wp:attachment":[{"href":"https:\/\/eglise-catholique-valdorge.fr\/index.php?rest_route=%2Fwp%2Fv2%2Fmedia&parent=8161"}],"wp:term":[{"taxonomy":"category","embeddable":true,"href":"https:\/\/eglise-catholique-valdorge.fr\/index.php?rest_route=%2Fwp%2Fv2%2Fcategories&post=8161"},{"taxonomy":"post_tag","embeddable":true,"href":"https:\/\/eglise-catholique-valdorge.fr\/index.php?rest_route=%2Fwp%2Fv2%2Ftags&post=8161"}],"curies":[{"name":"wp","href":"https:\/\/api.w.org\/{rel}","templated":true}]}}