{"id":8169,"date":"2026-03-14T09:00:00","date_gmt":"2026-03-14T08:00:00","guid":{"rendered":"https:\/\/eglise-catholique-valdorge.fr\/?p=8169"},"modified":"2026-03-07T15:20:09","modified_gmt":"2026-03-07T14:20:09","slug":"quatrieme-dimanche-de-careme-lumiere","status":"publish","type":"post","link":"https:\/\/eglise-catholique-valdorge.fr\/?p=8169","title":{"rendered":"Quatri\u00e8me dimanche de Car\u00eame\u00a0: Lumi\u00e8re"},"content":{"rendered":"\n<h2 class=\"wp-block-heading has-text-align-center has-white-color has-text-color has-background has-link-color has-medium-font-size wp-elements-0428823270679dd799cf5e8d08b68a7d\" style=\"background-color:#8c00af\"><strong>Que les p\u00e8lerins d\u2019esp\u00e9rance deviennent semeurs<br><\/strong>Qu\u2019ils s\u2019\u00e9merveillent de la LUMI\u00c8RE du monde<\/h2>\n\n\n\n<h2 class=\"wp-block-heading has-virtue-primary-color has-text-color has-link-color has-medium-font-size wp-elements-3d5fd9f9464733a6a129112d468b0157\">Lectures<\/h2>\n\n\n\n<ul>\n<li>1 S 16, 1b.6 -7.10-13a<\/li>\n\n\n\n<li>Ps 22, 1 -2ab, 2c -3, 4, 5, 6<\/li>\n\n\n\n<li>Ep 5, 8 -14<\/li>\n\n\n\n<li>Jn 9, 1-41 (ou br\u00e8ve : 9, 1.6 -9.13 -17.34-38)<\/li>\n<\/ul>\n\n\n\n<h1 class=\"wp-block-heading has-text-color has-link-color has-medium-font-size wp-elements-2b808aca02c1439b58b61208b9c607aa\" style=\"color:#ee0000\">Extrait de <em>Dilexi te<\/em><\/h1>\n\n\n\n<p>103. J\u2019ai voulu rappeler cette histoire bimill\u00e9naire d\u2019attention eccl\u00e9siale envers les pauvres et avec les pauvres pour montrer qu\u2019elle fait partie int\u00e9grante du cheminement ininterrompu de l\u2019\u00c9glise. <strong>Le souci des pauvres fait partie de la grande Tradition de l\u2019\u00c9glise comme un phare lumineux qui, \u00e0 partir de l\u2019\u00c9vangile, a \u00e9clair\u00e9 les c\u0153urs et les pas des chr\u00e9tiens de tous les temps. C\u2019est pourquoi nous devons sentir l\u2019urgence d\u2019inviter chacun \u00e0 entrer dans ce fleuve de lumi\u00e8re et de vie qui jaillit de la reconnaissance du Christ dans le visage des n\u00e9cessiteux et des souffrants.<\/strong><\/p>\n\n\n\n<h1 class=\"wp-block-heading has-text-color has-link-color has-medium-font-size wp-elements-3e2ddf0643e3de5dc15d3712df676b19\" style=\"color:#008545\">\u00c9couter l\u2019appel du Seigneur<\/h1>\n\n\n\n<p>\u00ab Si je traverse les ravins de la mort, je ne crains aucun mal, car tu es avec moi : ton b\u00e2ton me guide et me rassure.\u201d\u00a0\u00bb <em>Ps 22,4<\/em><\/p>\n\n\n<div class=\"wp-block-image\">\n<figure class=\"aligncenter size-full is-resized\"><img loading=\"lazy\" decoding=\"async\" width=\"1280\" height=\"853\" src=\"https:\/\/eglise-catholique-valdorge.fr\/wp-content\/uploads\/2026\/03\/Design-sans-titre-4.png\" alt=\"\" class=\"wp-image-8151\" style=\"width:500px\" srcset=\"https:\/\/eglise-catholique-valdorge.fr\/wp-content\/uploads\/2026\/03\/Design-sans-titre-4.png 1280w, https:\/\/eglise-catholique-valdorge.fr\/wp-content\/uploads\/2026\/03\/Design-sans-titre-4-300x200.png 300w, https:\/\/eglise-catholique-valdorge.fr\/wp-content\/uploads\/2026\/03\/Design-sans-titre-4-1024x682.png 1024w, https:\/\/eglise-catholique-valdorge.fr\/wp-content\/uploads\/2026\/03\/Design-sans-titre-4-768x512.png 768w\" sizes=\"(max-width: 1280px) 100vw, 1280px\" \/><\/figure><\/div>\n\n\n<h1 class=\"wp-block-heading has-text-color has-link-color has-medium-font-size wp-elements-61cd11639777b9c5c4b8ed83b767484a\" style=\"color:#c45cc6\">Pri\u00e8re<\/h1>\n\n\n\n<p class=\"has-text-align-center has-medium-font-size\">Seigneur,<br>Nous te confions celles et ceux<br>qui font de la permaculture. Donne-leur la<br>sagesse de coop\u00e9rer avec la vie, la force<br>d\u2019esp\u00e9rer malgr\u00e9 les d\u00e9fis, et la joie de voir<br>grandir, lentement mais s\u00fbrement, les fruits<br>d\u2019une terre plus douce, plus juste, plus fertile.<br>Qu\u2019ils soient des semeurs d\u2019harmonie,<br>des b\u00e2tisseurs de paix avec la nature.<br>Et que leur exemple inspire le monde<br>\u00e0 r\u00e9apprendre la simplicit\u00e9,<br>le soin et la gratitude.<br>Amen.<\/p>\n\n\n\n<div class=\"wp-block-columns is-layout-flex wp-container-core-columns-is-layout-1 wp-block-columns-is-layout-flex\">\n<div class=\"wp-block-column is-layout-flow wp-block-column-is-layout-flow\">\n<h1 class=\"wp-block-heading has-virtue-primary-light-color has-text-color has-link-color has-medium-font-size wp-elements-59def9836401d546775e32ac26b97d6d\">Et moi&nbsp;?<\/h1>\n\n\n\n<p>Qu&rsquo;est-ce qui m&rsquo;a \u00e9merveill\u00e9 cette semaine ? Un paysage, une personne, un geste, une actualit\u00e9 ?<\/p>\n\n\n\n<p>Quel geste puis-je faire moi \u00e0 mon niveau pour r\u00e9pandre la <strong>lumi\u00e8re <\/strong>de Dieu sur le monde\u00a0?<\/p>\n<\/div>\n\n\n\n<div class=\"wp-block-column is-layout-flow wp-block-column-is-layout-flow\">\n<h1 class=\"wp-block-heading has-text-color has-link-color has-medium-font-size wp-elements-5bfeec9df355b6a4bef8e9cd9a87f025\" style=\"color:#fa6400\">Solidaire avec un des partenaires ambassadeurs du CCFD-Terre Solidaire&nbsp;:<\/h1>\n\n\n\n<p>Au Timor-Leste, Permatil promeut la permaculture en formant les paysannes et paysans et en cr\u00e9ant des potagers scolaires dans 242 \u00e9coles.<\/p>\n<\/div>\n<\/div>\n","protected":false},"excerpt":{"rendered":"<p>Que les p\u00e8lerins d\u2019esp\u00e9rance deviennent semeursQu\u2019ils s\u2019\u00e9merveillent de la LUMI\u00c8RE du monde Lectures Extrait de Dilexi te 103. J\u2019ai voulu rappeler cette histoire bimill\u00e9naire d\u2019attention eccl\u00e9siale envers les pauvres et avec les pauvres pour montrer qu\u2019elle fait partie int\u00e9grante du &hellip; <a href=\"https:\/\/eglise-catholique-valdorge.fr\/?p=8169\">Lire la suite\u00ad\u00ad<\/a><\/p>\n","protected":false},"author":2,"featured_media":8126,"comment_status":"closed","ping_status":"closed","sticky":false,"template":"","format":"standard","meta":{"kt_blocks_editor_width":"","footnotes":""},"categories":[8,7],"tags":[15,4],"_links":{"self":[{"href":"https:\/\/eglise-catholique-valdorge.fr\/index.php?rest_route=\/wp\/v2\/posts\/8169"}],"collection":[{"href":"https:\/\/eglise-catholique-valdorge.fr\/index.php?rest_route=\/wp\/v2\/posts"}],"about":[{"href":"https:\/\/eglise-catholique-valdorge.fr\/index.php?rest_route=\/wp\/v2\/types\/post"}],"author":[{"embeddable":true,"href":"https:\/\/eglise-catholique-valdorge.fr\/index.php?rest_route=\/wp\/v2\/users\/2"}],"replies":[{"embeddable":true,"href":"https:\/\/eglise-catholique-valdorge.fr\/index.php?rest_route=%2Fwp%2Fv2%2Fcomments&post=8169"}],"version-history":[{"count":1,"href":"https:\/\/eglise-catholique-valdorge.fr\/index.php?rest_route=\/wp\/v2\/posts\/8169\/revisions"}],"predecessor-version":[{"id":8170,"href":"https:\/\/eglise-catholique-valdorge.fr\/index.php?rest_route=\/wp\/v2\/posts\/8169\/revisions\/8170"}],"wp:featuredmedia":[{"embeddable":true,"href":"https:\/\/eglise-catholique-valdorge.fr\/index.php?rest_route=\/wp\/v2\/media\/8126"}],"wp:attachment":[{"href":"https:\/\/eglise-catholique-valdorge.fr\/index.php?rest_route=%2Fwp%2Fv2%2Fmedia&parent=8169"}],"wp:term":[{"taxonomy":"category","embeddable":true,"href":"https:\/\/eglise-catholique-valdorge.fr\/index.php?rest_route=%2Fwp%2Fv2%2Fcategories&post=8169"},{"taxonomy":"post_tag","embeddable":true,"href":"https:\/\/eglise-catholique-valdorge.fr\/index.php?rest_route=%2Fwp%2Fv2%2Ftags&post=8169"}],"curies":[{"name":"wp","href":"https:\/\/api.w.org\/{rel}","templated":true}]}}